{"id":6169,"date":"2024-01-12T10:58:42","date_gmt":"2024-01-12T13:58:42","guid":{"rendered":"https:\/\/sergiobertoldi.com\/?p=6169"},"modified":"2024-05-03T11:02:50","modified_gmt":"2024-05-03T14:02:50","slug":"o-santos-esta-realizando-uma-grande-reformulacao-em-seu-elenco-para-2024","status":"publish","type":"post","link":"https:\/\/sergiobertoldi.com\/index.php\/2024\/01\/12\/o-santos-esta-realizando-uma-grande-reformulacao-em-seu-elenco-para-2024\/","title":{"rendered":"O Santos est\u00e1 realizando uma grande reformula\u00e7\u00e3o em seu elenco para 2024."},"content":{"rendered":"<p><span style=\"font-family: helvetica, arial, sans-serif; font-size: 14pt;\"><strong><u>Al\u00f4 Na\u00e7\u00e3o Santista! Sauda\u00e7\u00f5es Alvinegras!<\/u><\/strong><strong><u>\u00a0<\/u><\/strong><\/span><\/p>\n<p style=\"text-align: justify;\"><span style=\"font-family: tahoma, arial, helvetica, sans-serif; font-size: 14pt;\">O presidente Marcelo Teixeira realizou uma reestrutura\u00e7\u00e3o no time do Peixe. No total mais de 20 jogadores foram negociados, emprestados ou tiveram seus contratos encerrados durante a atual janela de transfer\u00eancias.<\/span><br \/>\n<span style=\"font-family: tahoma, arial, helvetica, sans-serif; font-size: 14pt;\">Disputar apenas dois torneios, (Campeonato Paulista e Brasileiro da S\u00e9rie B) na temporada toda de 2024, Isso significa menos receita, menos poder de investimento e, consequentemente, mais dificuldades!<\/span><br \/>\n<span style=\"font-family: tahoma, arial, helvetica, sans-serif; font-size: 14pt;\">Justamente por esse motivo, veio a necessidade de enxugar o elenco que vinha muito inchado, com v\u00e1rios jogadores ganhando verdadeiras fortunas por m\u00eas sem mal entrarem em campo!<strong><u>\u00a0<\/u><\/strong><\/span><\/p>\n<p style=\"text-align: justify;\"><span style=\"font-size: 14pt;\"><strong><u>Veja quem saiu do Santos\u00a0<\/u><\/strong><\/span><\/p>\n<ul>\n<li style=\"text-align: justify;\"><span style=\"font-size: 14pt;\"><strong><u>Allanzinho<\/u>: <\/strong><\/span><span style=\"font-family: tahoma, arial, helvetica, sans-serif; font-size: 14pt;\">Ap\u00f3s rescindir contrato com o Alvinegro praiano, Allanzinho ficou livre no mercado e assinou com o <strong>CSM Politehnica Iasi<\/strong>, da <strong>Rom\u00eania<\/strong>.<\/span><\/li>\n<li style=\"text-align: justify;\"><span style=\"font-size: 14pt;\"><strong><u>Jean Lucas<\/u>: <\/strong><span style=\"font-family: tahoma, arial, helvetica, sans-serif;\">De contrata\u00e7\u00e3o com status de elevar o n\u00edvel t\u00e9cnico do Santos, a grande decep\u00e7\u00e3o, vendido em definitivo ao <strong>Bahia<\/strong>, Jean Lucas n\u00e3o far\u00e1 parte do time da Vila Belmiro em 2024.<\/span><\/span><\/li>\n<li style=\"text-align: justify;\"><span style=\"font-size: 14pt;\"><strong><u>Bruno Mezenga<\/u>, <u>Luan dias<\/u> e <u>Gabriel Inoc\u00eancio<\/u>: <\/strong><span style=\"font-family: tahoma, arial, helvetica, sans-serif;\">Ap\u00f3s o fim do Campeonato Paulista em 2023, o Santos recebeu Bruno Mezenga, Luan Dias e Gabriel Inoc\u00eancio por empr\u00e9stimo e os tr\u00eas atletas j\u00e1 foram devolvidos ao <strong>\u00c1gua Santa.<\/strong><\/span><\/span><\/li>\n<li style=\"text-align: justify;\"><span style=\"font-size: 14pt;\"><strong><u>Soteldo<\/u>: <\/strong><span style=\"font-family: tahoma, arial, helvetica, sans-serif;\">O venezuelo Soteldo, n\u00e3o aceitou reduzir o valor do seu sal\u00e1rio, n\u00e3o aceitando se enquadrar na nova politica salarial do Clube, e foi emprestado pelo Peixe ao <strong>Gr\u00eamio Porto-alegrense,<\/strong> com valor de venda fixado.\u00a0<\/span><\/span><\/li>\n<li style=\"text-align: justify;\"><span style=\"font-size: 14pt;\"><strong><u>Dodi<\/u>: <\/strong><span style=\"font-family: tahoma, arial, helvetica, sans-serif;\">Ao contr\u00e1rio do atacante Soteldo, o Tricolor ga\u00facho contratou em definitivo o volante Dodi, tamb\u00e9m do elenco do Alvinegro praiano.\u00a0<\/span><\/span><\/li>\n<li style=\"text-align: justify;\"><span style=\"font-size: 14pt;\"><strong><u>Lucas Braga<\/u>: <\/strong><span style=\"font-family: tahoma, arial, helvetica, sans-serif;\">O Atacante que atuou improvisado na lateral direita em 2023, foi emprestado ao <strong>Shimizu S-Pulse<\/strong>, da segunda divis\u00e3o do Jap\u00e3o, at\u00e9 o fim de 2024, com valor de compra fixado em contrato.<\/span><\/span><\/li>\n<li style=\"text-align: justify;\"><span style=\"font-size: 14pt;\"><strong><u>Marcos Leonardo<\/u>: <\/strong><span style=\"font-family: tahoma, arial, helvetica, sans-serif;\">Destaque das \u00faltimas temporada do Santos, nos anos de 2022 e 2023, foi vendido ao Benfica de Portugal.<\/span><\/span><\/li>\n<li style=\"text-align: justify;\"><span style=\"font-size: 14pt;\"><strong><u>Lucas Barbosa<\/u>: <\/strong><span style=\"font-family: tahoma, arial, helvetica, sans-serif;\">O meia atacante foi emprestado pelo Peixe ao Juventude.<\/span><\/span><\/li>\n<li style=\"text-align: justify;\"><span style=\"font-size: 14pt;\"><strong><u>Jo\u00e3o Lucas<\/u>: <\/strong><span style=\"font-family: tahoma, arial, helvetica, sans-serif;\">O Lateral Direito que no Peixe jamais conseguiu se firmar na posi\u00e7\u00e3o, foi emprestado por uma temporada para o Juventude.<\/span><\/span><\/li>\n<li style=\"text-align: justify;\"><span style=\"font-size: 14pt;\"><strong><u>John<\/u>: <\/strong><span style=\"font-family: tahoma, arial, helvetica, sans-serif;\">O goleiro John refor\u00e7a o <strong>Botafogo<\/strong> ap\u00f3s ser vendido ao clube carioca<\/span>.\u00a0<\/span><\/li>\n<li style=\"text-align: justify;\"><span style=\"font-size: 14pt;\"><strong><u>Gabriel Pirani<\/u>: <\/strong><span style=\"font-family: tahoma, arial, helvetica, sans-serif;\">Atuando na <strong>MLS<\/strong>, emprestado ao <strong>DC United,<\/strong> a equipe norte-americana tinha contrato com o atleta por empr\u00e9stimo at\u00e9 o fim de 2023 e optou por exercer a prefer\u00eancia de compra.<\/span><\/span><\/li>\n<li style=\"text-align: justify;\"><span style=\"font-size: 14pt;\"><strong><u>Vin\u00edcius Zanocelo<\/u><\/strong> <span style=\"font-family: tahoma, arial, helvetica, sans-serif;\">Foi emprestado ao <strong>Estoril<\/strong>, de Portugal. O meio-campista ser\u00e1 cedido at\u00e9 dezembro, com op\u00e7\u00e3o fixa de compra por parte dos lusos.<\/span><\/span><\/li>\n<li style=\"text-align: justify;\"><span style=\"font-size: 14pt;\"><strong><u>Maximiliano Silvera<\/u>: <\/strong><span style=\"font-family: tahoma, arial, helvetica, sans-serif;\">Reserva na temporada de 2023, Max Silvera deixou o Peixe e acertou contrato para defender o Pe\u00f1arol, do Uruguai.<\/span><\/span><\/li>\n<li style=\"text-align: justify;\"><span style=\"font-size: 14pt;\"><strong><u>J\u00fanior Cai\u00e7ara<\/u>:\u00a0<\/strong><span style=\"font-family: tahoma, arial, helvetica, sans-serif;\">O Santos confirmou a dispensa do jogador que n\u00e3o teve seu contrato renovado e assinou com o Santo Andr\u00e9.<\/span><\/span><\/li>\n<li style=\"text-align: justify;\"><span style=\"font-size: 14pt;\"><strong><u>Vladimir<\/u>:\u00a0<\/strong><span style=\"font-family: tahoma, arial, helvetica, sans-serif;\">O Goleiro foi emprestado pelo Peixe ao Guarani de Campinas<\/span><\/span><\/li>\n<li style=\"text-align: justify;\"><span style=\"font-size: 14pt;\"><strong><u>Rodrigo Fernandes<\/u>:\u00a0<\/strong><span style=\"font-family: tahoma, arial, helvetica, sans-serif;\">O Volante foi emprestado pelo Peixe ao <strong>Newell\u2019s Old Boys<\/strong> da Argentina at\u00e9 o fim da temporada, com valor fixado para compra<\/span><\/span><\/li>\n<li style=\"text-align: justify;\"><span style=\"font-size: 14pt;\"><strong><u>J\u00fanior Cai\u00e7ara<\/u>:\u00a0<\/strong><span style=\"font-family: tahoma, arial, helvetica, sans-serif;\">O Santos confirmou a dispensa do jogador que n\u00e3o teve seu contrato renovado e assinou com <strong>o Santo Andr\u00e9<\/strong>.<\/span><\/span><\/li>\n<li style=\"text-align: justify;\"><span style=\"font-size: 14pt;\"><strong><u>Camacho<\/u>:\u00a0<\/strong><span style=\"font-family: tahoma, arial, helvetica, sans-serif;\">O Santos confirmou a dispensa do volante Camacho. O v\u00ednculo com o Peixe terminou no final de 2023 e n\u00e3o foi renovado. O jogador assinou com o <strong>Guarani<\/strong> de Campinas<\/span><\/span><\/li>\n<li style=\"text-align: justify;\"><span style=\"font-size: 14pt;\"><strong><u>Luiz Felipe<\/u>:<\/strong> <span style=\"font-family: tahoma, arial, helvetica, sans-serif;\">Sem espa\u00e7o no elenco, o defensor foi cedido por mais um ano ao <strong>Atl\u00e9tico-GO,<\/strong> clube que j\u00e1 havia defendido na temporada passada.<\/span><\/span><\/li>\n<li style=\"text-align: justify;\"><span style=\"font-size: 14pt;\"><strong><u>Lucas Lima<\/u><\/strong> <span style=\"font-family: tahoma, arial, helvetica, sans-serif;\">O meia de 33 anos foi cedido ao <strong>Sport Club<\/strong> do Recife at\u00e9 o final da S\u00e9rie B do Campeonato Brasileiro de 2024.<\/span><\/span><\/li>\n<li style=\"text-align: justify;\"><span style=\"font-size: 14pt;\"><strong><u>Jo\u00e3o Basso<\/u><\/strong> <span style=\"font-family: tahoma, arial, helvetica, sans-serif;\">O Santos oficializou o empr\u00e9stimo do zagueiro Jo\u00e3o Basso ao Estoril, de Portugal. O jogador de 27 anos ficar\u00e1 cedido at\u00e9 30 de junho de 2024.<\/span><\/span><\/li>\n<li style=\"text-align: justify;\"><span style=\"font-size: 14pt;\"><strong><u>Mendoza<\/u>:<\/strong> <span style=\"font-family: tahoma, arial, helvetica, sans-serif;\">O Santos e o atacante Mendoza chegaram a um acordo amig\u00e1vel para rescis\u00e3o contratual e o jogador j\u00e1 foi liberado para seguir com a sua carreira. Mendoza acertou a transfer\u00eancia sem custos para o <strong>Yukatel Adana Demirspor<\/strong>, da Turquia. O Santos FC ainda det\u00e9m 20% dos direitos econ\u00f4micos para uma futura venda do atacante colombiano.<\/span><\/span><\/li>\n<\/ul>\n<p style=\"text-align: justify;\"><span style=\"font-size: 14pt; font-family: tahoma, arial, helvetica, sans-serif;\">O Santos ainda busca realocar alguns jogadores, que n\u00e3o fazem parte dos planos do clube para 2024, tentando encontrar novos clubes para os atletas <strong>Paulo Mazoti<\/strong>, <strong>Breno<\/strong>, <strong>Derick<\/strong>, <strong>Dod\u00f4<\/strong>, <strong>Cadu<\/strong>, <strong>Pedrinho Scaramussa<\/strong>, <strong>Ed Carlos<\/strong>, <strong>Ivonei,<\/strong> <strong>Vin\u00edcius Balieiro.<\/strong><\/span><\/p>\n<p style=\"text-align: justify;\"><span style=\"font-size: 14pt; font-family: tahoma, arial, helvetica, sans-serif;\">Com as mudan\u00e7as realizadas em seu elenco, o Santos est\u00e1 confiante em obter bons resultados nas competi\u00e7\u00f5es de 2024. Mesmo com a queda para a s\u00e9rie B do Brasileir\u00e3o, o clube tem dado mostras de que n\u00e3o ir\u00e3o faltar determina\u00e7\u00e3o e for\u00e7a para se reerguer e voltar ao lugar de destaque no cen\u00e1rio Nacional, condi\u00e7\u00e3o da qual jamais deveria ter sa\u00eddo!<\/span><br \/>\n<span style=\"font-size: 14pt; font-family: tahoma, arial, helvetica, sans-serif;\">\u00c9 importante ressaltar que a atual reformula\u00e7\u00e3o \u00e9 um dos principais passos do Santos para ter sucesso nesse processo.<\/span><\/p>\n<p style=\"text-align: justify;\"><span style=\"font-size: 14pt; font-family: tahoma, arial, helvetica, sans-serif;\">(Cr\u00e9dito: Imagem: Raul Baretta\/Santos FC)<\/span><br \/>\n<span style=\"font-size: 14pt; font-family: tahoma, arial, helvetica, sans-serif;\">Falamos das coisas do Santos, sempre com a parceria e o apoio dos nossos anunciantes!<\/span><\/p>\n<p style=\"text-align: justify;\">\n","protected":false},"excerpt":{"rendered":"<p>Al\u00f4 Na\u00e7\u00e3o Santista! Sauda\u00e7\u00f5es Alvinegras!\u00a0 O presidente Marcelo Teixeira realizou uma reestrutura\u00e7\u00e3o no time do Peixe. No total mais de<\/p>\n","protected":false},"author":2,"featured_media":6171,"comment_status":"open","ping_status":"open","sticky":false,"template":"","format":"standard","meta":{"colormag_page_container_layout":"default_layout","colormag_page_sidebar_layout":"default_layout","_jetpack_memberships_contains_paid_content":false,"footnotes":""},"categories":[4,10,76,1],"tags":[6],"class_list":["post-6169","post","type-post","status-publish","format-standard","has-post-thumbnail","hentry","category-bastidores-do-santos-fc","category-elenco-profissional","category-jogadores-negociados","category-sem-categoria","tag-santos-fc"],"jetpack_featured_media_url":"https:\/\/i0.wp.com\/sergiobertoldi.com\/wp-content\/uploads\/2024\/05\/santos-apresenta-pacotao-de-reforcos-para-temporada-de-2024-confira-c05482f4-a3ac-4a3a-95d2-f8b145ec4f63.jpg?fit=1280%2C720&ssl=1","jetpack_likes_enabled":true,"jetpack_sharing_enabled":true,"_links":{"self":[{"href":"https:\/\/sergiobertoldi.com\/index.php\/wp-json\/wp\/v2\/posts\/6169","targetHints":{"allow":["GET"]}}],"collection":[{"href":"https:\/\/sergiobertoldi.com\/index.php\/wp-json\/wp\/v2\/posts"}],"about":[{"href":"https:\/\/sergiobertoldi.com\/index.php\/wp-json\/wp\/v2\/types\/post"}],"author":[{"embeddable":true,"href":"https:\/\/sergiobertoldi.com\/index.php\/wp-json\/wp\/v2\/users\/2"}],"replies":[{"embeddable":true,"href":"https:\/\/sergiobertoldi.com\/index.php\/wp-json\/wp\/v2\/comments?post=6169"}],"version-history":[{"count":1,"href":"https:\/\/sergiobertoldi.com\/index.php\/wp-json\/wp\/v2\/posts\/6169\/revisions"}],"predecessor-version":[{"id":6172,"href":"https:\/\/sergiobertoldi.com\/index.php\/wp-json\/wp\/v2\/posts\/6169\/revisions\/6172"}],"wp:featuredmedia":[{"embeddable":true,"href":"https:\/\/sergiobertoldi.com\/index.php\/wp-json\/wp\/v2\/media\/6171"}],"wp:attachment":[{"href":"https:\/\/sergiobertoldi.com\/index.php\/wp-json\/wp\/v2\/media?parent=6169"}],"wp:term":[{"taxonomy":"category","embeddable":true,"href":"https:\/\/sergiobertoldi.com\/index.php\/wp-json\/wp\/v2\/categories?post=6169"},{"taxonomy":"post_tag","embeddable":true,"href":"https:\/\/sergiobertoldi.com\/index.php\/wp-json\/wp\/v2\/tags?post=6169"}],"curies":[{"name":"wp","href":"https:\/\/api.w.org\/{rel}","templated":true}]}}