{"id":6162,"date":"2024-04-22T11:22:39","date_gmt":"2024-04-22T14:22:39","guid":{"rendered":"https:\/\/sergiobertoldi.com\/?p=6162"},"modified":"2024-05-02T23:55:49","modified_gmt":"2024-05-03T02:55:49","slug":"santos-anuncia-a-contratacao-do-lateral-direito-rodrigo-ferreira-destaque-do-mirassol","status":"publish","type":"post","link":"https:\/\/sergiobertoldi.com\/index.php\/2024\/04\/22\/santos-anuncia-a-contratacao-do-lateral-direito-rodrigo-ferreira-destaque-do-mirassol\/","title":{"rendered":"Santos anuncia a contrata\u00e7\u00e3o do lateral-direito Rodrigo Ferreira destaque do Mirassol"},"content":{"rendered":"<p><span style=\"font-family: helvetica, arial, sans-serif; font-size: 14pt;\"><strong><u>Al\u00f4 Na\u00e7\u00e3o Santista! Sauda\u00e7\u00f5es Alvinegras!<\/u><\/strong><strong><u>\u00a0<\/u><\/strong><\/span><\/p>\n<p><span style=\"font-family: tahoma, arial, helvetica, sans-serif; font-size: 14pt;\">A janela de transfer\u00eancias do futebol brasileiro est\u00e1 chegando ao fim, mas o\u00a0<strong>Santos<\/strong>\u00a0segue se movimentando no mercado. Nesta ter\u00e7a-feira, o Peixe anunciou a contrata\u00e7\u00e3o do lateral direito <strong>Rodrigo Ferreira<\/strong>, que estava no <strong>Mirassol<\/strong>.<br \/>\nO defensor assinou v\u00ednculo em definitivo at\u00e9 o fim de <strong>2026<\/strong>, com op\u00e7\u00e3o de renova\u00e7\u00e3o por mais uma temporada.<\/span><\/p>\n<p><span style=\"font-family: tahoma, arial, helvetica, sans-serif; font-size: 14pt;\">Um dos destaques do <strong>Paulist\u00e3o-2024<\/strong>, Rodrigo Ferreira \u00e9 o novo refor\u00e7o do Peix\u00e3o para a temporada\u201d, escreveu o Santos nas redes sociais.<br \/>\n<\/span><span style=\"font-family: tahoma, arial, helvetica, sans-serif; font-size: 14pt;\">Suas atua\u00e7\u00f5es impressionantes com a camisa do Mirassol chamaram a aten\u00e7\u00e3o do Santos, que agiu rapidamente para avan\u00e7ar com a negocia\u00e7\u00e3o.<\/span><\/p>\n<p><span style=\"font-family: tahoma, arial, helvetica, sans-serif; font-size: 14pt;\">Rodrigo Ferreira iniciou a carreira no <strong>Tabo\u00e3o da Serra<\/strong> e acumula passagens por diversos clubes brasileiros, como <strong>Gr\u00eamio<\/strong>, <strong>Cuiab\u00e1<\/strong>, <strong>Ituano<\/strong>, <strong>Guarani<\/strong>, <strong>Mogi Mirim<\/strong>, <strong>Marc\u00edlio Dias<\/strong> e <strong>Botafogo-SP<\/strong>. Foi na \u00faltima temporada que se transferiu para o Mirassol, clube no qual come\u00e7ou a se destacar.<\/span><\/p>\n<p><span style=\"font-family: tahoma, arial, helvetica, sans-serif; font-size: 14pt;\">No time do interior paulista, o lateral direito passou a ser titular rapidamente e, com isso, tornou-se um dos principais atletas da equipe. Na atual edi\u00e7\u00e3o do\u00a0<strong>Campeonato Paulista<\/strong>, o jogador esteve em campo em <strong>10 partidas<\/strong>, tendo contribu\u00eddo com <strong>dois gols<\/strong> e uma <strong>assist\u00eancia<\/strong>.<\/span><\/p>\n<blockquote><p><span style=\"font-family: tahoma, arial, helvetica, sans-serif; font-size: 14pt;\">Com 29 anos, acumulei uma ampla gama de experi\u00eancias no futebol brasileiro, exceto na S\u00e9rie A. Esta ser\u00e1 a minha quarta vez na S\u00e9rie B. Tenho a experi\u00eancia necess\u00e1ria para competir nessa liga, compreender as din\u00e2micas dos jogos e ajudar o clube e meus colegas a alcan\u00e7ar nosso objetivo de acesso, afirmou o jogador que veste a camisa 29.<\/span><\/p>\n<p><span style=\"font-family: tahoma, arial, helvetica, sans-serif; font-size: 14pt;\">Me considero um lateral muito equilibrado, bom na arte defensiva e ofensivo no momento que \u00e9 necess\u00e1rio. Sabendo do DNA ofensivo do Santos, a gente tem que participar bastante da parte ofensiva. Isso vai da forma com que o jogo pede. Mas hoje me denomino como um lateral muito equilibrado, detalhou.<\/span><\/p><\/blockquote>\n<p><span style=\"font-family: tahoma, arial, helvetica, sans-serif; font-size: 14pt;\">O lateral chega ao Santos para brigar pela posi\u00e7\u00e3o com outros dois rec\u00e9m-chegados ao clube: <strong>Aderlan <\/strong>e <strong>Hayner<\/strong>. Os dois defensores tamb\u00e9m foram contratados pela equipe para a disputa do Paulist\u00e3o e da S\u00e9rie B do Campeonato Brasileiro.<\/span><\/p>\n<p><span style=\"font-size: 14pt;\"><strong><u>Acompanhe a Coletiva de apresenta\u00e7\u00e3o do Jogador<\/u><\/strong><\/span><\/p>\n<div class=\"jetpack-video-wrapper\"><iframe loading=\"lazy\" title=\"RODRIGO FERREIRA | APRESENTA\u00c7\u00c3O (22\/04\/24)\" width=\"800\" height=\"450\" src=\"https:\/\/www.youtube.com\/embed\/wd-ge81psCg?feature=oembed\" frameborder=\"0\" allow=\"accelerometer; autoplay; clipboard-write; encrypted-media; gyroscope; picture-in-picture; web-share\" referrerpolicy=\"strict-origin-when-cross-origin\" allowfullscreen><\/iframe><\/div>\n<p><span style=\"font-family: tahoma, arial, helvetica, sans-serif; font-size: 14pt;\">(Cr\u00e9dito: Imagem: Raul Baretta\/Santos FC)<\/span><br \/>\n<span style=\"font-family: tahoma, arial, helvetica, sans-serif; font-size: 14pt;\">(Cr\u00e9dito: Imagem: SantosTV\/Divulga\u00e7\u00e3o\/Santos FC)<\/span><\/p>\n<p><span style=\"font-family: tahoma, arial, helvetica, sans-serif; font-size: 14pt;\">Falamos das coisas do Santos, sempre com a parceria e o apoio dos nossos anunciantes!<\/span><\/p>\n<p>&nbsp;<\/p>\n<p>&nbsp;<\/p>\n","protected":false},"excerpt":{"rendered":"<p>Al\u00f4 Na\u00e7\u00e3o Santista! Sauda\u00e7\u00f5es Alvinegras!\u00a0 A janela de transfer\u00eancias do futebol brasileiro est\u00e1 chegando ao fim, mas o\u00a0Santos\u00a0segue se movimentando<\/p>\n","protected":false},"author":2,"featured_media":6167,"comment_status":"open","ping_status":"open","sticky":false,"template":"","format":"standard","meta":{"colormag_page_container_layout":"default_layout","colormag_page_sidebar_layout":"default_layout","_jetpack_memberships_contains_paid_content":false,"footnotes":""},"categories":[68,4,30],"tags":[6],"class_list":["post-6162","post","type-post","status-publish","format-standard","has-post-thumbnail","hentry","category-apresentacao-oficial","category-bastidores-do-santos-fc","category-contratacoes","tag-santos-fc"],"jetpack_featured_media_url":"https:\/\/i0.wp.com\/sergiobertoldi.com\/wp-content\/uploads\/2024\/04\/53670815247_bcfc2d051d_z.jpg?fit=640%2C512&ssl=1","jetpack_likes_enabled":true,"jetpack_sharing_enabled":true,"_links":{"self":[{"href":"https:\/\/sergiobertoldi.com\/index.php\/wp-json\/wp\/v2\/posts\/6162","targetHints":{"allow":["GET"]}}],"collection":[{"href":"https:\/\/sergiobertoldi.com\/index.php\/wp-json\/wp\/v2\/posts"}],"about":[{"href":"https:\/\/sergiobertoldi.com\/index.php\/wp-json\/wp\/v2\/types\/post"}],"author":[{"embeddable":true,"href":"https:\/\/sergiobertoldi.com\/index.php\/wp-json\/wp\/v2\/users\/2"}],"replies":[{"embeddable":true,"href":"https:\/\/sergiobertoldi.com\/index.php\/wp-json\/wp\/v2\/comments?post=6162"}],"version-history":[{"count":3,"href":"https:\/\/sergiobertoldi.com\/index.php\/wp-json\/wp\/v2\/posts\/6162\/revisions"}],"predecessor-version":[{"id":6165,"href":"https:\/\/sergiobertoldi.com\/index.php\/wp-json\/wp\/v2\/posts\/6162\/revisions\/6165"}],"wp:featuredmedia":[{"embeddable":true,"href":"https:\/\/sergiobertoldi.com\/index.php\/wp-json\/wp\/v2\/media\/6167"}],"wp:attachment":[{"href":"https:\/\/sergiobertoldi.com\/index.php\/wp-json\/wp\/v2\/media?parent=6162"}],"wp:term":[{"taxonomy":"category","embeddable":true,"href":"https:\/\/sergiobertoldi.com\/index.php\/wp-json\/wp\/v2\/categories?post=6162"},{"taxonomy":"post_tag","embeddable":true,"href":"https:\/\/sergiobertoldi.com\/index.php\/wp-json\/wp\/v2\/tags?post=6162"}],"curies":[{"name":"wp","href":"https:\/\/api.w.org\/{rel}","templated":true}]}}