{"id":6158,"date":"2024-04-27T21:58:44","date_gmt":"2024-04-28T00:58:44","guid":{"rendered":"https:\/\/sergiobertoldi.com\/?p=6158"},"modified":"2024-05-03T00:03:56","modified_gmt":"2024-05-03T03:03:56","slug":"santos-conquista-vitoria-contra-o-avai-fora-de-casa-e-assume-a-lideranca-da-serie-b-do-brasileirao","status":"publish","type":"post","link":"https:\/\/sergiobertoldi.com\/index.php\/2024\/04\/27\/santos-conquista-vitoria-contra-o-avai-fora-de-casa-e-assume-a-lideranca-da-serie-b-do-brasileirao\/","title":{"rendered":"Santos conquista vit\u00f3ria contra o Ava\u00ed fora de casa e assume a lideran\u00e7a da S\u00e9rie B do Brasileir\u00e3o"},"content":{"rendered":"<p style=\"text-align: justify;\"><span style=\"font-family: helvetica, arial, sans-serif; font-size: 14pt;\"><strong><u>Al\u00f4 Na\u00e7\u00e3o Santista! Sauda\u00e7\u00f5es Alvinegras!<\/u><\/strong><\/span><\/p>\n<p style=\"text-align: justify;\"><span style=\"font-family: tahoma, arial, helvetica, sans-serif; font-size: 14pt;\">Na \u00faltima sexta-feira, jogando fora de casa em Florian\u00f3polis Santa Catarina, o Santos venceu o Ava\u00ed por 2 a 0, em partida v\u00e1lida pela segunda rodada do Campeonato Brasileiro Na S\u00e9rie B.<\/span><br \/>\n<span style=\"font-family: tahoma, arial, helvetica, sans-serif; font-size: 14pt;\">Com gols marcados por <strong>JP Chermont<\/strong> e <strong>Julio Furch<\/strong>, o Santos manteve um bom desempenho com <strong>100%<\/strong> de aproveitamento.<\/span><br \/>\n<span style=\"font-family: tahoma, arial, helvetica, sans-serif; font-size: 14pt;\">Ap\u00f3s o resultado, o Alvinegro Praiano subiu temporariamente para a lideran\u00e7a da Segunda Divis\u00e3o, com seis pontos, empatado com <strong>Sport<\/strong> e <strong>Oper\u00e1rio-PR<\/strong>, que ficam atr\u00e1s no saldo de gols.<\/span><\/p>\n<p style=\"text-align: justify;\"><span style=\"font-family: tahoma, arial, helvetica, sans-serif; font-size: 14pt;\">Mesmo jogando fora de casa, o Santos come\u00e7ou a partida atacando e mostrando uma postura mais agressiva, buscando o gol desde o in\u00edcio.<\/span><br \/>\n<span style=\"font-family: tahoma, arial, helvetica, sans-serif; font-size: 14pt;\">Com apenas oito minutos, o atacante Guilherme cobrou escanteio e Gil cabeceou, mas o goleiro Igor Bohn fez uma boa defesa.<\/span><br \/>\n<span style=\"font-family: tahoma, arial, helvetica, sans-serif; font-size: 14pt;\">Em seguida, Otero aproveitou a sobra de outro escanteio e obrigou o goleiro a fazer mais uma boa defesa.<\/span><br \/>\n<span style=\"font-family: tahoma, arial, helvetica, sans-serif; font-size: 14pt;\">Aos 14 minutos, o Ava\u00ed respondeu com um chute de Willian Pottker, mas o goleiro do Santos voou para buscar a bola no \u00e2ngulo.<\/span><\/p>\n<p style=\"text-align: justify;\"><span style=\"font-family: tahoma, arial, helvetica, sans-serif; font-size: 14pt;\">Aos 30 minutos, Jo\u00e3o Schmidt pegou a sobra ap\u00f3s boa troca de passes e concluiu por cima. No segundo tempo, o Santos marcou o primeiro gol aos 12 minutos com JP Chermont. Aos 33 minutos, Guilherme cruzou na medida para Furch ampliar o placar dando a segunda vit\u00f3ria seguida do Peixe na s\u00e9rie B do Brasileir\u00e3o-2024<\/span><\/p>\n<p><span style=\"text-decoration: underline;\"><span style=\"font-size: 14pt;\"><strong>FICHA T\u00c9CNICA<\/strong><\/span><\/span><br \/>\n<span style=\"font-size: 14pt;\"><strong><span style=\"text-decoration: underline;\">AVA\u00cd<\/span> <span style=\"font-family: 'times new roman', times, serif;\">0<\/span> X <span style=\"font-family: 'times new roman', times, serif;\">2<\/span> <span style=\"text-decoration: underline;\">SANTOS<\/span><\/strong><\/span><br \/>\n<span style=\"font-size: 14pt;\"><strong>Local:<\/strong>\u00a0Ressacada, em Florian\u00f3polis (SC)<\/span><br \/>\n<span style=\"font-size: 14pt;\"><strong>Data:<\/strong>\u00a0<span style=\"font-family: 'times new roman', times, serif;\">26<\/span> de abril de <span style=\"font-family: 'times new roman', times, serif;\">2024<\/span>, sexta-feira<\/span><br \/>\n<span style=\"font-size: 14pt;\"><strong>Hor\u00e1rio:<\/strong>\u00a0<span style=\"font-family: 'times new roman', times, serif;\">20<\/span> horas (de Bras\u00edlia)<\/span><br \/>\n<span style=\"font-size: 14pt;\"><strong>\u00c1rbitro:<\/strong>\u00a0Lucas Paulo Torezin<\/span><br \/>\n<span style=\"font-size: 14pt;\"><strong>Assistentes:<\/strong>\u00a0Rafael Trombeta e Lucas Costa Modesto<\/span><br \/>\n<span style=\"font-size: 14pt;\"><strong>VAR:<\/strong>\u00a0Marco Aurelio Augusto Fazekas Ferreira<\/span><br \/>\n<span style=\"font-size: 14pt;\"><strong>Cart\u00f5es <span style=\"background-color: #ffff00;\">amarelos:<\/span><\/strong>\u00a0M\u00e1rio S\u00e9rgio (Ava\u00ed)<\/span><br \/>\n<span style=\"font-size: 14pt;\"><strong>Cart\u00f5es <span style=\"background-color: #ffff00;\">amarelos<\/span>:<\/strong> JP Chermont (Santos)<\/span><br \/>\n<span style=\"font-size: 14pt;\"><strong>GOLS:<\/strong>\u00a0JP Chermont, aos <span style=\"font-family: 'times new roman', times, serif;\">12<\/span> do <span style=\"font-family: 'times new roman', times, serif;\">2<\/span>\u00baT, e Furch, aos<span style=\"font-family: 'times new roman', times, serif;\"> 33<\/span> do <span style=\"font-family: 'times new roman', times, serif;\">2<\/span>\u00baT (Santos)<\/span><\/p>\n<p><span style=\"font-size: 14pt;\"><strong>AVA\u00cd:<\/strong>\u00a0Igor Bohn, Tiago (Roberto), Alan Costa e M\u00e1rio S\u00e9rgio; Judson (Willian Maranh\u00e3o), Pedro Castro, Giovanni (Pedrinho) e Jo\u00e3o Paulo (Jean Lucas); Pottker (Garcez) e Poveda. <strong>T\u00e9cnico:<\/strong>\u00a0Eduardo Barroca<\/span><\/p>\n<p><span style=\"font-size: 14pt;\"><strong>SANTOS:<\/strong>\u00a0Jo\u00e3o Paulo; JP Chermont (Rodrigo Ferreira), Gil (Alex Nascimento), Joaquim e Escobar; Jo\u00e3o Schmidt, Diego Pituca e Giuliano (Rinc\u00f3n); Otero (Weslley Patati), Morelos (Furch) e Guilherme. <strong>T\u00e9cnico:<\/strong>\u00a0F\u00e1bio Carille<\/span><\/p>\n<p><img data-recalc-dims=\"1\" loading=\"lazy\" decoding=\"async\" class=\"size-full wp-image-5917 alignleft\" src=\"https:\/\/i0.wp.com\/sergiobertoldi.com\/wp-content\/uploads\/2024\/01\/Bola-Cheia-copia-150x60-1.png?resize=150%2C60&#038;ssl=1\" alt=\"\" width=\"150\" height=\"60\" \/><\/p>\n<p><strong><span style=\"text-decoration: underline;\"><span style=\"font-size: 14pt;\">JP Chermont &#8211;<\/span><\/span><\/strong> <span style=\"font-family: tahoma, arial, helvetica, sans-serif; font-size: 14pt;\">A cada partida que passa, o jovem lateral direito revelado nas categorias de base do Santos, vai se firmando no time principal do peixe, tendo uma \u00f3tima atua\u00e7\u00e3o e marcando o primeiro gol do Santos.<\/span><\/p>\n<p><strong><img data-recalc-dims=\"1\" loading=\"lazy\" decoding=\"async\" class=\"size-full wp-image-5918 alignleft\" src=\"https:\/\/i0.wp.com\/sergiobertoldi.com\/wp-content\/uploads\/2024\/01\/Bola-Murcha-Copia-150x60-1.png?resize=150%2C60&#038;ssl=1\" alt=\"\" width=\"150\" height=\"60\" \/> <span style=\"text-decoration: underline;\"><span style=\"font-size: 14pt;\">Diego Pituca &#8211; <\/span><\/span><\/strong><span style=\"font-family: tahoma, arial, helvetica, sans-serif; font-size: 14pt;\">Ao volante Santista n\u00e3o falta dedica\u00e7\u00e3o nem transpira\u00e7\u00e3o! Por\u00e9m para um jogador que pode por sua qualidade t\u00e9cnica, ser protagonista na arma\u00e7\u00e3o do meio campo, Pituca se contenta em ser apenas um mero coadjuvante!<\/span><\/p>\n<p><span style=\"font-size: 14pt;\"><strong><u>PITACOS DO BERTOLDI<\/u><\/strong><\/span><\/p>\n<p style=\"text-align: justify;\"><span style=\"font-family: tahoma, arial, helvetica, sans-serif; font-size: 14pt;\">O Santos venceu o Ava\u00ed por 2 a 0, jogando fora de casa, isso apesar do desempenho no gramado da Ressacada n\u00e3o ter empolgado os torcedores alvinegros! Embora o futebol n\u00e3o tenha sido aquele de encher os olhos, os tr\u00eas pontos conquistados foram de extrema import\u00e2ncia, especialmente por se tratar de um jogo fora de casa.<\/span><\/p>\n<p style=\"text-align: justify;\"><span style=\"font-family: tahoma, arial, helvetica, sans-serif; font-size: 14pt;\">O time mostrou uma certa melhora ofensiva em rela\u00e7\u00e3o \u00e0 vit\u00f3ria por 2 a 0 sobre o Paysandu, na Vila Belmiro, mas ainda enfrenta alguns problemas, principalmente quando precisa propor o jogo!<br \/>\n<\/span><span style=\"font-family: tahoma, arial, helvetica, sans-serif; font-size: 14pt;\">No in\u00edcio do jogo, a equipe estava desorganizada em campo. Os jogadores enfrentaram dificuldades para iniciar as jogadas defensivas e tiveram problemas para criar oportunidades de gol. Giuliano teve um desempenho discreto e Otero, outro jogador com habilidade para criar jogadas ofensivas, teve pouca precis\u00e3o.<\/span><\/p>\n<p style=\"text-align: justify;\"><span style=\"font-family: tahoma, arial, helvetica, sans-serif; font-size: 14pt;\">Por outro lado, o time aumentou o n\u00famero de chutes a gol, arriscando mais contra o time advers\u00e1rio e isso deu resultado. JP Chermont, que j\u00e1 havia tentado marcar no primeiro tempo, n\u00e3o hesitou em arriscar um chute com o p\u00e9 esquerdo e teve sorte ao marcar o primeiro gol em Florian\u00f3polis.<\/span><\/p>\n<p style=\"text-align: justify;\"><span style=\"font-family: tahoma, arial, helvetica, sans-serif; font-size: 14pt;\">Ap\u00f3s o gol, o Santos mostrou momentos de desorganiza\u00e7\u00e3o e esteve perto de sofrer um gol de empate. Foi a\u00ed que Gil apareceu para salvar a equipe Alvinegra, que ap\u00f3s passar por momentos dif\u00edceis, finalizou o jogo com uma bela jogada de Guilherme, que serviu J\u00falio Furch que sempre bem colocado dentro da pequena \u00e1rea, mandou a pelota para as redes advers\u00e1rias<\/span><\/p>\n<p><span style=\"font-size: 14pt;\"><strong><u>Confira os gols do Santos<\/u><\/strong><\/span><\/p>\n<div class=\"jetpack-video-wrapper\"><iframe loading=\"lazy\" title=\"AVA\u00cd 0 X 2 SANTOS | GOLS  BRASILEIR\u00c3O S\u00c9RIE B (26\/04\/24)\" width=\"800\" height=\"450\" src=\"https:\/\/www.youtube.com\/embed\/tZwZCcIFPEE?feature=oembed\" frameborder=\"0\" allow=\"accelerometer; autoplay; clipboard-write; encrypted-media; gyroscope; picture-in-picture; web-share\" referrerpolicy=\"strict-origin-when-cross-origin\" allowfullscreen><\/iframe><\/div>\n<p><span style=\"font-size: 14pt;\"><strong><u>Confira os Bastidores da Partida<\/u><\/strong><\/span><\/p>\n<div class=\"jetpack-video-wrapper\"><iframe loading=\"lazy\" title=\"AVA\u00cd 0 X 2 SANTOS | BASTIDORES | BRASILEIR\u00c3O S\u00c9RIE B (26\/04\/24)\" width=\"800\" height=\"450\" src=\"https:\/\/www.youtube.com\/embed\/c01VbbZKW5A?feature=oembed\" frameborder=\"0\" allow=\"accelerometer; autoplay; clipboard-write; encrypted-media; gyroscope; picture-in-picture; web-share\" referrerpolicy=\"strict-origin-when-cross-origin\" allowfullscreen><\/iframe><\/div>\n<p><span style=\"font-size: 14pt;\"><strong><u>Acompanhe a Coletiva do T\u00e9cnico F\u00e1bio Carille<\/u><\/strong><\/span><\/p>\n<div class=\"jetpack-video-wrapper\"><iframe loading=\"lazy\" title=\"F\u00c1BIO CARILLE | COLETIVA (20\/04\/24)\" width=\"800\" height=\"450\" src=\"https:\/\/www.youtube.com\/embed\/nxQfIHLZ3hY?start=737&#038;feature=oembed\" frameborder=\"0\" allow=\"accelerometer; autoplay; clipboard-write; encrypted-media; gyroscope; picture-in-picture; web-share\" referrerpolicy=\"strict-origin-when-cross-origin\" allowfullscreen><\/iframe><\/div>\n<p><span style=\"font-family: tahoma, arial, helvetica, sans-serif; font-size: 14pt;\">(Cr\u00e9dito: Imagem: Raul Baretta\/Santos FC)<br \/>\n<\/span><span style=\"font-family: tahoma, arial, helvetica, sans-serif; font-size: 14pt;\">(Cr\u00e9dito: Imagem: SantosTV\/Divulga\u00e7\u00e3o\/Santos FC)<\/span><\/p>\n<p><span style=\"font-family: tahoma, arial, helvetica, sans-serif; font-size: 14pt;\">Falamos das coisas do Santos, sempre com a parceria e o apoio dos nossos anunciantes!<\/span><\/p>\n<p>&nbsp;<\/p>\n","protected":false},"excerpt":{"rendered":"<p>Al\u00f4 Na\u00e7\u00e3o Santista! Sauda\u00e7\u00f5es Alvinegras! Na \u00faltima sexta-feira, jogando fora de casa em Florian\u00f3polis Santa Catarina, o Santos venceu o<\/p>\n","protected":false},"author":2,"featured_media":6159,"comment_status":"open","ping_status":"open","sticky":false,"template":"","format":"standard","meta":{"colormag_page_container_layout":"default_layout","colormag_page_sidebar_layout":"default_layout","_jetpack_memberships_contains_paid_content":false,"footnotes":""},"categories":[12,4,78,16],"tags":[6],"class_list":["post-6158","post","type-post","status-publish","format-standard","has-post-thumbnail","hentry","category-analise-e-comentario","category-bastidores-do-santos-fc","category-brasileiro-da-serie-b","category-resenha-do-jogo","tag-santos-fc"],"jetpack_featured_media_url":"https:\/\/i0.wp.com\/sergiobertoldi.com\/wp-content\/uploads\/2024\/05\/image.jpg?fit=1024%2C640&ssl=1","jetpack_likes_enabled":true,"jetpack_sharing_enabled":true,"_links":{"self":[{"href":"https:\/\/sergiobertoldi.com\/index.php\/wp-json\/wp\/v2\/posts\/6158","targetHints":{"allow":["GET"]}}],"collection":[{"href":"https:\/\/sergiobertoldi.com\/index.php\/wp-json\/wp\/v2\/posts"}],"about":[{"href":"https:\/\/sergiobertoldi.com\/index.php\/wp-json\/wp\/v2\/types\/post"}],"author":[{"embeddable":true,"href":"https:\/\/sergiobertoldi.com\/index.php\/wp-json\/wp\/v2\/users\/2"}],"replies":[{"embeddable":true,"href":"https:\/\/sergiobertoldi.com\/index.php\/wp-json\/wp\/v2\/comments?post=6158"}],"version-history":[{"count":3,"href":"https:\/\/sergiobertoldi.com\/index.php\/wp-json\/wp\/v2\/posts\/6158\/revisions"}],"predecessor-version":[{"id":6168,"href":"https:\/\/sergiobertoldi.com\/index.php\/wp-json\/wp\/v2\/posts\/6158\/revisions\/6168"}],"wp:featuredmedia":[{"embeddable":true,"href":"https:\/\/sergiobertoldi.com\/index.php\/wp-json\/wp\/v2\/media\/6159"}],"wp:attachment":[{"href":"https:\/\/sergiobertoldi.com\/index.php\/wp-json\/wp\/v2\/media?parent=6158"}],"wp:term":[{"taxonomy":"category","embeddable":true,"href":"https:\/\/sergiobertoldi.com\/index.php\/wp-json\/wp\/v2\/categories?post=6158"},{"taxonomy":"post_tag","embeddable":true,"href":"https:\/\/sergiobertoldi.com\/index.php\/wp-json\/wp\/v2\/tags?post=6158"}],"curies":[{"name":"wp","href":"https:\/\/api.w.org\/{rel}","templated":true}]}}