{"id":6120,"date":"2024-04-19T11:00:53","date_gmt":"2024-04-19T14:00:53","guid":{"rendered":"https:\/\/sergiobertoldi.com\/?p=6120"},"modified":"2024-04-24T02:03:16","modified_gmt":"2024-04-24T05:03:16","slug":"aposentada-ate-o-final-do-ano-camisa-10-do-santos-foi-guardada-em-uma-capsula-do-tempo","status":"publish","type":"post","link":"https:\/\/sergiobertoldi.com\/index.php\/2024\/04\/19\/aposentada-ate-o-final-do-ano-camisa-10-do-santos-foi-guardada-em-uma-capsula-do-tempo\/","title":{"rendered":"Aposentada at\u00e9 o final do ano, camisa 10 do Santos foi guardada em uma \u201cCapsula do Tempo\u201d"},"content":{"rendered":"<p style=\"text-align: justify;\"><span style=\"font-family: helvetica, arial, sans-serif; font-size: 14pt;\"><strong><u>Al\u00f4 Na\u00e7\u00e3o Santista! Sauda\u00e7\u00f5es Alvinegras!<\/u><\/strong><\/span><\/p>\n<p style=\"text-align: justify;\"><span style=\"font-family: tahoma, arial, helvetica, sans-serif; font-size: 14pt;\">Na manh\u00e3 desta sexta-feira (19), o presidente Marcelo Teixeira cumpriu uma promessa feita por ele mesmo logo ap\u00f3s sua elei\u00e7\u00e3o, e antes da estreia do Santos Futebol Clube no Campeonato Brasileiro da S\u00e9rie B, em um gesto simb\u00f3lico, o presidente Santista formalizou a decis\u00e3o de aposentar a \u201c<strong>Camisa 10<\/strong>\u201d at\u00e9 que o time conquiste seu retorno \u00e0 <strong>S\u00e9rie A<\/strong>, divis\u00e3o de elite do Futebol Brasileiro, lugar de onde nunca deveria ter sa\u00eddo.<\/span><\/p>\n<p style=\"text-align: justify;\"><span style=\"font-family: tahoma, arial, helvetica, sans-serif; font-size: 14pt;\">Com o intuito homenagear o Rei Pel\u00e9, considerado o maior jogador de todos os tempos, atleta que transformou a <strong>camisa 10<\/strong> em um s\u00edmbolo de excel\u00eancia nos campos de futebol, a lend\u00e1ria 10 do Santos ser\u00e1 guardada em uma esp\u00e9cie de \u201c<strong>Capsula do Tempo<\/strong>\u201d<br \/>\n<\/span><span style=\"font-family: tahoma, arial, helvetica, sans-serif; font-size: 14pt;\">Marcelo Teixeira e os jogadores do Santos, participaram de uma cerim\u00f4nia que marcou momentaneamente, a retirada da &#8220;Camisa 10&#8221; dos jogos do clube, e a cria\u00e7\u00e3o de uma c\u00e1psula do tempo onde ficar\u00e1 guardada.<\/span><\/p>\n<p style=\"text-align: justify;\"><img data-recalc-dims=\"1\" loading=\"lazy\" decoding=\"async\" class=\"aligncenter wp-image-6122 size-full\" src=\"https:\/\/i0.wp.com\/sergiobertoldi.com\/wp-content\/uploads\/2024\/04\/Marcelo-Teixeira.jpg?resize=640%2C512&#038;ssl=1\" alt=\"\" width=\"640\" height=\"512\" srcset=\"https:\/\/i0.wp.com\/sergiobertoldi.com\/wp-content\/uploads\/2024\/04\/Marcelo-Teixeira.jpg?w=640&amp;ssl=1 640w, https:\/\/i0.wp.com\/sergiobertoldi.com\/wp-content\/uploads\/2024\/04\/Marcelo-Teixeira.jpg?resize=300%2C240&amp;ssl=1 300w\" sizes=\"auto, (max-width: 640px) 100vw, 640px\" \/><br \/>\n<span style=\"font-family: tahoma, arial, helvetica, sans-serif; font-size: 14pt;\">A camisa 10 foi cuidadosamente depositada em um arm\u00e1rio do vesti\u00e1rio n\u00famero 01 da Vila Belmiro, um espa\u00e7o ao lado do emblem\u00e1tico arm\u00e1rio do Rei Pel\u00e9, arm\u00e1rio especialmente confeccionado com uma porta de vidro para que o n\u00famero 10 fique vis\u00edvel para todos!<br \/>\nOs atletas tamb\u00e9m guardaram cartas que escreveram, contendo mensagens sobre suas expectativas para este ano, cartas que todos desejam abrir em um futuro bem pr\u00f3ximo!<\/span><\/p>\n<p><img data-recalc-dims=\"1\" loading=\"lazy\" decoding=\"async\" class=\"aligncenter wp-image-6123 size-full\" src=\"https:\/\/i0.wp.com\/sergiobertoldi.com\/wp-content\/uploads\/2024\/04\/53664925971_3b165eb986_z.jpg?resize=512%2C640&#038;ssl=1\" alt=\"\" width=\"512\" height=\"640\" srcset=\"https:\/\/i0.wp.com\/sergiobertoldi.com\/wp-content\/uploads\/2024\/04\/53664925971_3b165eb986_z.jpg?w=512&amp;ssl=1 512w, https:\/\/i0.wp.com\/sergiobertoldi.com\/wp-content\/uploads\/2024\/04\/53664925971_3b165eb986_z.jpg?resize=240%2C300&amp;ssl=1 240w\" sizes=\"auto, (max-width: 512px) 100vw, 512px\" \/><\/p>\n<p style=\"text-align: justify;\"><span style=\"text-decoration: underline; font-size: 14pt;\"><strong>Junto aos jogadores e \u00e0 comiss\u00e3o t\u00e9cnica, Marcelo Teixeira explicou a iniciativa:<\/strong><\/span><\/p>\n<blockquote>\n<p style=\"text-align: justify;\"><span style=\"font-size: 14pt;\">Este \u00e9 um ato hist\u00f3rico para qualquer clube, especialmente para o Santos que teve tantos camisas 10, incluindo o maior de todos os tempos! Como amanh\u00e3 estamos iniciando essa nova jornada, hoje vamos guardar a camisa 10, mas esperamos que ela permane\u00e7a muito pouco no arm\u00e1rio.<br \/>\nNo momento certo, quando Deus quiser e n\u00f3s fizermos por merecer, esperamos estar aqui novamente, neste local sagrado de trabalho, retirando essa camisa para que possa ser usada mais uma vez&#8221;, disse.<\/span><\/p>\n<\/blockquote>\n<p style=\"text-align: justify;\"><span style=\"font-family: tahoma, arial, helvetica, sans-serif; font-size: 14pt;\">No entanto, no <strong>Paulist\u00e3o 2024<\/strong>, a Lend\u00e1ria Camisa 10 foi usada normalmente e passou pelas m\u00e3os de cinco jogadores diferentes, j\u00e1 que o clube n\u00e3o teve uma numera\u00e7\u00e3o fixa.<\/span><br \/>\n<span style=\"font-family: tahoma, arial, helvetica, sans-serif; font-size: 14pt;\">O primeiro a utiliz\u00e1-la foi <strong>Giuliano<\/strong>. O meia, que chegou como um dos principais refor\u00e7os para a temporada, teve a oportunidade de vestir a camisa 10 em cinco partidas. No entanto, quem mais a utilizou foi <strong>Juan Cazares<\/strong>, em sete compromissos.<\/span><br \/>\n<span style=\"font-family: tahoma, arial, helvetica, sans-serif; font-size: 14pt;\">Al\u00e9m deles, <strong>Otero<\/strong> (duas vezes), <strong>Nonato <\/strong>(uma vez) e <strong>Willian Bigode<\/strong> (uma vez), tamb\u00e9m utilizaram o hist\u00f3rico n\u00famero de Pel\u00e9.<\/span><\/p>\n<p><span style=\"text-decoration: underline;\"><strong><span style=\"font-size: 14pt;\">Bastidores da\u00a0 <span style=\"font-family: tahoma, arial, helvetica, sans-serif;\">cerim\u00f4nia que marcou a cria\u00e7\u00e3o de uma c\u00e1psula do tempo.<\/span>\u00a0<\/span><\/strong><\/span><\/p>\n<div class=\"jetpack-video-wrapper\"><iframe loading=\"lazy\" title=\"SANTOS FC CRIA C\u00c1PSULA DO TEMPO PARA CAMISA 10\" width=\"800\" height=\"450\" src=\"https:\/\/www.youtube.com\/embed\/OHHexiOoEOU?feature=oembed\" frameborder=\"0\" allow=\"accelerometer; autoplay; clipboard-write; encrypted-media; gyroscope; picture-in-picture; web-share\" referrerpolicy=\"strict-origin-when-cross-origin\" allowfullscreen><\/iframe><\/div>\n<p style=\"text-align: justify;\"><span style=\"font-family: tahoma, arial, helvetica, sans-serif; font-size: 14pt;\">(Cr\u00e9dito: Imagem: Raul Baretta\/Santos FC)<\/span><br \/>\n<span style=\"font-family: tahoma, arial, helvetica, sans-serif; font-size: 14pt;\">(Cr\u00e9dito: Imagem: SantosTV\/Divulga\u00e7\u00e3o\/Santos FC)<\/span><\/p>\n<p style=\"text-align: justify;\"><span style=\"font-family: tahoma, arial, helvetica, sans-serif; font-size: 14pt;\">Falamos das coisas do Santos, sempre com a parceria e o apoio dos nossos anunciantes!<\/span><\/p>\n<p>&nbsp;<\/p>\n","protected":false},"excerpt":{"rendered":"<p>Al\u00f4 Na\u00e7\u00e3o Santista! Sauda\u00e7\u00f5es Alvinegras! Na manh\u00e3 desta sexta-feira (19), o presidente Marcelo Teixeira cumpriu uma promessa feita por ele<\/p>\n","protected":false},"author":2,"featured_media":6121,"comment_status":"open","ping_status":"open","sticky":false,"template":"","format":"standard","meta":{"colormag_page_container_layout":"default_layout","colormag_page_sidebar_layout":"default_layout","_jetpack_memberships_contains_paid_content":false,"footnotes":""},"categories":[4,19,74],"tags":[6],"class_list":["post-6120","post","type-post","status-publish","format-standard","has-post-thumbnail","hentry","category-bastidores-do-santos-fc","category-homenagem-a-historia","category-projetos-especiais","tag-santos-fc"],"jetpack_featured_media_url":"https:\/\/i0.wp.com\/sergiobertoldi.com\/wp-content\/uploads\/2024\/04\/Marcelo-1.jpg?fit=512%2C640&ssl=1","jetpack_likes_enabled":true,"jetpack_sharing_enabled":true,"_links":{"self":[{"href":"https:\/\/sergiobertoldi.com\/index.php\/wp-json\/wp\/v2\/posts\/6120","targetHints":{"allow":["GET"]}}],"collection":[{"href":"https:\/\/sergiobertoldi.com\/index.php\/wp-json\/wp\/v2\/posts"}],"about":[{"href":"https:\/\/sergiobertoldi.com\/index.php\/wp-json\/wp\/v2\/types\/post"}],"author":[{"embeddable":true,"href":"https:\/\/sergiobertoldi.com\/index.php\/wp-json\/wp\/v2\/users\/2"}],"replies":[{"embeddable":true,"href":"https:\/\/sergiobertoldi.com\/index.php\/wp-json\/wp\/v2\/comments?post=6120"}],"version-history":[{"count":4,"href":"https:\/\/sergiobertoldi.com\/index.php\/wp-json\/wp\/v2\/posts\/6120\/revisions"}],"predecessor-version":[{"id":6127,"href":"https:\/\/sergiobertoldi.com\/index.php\/wp-json\/wp\/v2\/posts\/6120\/revisions\/6127"}],"wp:featuredmedia":[{"embeddable":true,"href":"https:\/\/sergiobertoldi.com\/index.php\/wp-json\/wp\/v2\/media\/6121"}],"wp:attachment":[{"href":"https:\/\/sergiobertoldi.com\/index.php\/wp-json\/wp\/v2\/media?parent=6120"}],"wp:term":[{"taxonomy":"category","embeddable":true,"href":"https:\/\/sergiobertoldi.com\/index.php\/wp-json\/wp\/v2\/categories?post=6120"},{"taxonomy":"post_tag","embeddable":true,"href":"https:\/\/sergiobertoldi.com\/index.php\/wp-json\/wp\/v2\/tags?post=6120"}],"curies":[{"name":"wp","href":"https:\/\/api.w.org\/{rel}","templated":true}]}}