{"id":6081,"date":"2024-04-08T09:00:14","date_gmt":"2024-04-08T12:00:14","guid":{"rendered":"https:\/\/sergiobertoldi.com\/?p=6081"},"modified":"2024-04-17T01:53:51","modified_gmt":"2024-04-17T04:53:51","slug":"no-allianz-parque-santos-nao-consegue-segurar-o-palmeiras-e-fica-com-o-vice-campeonato-paulista","status":"publish","type":"post","link":"https:\/\/sergiobertoldi.com\/index.php\/2024\/04\/08\/no-allianz-parque-santos-nao-consegue-segurar-o-palmeiras-e-fica-com-o-vice-campeonato-paulista\/","title":{"rendered":"No Allianz Parque Santos n\u00e3o consegue segurar o Palmeiras e fica com o vice Campeonato Paulista"},"content":{"rendered":"<p style=\"text-align: justify;\"><span style=\"font-family: helvetica, arial, sans-serif; font-size: 14pt;\"><strong><u>Al\u00f4 Na\u00e7\u00e3o Santista! Sauda\u00e7\u00f5es Alvinegras!<\/u><\/strong><\/span><\/p>\n<p style=\"text-align: justify;\"><span style=\"font-family: tahoma, arial, helvetica, sans-serif; font-size: 14pt;\">O Palmeiras venceu o Santos por 2 a 0 no Allianz Parque, no jogo de volta da grande final do Campeonato Paulista de 2024, conquistando assim o t\u00edtulo Estadual. Os gols da partida foram marcados por <strong>Raphael Veiga<\/strong> e <strong>An\u00edbal Moreno<\/strong>.<\/span><br \/>\n<span style=\"font-family: tahoma, arial, helvetica, sans-serif; font-size: 14pt;\"> No jogo de ida, o Santos havia vencido por 1 a 0, resultando em um placar agregado de 2 a 1 para o Palmeiras.<\/span><br \/>\n<span style=\"font-family: tahoma, arial, helvetica, sans-serif; font-size: 14pt;\">Com essa vit\u00f3ria, o Alviverde alcan\u00e7a seu <strong>26\u00ba<\/strong> t\u00edtulo do <strong>Campeonato Paulista<\/strong>, tornando-se o segundo clube com mais t\u00edtulos, atr\u00e1s apenas do Corinthians, que possui <strong>30<\/strong>. Enquanto isso, o Santos segue com <strong>23<\/strong> t\u00edtulos.<\/span><\/p>\n<p style=\"text-align: justify;\"><span style=\"font-family: tahoma, arial, helvetica, sans-serif; font-size: 14pt;\">Como havia vencido a primeira partida pelo placar de 1 a 0, o Santos tinha a vantagem de jogar por um empate na segunda partida para conquistar o t\u00edtulo estadual depois de oito anos. J\u00e1 o Palmeiras precisava vencer por um gol de diferen\u00e7a para levar a disputa para os p\u00eanaltis ou por dois gols para ser campe\u00e3o no tempo normal. Os donos da casa valeram-se de dois erros da equipe Santista e conseguiram o resultado necess\u00e1rio durante os 90 minutos.<\/span><\/p>\n<p style=\"text-align: justify;\"><span style=\"font-family: tahoma, arial, helvetica, sans-serif; font-size: 14pt;\">O Palmeiras mostrou sua for\u00e7a diante de sua torcida e pressionou o Santos como era mesmo esperado que acontecesse, porem \u00e9 bom ressaltar que o Santos n\u00e3o se acovardou, n\u00e3o se apequenou jogando apenas para se defender e segurar a vantagem do empate! Pelo Contr\u00e1rio: O Alvinegro de Vila Belmiro buscou o gol e jogou contra os donos da casa, como deve ser: Um Cl\u00e1ssico a altura de sua hist\u00f3ria!<\/span><br \/>\n<span style=\"font-family: tahoma, arial, helvetica, sans-serif; font-size: 14pt;\">Apesar da derrota, o presidente Marcelo Teixeira expressou seu orgulho pela atua\u00e7\u00e3o da equipe.<\/span><br \/>\n<span style=\"font-family: tahoma, arial, helvetica, sans-serif; font-size: 14pt;\">Na opini\u00e3o do presidente, o Santos jogou bem contra um advers\u00e1rio dif\u00edcil e est\u00e1 no caminho certo em meio a um processo de reformula\u00e7\u00e3o.<\/span><\/p>\n<blockquote><p><span style=\"font-size: 14pt;\">\u201cAlcan\u00e7amos dois objetivos importantes da temporada: a vaga da Copa do Brasil e a decis\u00e3o do Paulista. Todos querem ganhar, mas o resultado \u00e9 em detalhes: em uma decis\u00e3o fomos bem nos jogos, mas pecamos em lances capitais. Alcan\u00e7ar o vice-campeonato nas circunst\u00e2ncias que tivemos, vir a s\u00e3o Paulo e jogar de igual para igual, tivemos chances de gols e grande parte da partida a torcida deles sentiu que est\u00e1vamos bem. A equipe est\u00e1 em um caminho de reconstru\u00e7\u00e3o e no caminho certo. Temos agora o terceiro objetivo. O elenco foi formado de forma r\u00e1pida, mas eficiente, bem assertiva&#8221;, disse.<\/span><\/p><\/blockquote>\n<p><span style=\"font-family: tahoma, arial, helvetica, sans-serif; font-size: 14pt;\">O Presidente do Santos ressaltou a import\u00e2ncia da campanha realizada ao longo da competi\u00e7\u00e3o, algo que resgatou a verdadeira imagem do Santos!<\/span><\/p>\n<blockquote><p><span style=\"font-size: 14pt;\">&#8220;O santista precisava desse resgate, onde voc\u00ea volta a dar confian\u00e7a, volta a ter o seu devido local, que \u00e9 a disputa de campeonatos. O santista teve a chance de mostrar a sua camisa para o Brasil e Mundo. Deixamos para tr\u00e1s equipes muito fortes, todas queriam estar onde o Santos est\u00e1. Quer\u00edamos o t\u00edtulo, mas o Santos caiu de p\u00e9. O Santos lutou e vamos continuar essa briga. N\u00e3o vamos nos contentar apenas com essa decis\u00e3o. Queremos colocar o Santos no seu devido lugar e, para isso, queremos contar com esse apoio, que \u00e9 impressionante. Os torcedores est\u00e3o ao lado do clube. \u00c9 uma reconstru\u00e7\u00e3o dura e dif\u00edcil, mas estamos indo em uma dire\u00e7\u00e3o firme e forte. hoje o santista mais comemorar do que lamenta\u201d, completou.<\/span><\/p><\/blockquote>\n<p style=\"text-align: justify;\"><span style=\"font-family: tahoma, arial, helvetica, sans-serif; font-size: 14pt;\">Por fim, Marcelo Teixeira tamb\u00e9m falou sobre as pol\u00eamicas de arbitragem da final do Paulist\u00e3o. O presidente elogiou Raphael Claus, mas questionou o VAR.<\/span><\/p>\n<blockquote><p><span style=\"font-size: 14pt;\">\u201cO trio de arbitragem foi muito bem, conduziu bem. O detalhe \u00e9 a decis\u00e3o do VAR. \u00c9 estranho, pois quando o VAR chama, o pr\u00f3prio Claus d\u00e1 sinal de seguir o jogo. O Jo\u00e3o Paulo quase bateu o tiro de meta. A\u00ed o VAR chama de novo. Mas n\u00e3o vamos detalhar algum poss\u00edvel erro. N\u00e3o vi erro do Claus. Ele conduziu bem o jogo. S\u00e3o talvez detalhes que possam ocorrer, como a bola rolando. O VAR poderia ter revisto a quest\u00e3o da bola rolando. Eu fui ao vesti\u00e1rio deles e os cumprimentei&#8221;, finalizou.<\/span><\/p><\/blockquote>\n<p style=\"text-align: justify;\"><span style=\"font-family: tahoma, arial, helvetica, sans-serif; font-size: 14pt;\">O Santos volta as suas aten\u00e7\u00f5es agora para a S\u00e9rie B do Campeonato Brasileiro. O time estreia no torneio no final de semana dos dias 20 e 21, contra o Paysandu, na Vila Belmiro. A CBF ainda n\u00e3o detalhou a rodada.<\/span><\/p>\n<p style=\"text-align: justify;\"><span style=\"font-size: 14pt;\"><strong><span style=\"text-decoration: underline;\">FICHA T\u00c9CNICA<\/span><\/strong><\/span><br \/>\n<span style=\"font-size: 14pt;\"><strong><span style=\"text-decoration: underline;\">PALMEIRAS <span style=\"font-family: arial, helvetica, sans-serif;\">2<\/span> X <span style=\"font-family: arial, helvetica, sans-serif;\">0<\/span> SANTOS<\/span><\/strong><\/span><\/p>\n<p style=\"text-align: justify;\"><span style=\"font-size: 14pt;\"><strong>Local:<\/strong> Allianz Parque, em S\u00e3o Paulo (SP)<\/span><br \/>\n<span style=\"font-size: 14pt;\"><strong>Data:<\/strong> <span style=\"font-family: arial, helvetica, sans-serif;\">7<\/span> de abril de <span style=\"font-family: arial, helvetica, sans-serif;\">2024<\/span> (domingo)<\/span><br \/>\n<span style=\"font-size: 14pt;\"><strong>Hora:<\/strong> <span style=\"font-family: arial, helvetica, sans-serif;\">18<\/span> horas (de Bras\u00edlia)<\/span><br \/>\n<span style=\"font-size: 14pt;\"><strong>\u00c1rbitro:<\/strong> Raphael Claus<\/span><br \/>\n<span style=\"font-size: 14pt;\"><strong>Assistentes:<\/strong> Danilo Ricardo Simon Manis e Neuza Ines Back<\/span><br \/>\n<span style=\"font-size: 14pt;\"><strong>VAR:<\/strong> Rodrigo Guarizo Ferreira do Amaral<\/span><br \/>\n<span style=\"font-size: 14pt;\"><strong>Cart\u00f5es <span style=\"background-color: #ffff00;\">amarelos<\/span>:<\/strong> Abel Ferreira, Endrick, Z\u00e9 Rafael, Mayke (Palmeiras)<\/span><br \/>\n<span style=\"font-size: 14pt;\"><strong>Cart\u00f5es <span style=\"background-color: #ffff00;\">amarelos<\/span>:<\/strong> Aderlan, Gil, Morelos (Santos)<\/span><br \/>\n<span style=\"font-size: 14pt;\">Gols: Raphael Veiga, aos <span style=\"font-family: arial, helvetica, sans-serif;\">32<\/span> do <span style=\"font-family: arial, helvetica, sans-serif;\">1<\/span>\u00baT, e An\u00edbal Moreno, aos <span style=\"font-family: arial, helvetica, sans-serif;\">22<\/span> do <span style=\"font-family: arial, helvetica, sans-serif;\">2<\/span>\u00baT (Palmeiras)<\/span><\/p>\n<p style=\"text-align: justify;\"><span style=\"font-size: 14pt;\"><strong><u>PALMEIRAS<\/u><\/strong>: Weverton; Mayke, Gustavo G\u00f3mez (Luan), Murilo e Piquerez; An\u00edbal Moreno, Z\u00e9 Rafael (Richard Rios) e Raphael Veiga; L\u00e1zaro (Luis Guilherme), Endrick (Marcos Rocha) e Flaco L\u00f3pez (Rony)\u00a0T\u00e9cnico: <strong>Abel Ferreira<\/strong><\/span><\/p>\n<p style=\"text-align: justify;\"><span style=\"font-size: 14pt;\"><strong><u>SANTOS<\/u><\/strong>: Jo\u00e3o Paulo; Aderlan (JP Chermont), Gil, Joaquim e Felipe Jonatan (Hayner); Jo\u00e3o Schmidt, Diego Pituca (Weslley Patati) e Giuliano; Otero (Pedrinho), Guilherme e Morelos (Furch).\u00a0T\u00e9cnico: <strong>F\u00e1bio Carille<\/strong><\/span><\/p>\n<p style=\"text-align: justify;\"><img data-recalc-dims=\"1\" loading=\"lazy\" decoding=\"async\" class=\"size-full wp-image-5917 alignleft\" src=\"https:\/\/i0.wp.com\/sergiobertoldi.com\/wp-content\/uploads\/2024\/01\/Bola-Cheia-copia-150x60-1.png?resize=150%2C60&#038;ssl=1\" alt=\"\" width=\"150\" height=\"60\" \/>\u00a0<span style=\"font-size: 14pt;\"><span style=\"text-decoration: underline;\"><strong>Gil<\/strong><\/span> mais uma vez fez um jogo seguro, o Xerife da zaga Santista!<\/span><\/p>\n<p>&nbsp;<\/p>\n<p style=\"text-align: justify;\">\n<p style=\"text-align: justify;\"><img data-recalc-dims=\"1\" loading=\"lazy\" decoding=\"async\" class=\"size-full wp-image-5918 alignleft\" src=\"https:\/\/i0.wp.com\/sergiobertoldi.com\/wp-content\/uploads\/2024\/01\/Bola-Murcha-Copia-150x60-1.png?resize=150%2C60&#038;ssl=1\" alt=\"\" width=\"150\" height=\"60\" \/>\u00a0<span style=\"font-size: 14pt;\"><strong>Jo\u00e3o Paulo<\/strong> e <strong>Felipe Jonatan<\/strong>. O goleiro Jo\u00e3o Paulo falhou no lance do p\u00eanalti ao demorar para sair do gol e ainda se atrapalhou todo com o lateral esquerdo que conseguiu perder a bola para o atacante Endrick, que estava atento e cavou uma penalidade em um lance praticamente morto!<\/span><\/p>\n<p style=\"text-align: justify;\"><span style=\"font-size: 14pt;\"><strong><u>PITACOS DO BERTOLDI<\/u><\/strong><\/span><\/p>\n<p style=\"text-align: justify;\"><span style=\"font-family: tahoma, arial, helvetica, sans-serif; font-size: 14pt;\">Pois \u00e9! N\u00e3o deu! Lutamos bravamente mas n\u00e3o deu para trazer para casa o t\u00edtulo de Campe\u00e3o Paulista de 2024!<\/span><\/p>\n<p style=\"text-align: justify;\"><span style=\"font-family: tahoma, arial, helvetica, sans-serif; font-size: 14pt;\">De qualquer forma, o Santos fez uma campanha incr\u00edvel, chegando \u00e0 final do Campeonato Paulista, quando em janeiro no in\u00edcio da temporada, ningu\u00e9m esperava que isso fosse poss\u00edvel.<\/span><br \/>\n<span style=\"font-family: tahoma, arial, helvetica, sans-serif; font-size: 14pt;\">O Santos fez uma campanha espetacular, ficando atr\u00e1s apenas do Palmeiras, sabidamente um dos clubes mais bem estruturados do futebol Brasileiro, cujo poderio financeiro o coloca em um patamar, acima dos demais clubes!<\/span><\/p>\n<p style=\"text-align: justify;\"><span style=\"font-family: tahoma, arial, helvetica, sans-serif; font-size: 14pt;\">A diferen\u00e7a \u00e9 que nunca estivemos t\u00e3o verdadeiramente perto de supera-los, como desta vez! \u00c9 ineg\u00e1vel que j\u00e1 enfrentamos o Palmeiras, em condi\u00e7\u00f5es totalmente desfavor\u00e1veis, cujas perspectivas de vit\u00f3ria eram tipo 90% para eles e somente 10% para n\u00f3s, tal a diferen\u00e7a t\u00e9cnica que existia entre as duas equipes!<\/span><br \/>\n<span style=\"font-family: tahoma, arial, helvetica, sans-serif; font-size: 14pt;\">Chegamos mesmo at\u00e9 bem pouco tempo, a nem sermos mais considerados pelos Palmeirenses, como um advers\u00e1rio de n\u00edvel &#8220;Cl\u00e1ssico&#8221;\u00a0Diziam que jogar contra o Santos, havia se transformado no mesmo que jogar contra um Novorizontino!<\/span><\/p>\n<p style=\"text-align: justify;\"><span style=\"font-family: tahoma, arial, helvetica, sans-serif; font-size: 14pt;\">\u00a0Mas ontem! Ontem n\u00e3o! Ontem entramos em campo no Allianz Parque, com o Palmeiras voltando a nos considerar como um &#8220;CL\u00c1SSICO&#8221; Nunca nos \u00faltimos anos, entramos em campo para enfrentar o Palmeiras, t\u00e3o pr\u00f3ximos de jogar de igual para igual com eles! Detalhes definiram o resultado dessa final.<\/span><br \/>\n<span style=\"font-family: tahoma, arial, helvetica, sans-serif; font-size: 14pt;\">N\u00e3o vi sinceramente, o Palmeiras dominando o Santos, passando como um trator sobre n\u00f3s! Pelo contr\u00e1rio: Fomos n\u00f3s quem demos de bandeja, os dois gols da vit\u00f3ria do Palmeiras!<\/span><br \/>\n<span style=\"font-family: tahoma, arial, helvetica, sans-serif; font-size: 14pt;\">Depois de ontem, eu fico com a certeza de que estamos cada vez mais pr\u00f3ximos, de colocar um fim nessa &#8220;Freguesia&#8221;<\/span><\/p>\n<p style=\"text-align: justify;\"><span style=\"font-size: 14pt;\"><strong><u>Acompanhe a Coletiva do T\u00e9cnico F\u00e1bio Carille<\/u><\/strong><\/span><\/p>\n<div class=\"jetpack-video-wrapper\"><iframe loading=\"lazy\" title=\"F\u00c1BIO CARILLE E MARCELO TEIXEIRA | COLETIVA (07\/04\/24)\" width=\"800\" height=\"450\" src=\"https:\/\/www.youtube.com\/embed\/n5FrxOAQWSs?feature=oembed\" frameborder=\"0\" allow=\"accelerometer; autoplay; clipboard-write; encrypted-media; gyroscope; picture-in-picture; web-share\" referrerpolicy=\"strict-origin-when-cross-origin\" allowfullscreen><\/iframe><\/div>\n<p style=\"text-align: justify;\"><span style=\"font-size: 14pt;\"><strong><u>Nos vesti\u00e1rios junto aos jogadores e Comiss\u00e3o T\u00e9cnica Marcelo Teixeira enaltece a campanha do time<\/u><\/strong><\/span><\/p>\n<div class=\"jetpack-video-wrapper\"><iframe loading=\"lazy\" title=\"EMOCIONANTE! TEIXEIRA FALA NO VESTI\u00c1RIO DO SANTOS AP\u00d3S PAULIST\u00c3O | &quot;VAMOS CHECAR LONGE&quot;\" width=\"800\" height=\"450\" src=\"https:\/\/www.youtube.com\/embed\/FvvIiSfrcro?feature=oembed\" frameborder=\"0\" allow=\"accelerometer; autoplay; clipboard-write; encrypted-media; gyroscope; picture-in-picture; web-share\" referrerpolicy=\"strict-origin-when-cross-origin\" allowfullscreen><\/iframe><\/div>\n<p style=\"text-align: justify;\"><span style=\"font-family: tahoma, arial, helvetica, sans-serif; font-size: 14pt;\">(Cr\u00e9dito: Imagem: Raul Baretta\/Santos FC)<\/span><br \/>\n<span style=\"font-family: tahoma, arial, helvetica, sans-serif; font-size: 14pt;\">(Cr\u00e9dito: Imagem: SantosTV\/Divulga\u00e7\u00e3o\/Santos FC)<\/span><\/p>\n<p style=\"text-align: justify;\"><span style=\"font-family: tahoma, arial, helvetica, sans-serif; font-size: 14pt;\">Falamos das coisas do Santos, sempre com a parceria e o apoio dos nossos anunciantes!<\/span><\/p>\n<p>&nbsp;<\/p>\n<p>&nbsp;<\/p>\n","protected":false},"excerpt":{"rendered":"<p>Al\u00f4 Na\u00e7\u00e3o Santista! Sauda\u00e7\u00f5es Alvinegras! O Palmeiras venceu o Santos por 2 a 0 no Allianz Parque, no jogo de<\/p>\n","protected":false},"author":2,"featured_media":6086,"comment_status":"open","ping_status":"open","sticky":false,"template":"","format":"standard","meta":{"colormag_page_container_layout":"default_layout","colormag_page_sidebar_layout":"default_layout","_jetpack_memberships_contains_paid_content":false,"footnotes":""},"categories":[12,4,25,10],"tags":[6],"class_list":["post-6081","post","type-post","status-publish","format-standard","has-post-thumbnail","hentry","category-analise-e-comentario","category-bastidores-do-santos-fc","category-campeonato-paulista","category-elenco-profissional","tag-santos-fc"],"jetpack_featured_media_url":"https:\/\/i0.wp.com\/sergiobertoldi.com\/wp-content\/uploads\/2024\/04\/53638997161_988613e51f_z.jpg?fit=640%2C512&ssl=1","jetpack_likes_enabled":true,"jetpack_sharing_enabled":true,"_links":{"self":[{"href":"https:\/\/sergiobertoldi.com\/index.php\/wp-json\/wp\/v2\/posts\/6081","targetHints":{"allow":["GET"]}}],"collection":[{"href":"https:\/\/sergiobertoldi.com\/index.php\/wp-json\/wp\/v2\/posts"}],"about":[{"href":"https:\/\/sergiobertoldi.com\/index.php\/wp-json\/wp\/v2\/types\/post"}],"author":[{"embeddable":true,"href":"https:\/\/sergiobertoldi.com\/index.php\/wp-json\/wp\/v2\/users\/2"}],"replies":[{"embeddable":true,"href":"https:\/\/sergiobertoldi.com\/index.php\/wp-json\/wp\/v2\/comments?post=6081"}],"version-history":[{"count":5,"href":"https:\/\/sergiobertoldi.com\/index.php\/wp-json\/wp\/v2\/posts\/6081\/revisions"}],"predecessor-version":[{"id":6087,"href":"https:\/\/sergiobertoldi.com\/index.php\/wp-json\/wp\/v2\/posts\/6081\/revisions\/6087"}],"wp:featuredmedia":[{"embeddable":true,"href":"https:\/\/sergiobertoldi.com\/index.php\/wp-json\/wp\/v2\/media\/6086"}],"wp:attachment":[{"href":"https:\/\/sergiobertoldi.com\/index.php\/wp-json\/wp\/v2\/media?parent=6081"}],"wp:term":[{"taxonomy":"category","embeddable":true,"href":"https:\/\/sergiobertoldi.com\/index.php\/wp-json\/wp\/v2\/categories?post=6081"},{"taxonomy":"post_tag","embeddable":true,"href":"https:\/\/sergiobertoldi.com\/index.php\/wp-json\/wp\/v2\/tags?post=6081"}],"curies":[{"name":"wp","href":"https:\/\/api.w.org\/{rel}","templated":true}]}}