{"id":6040,"date":"2024-03-11T16:00:57","date_gmt":"2024-03-11T19:00:57","guid":{"rendered":"https:\/\/sergiobertoldi.com\/?p=6040"},"modified":"2024-03-15T09:56:53","modified_gmt":"2024-03-15T12:56:53","slug":"federacao-paulista-de-futebol-define-confrontos-das-quartas-de-finais-do-paulistao-2024","status":"publish","type":"post","link":"https:\/\/sergiobertoldi.com\/index.php\/2024\/03\/11\/federacao-paulista-de-futebol-define-confrontos-das-quartas-de-finais-do-paulistao-2024\/","title":{"rendered":"Federa\u00e7\u00e3o Paulista de Futebol define confrontos das quartas de finais do Paulist\u00e3o 2024"},"content":{"rendered":"<p><span style=\"font-family: helvetica, arial, sans-serif; font-size: 14pt;\"><strong><u>Al\u00f4 Na\u00e7\u00e3o Santista! Sauda\u00e7\u00f5es Alvinegras!<\/u><\/strong><\/span><\/p>\n<p><span style=\"font-family: tahoma, arial, helvetica, sans-serif; font-size: 14pt;\">Um conselho t\u00e9cnico realizado na sede da Federa\u00e7\u00e3o Paulista de Futebol, que contou com representantes dos oito times classificados na primeira fase do Paulist\u00e3o 2024, definiu nesta segunda-feira (<strong>11<\/strong>), as datas e os hor\u00e1rios dos confrontos das quartas de finais do Paulist\u00e3o 2024.<\/span><\/p>\n<p><span style=\"font-family: tahoma, arial, helvetica, sans-serif; font-size: 14pt;\"><strong>Palmeiras<\/strong>, <strong>Santos<\/strong>, <strong>S\u00e3o Paulo<\/strong>, <strong>Red Bull Bragantino<\/strong>, <strong>Ponte Preta<\/strong>, <strong>Portuguesa<\/strong>, <strong>Inter de Limeira<\/strong> e <strong>Novorizontino<\/strong> ser\u00e3o os clubes que ir\u00e3o brigar pelas quatro vagas da semifinal do Campeonato Paulista.<\/span><\/p>\n<p><img data-recalc-dims=\"1\" loading=\"lazy\" decoding=\"async\" class=\"aligncenter wp-image-6044 size-full\" src=\"https:\/\/i0.wp.com\/sergiobertoldi.com\/wp-content\/uploads\/2024\/03\/Capturar.png?resize=684%2C184&#038;ssl=1\" alt=\"\" width=\"684\" height=\"184\" srcset=\"https:\/\/i0.wp.com\/sergiobertoldi.com\/wp-content\/uploads\/2024\/03\/Capturar.png?w=684&amp;ssl=1 684w, https:\/\/i0.wp.com\/sergiobertoldi.com\/wp-content\/uploads\/2024\/03\/Capturar.png?resize=300%2C81&amp;ssl=1 300w\" sizes=\"auto, (max-width: 684px) 100vw, 684px\" \/><\/p>\n<p><span style=\"text-decoration: underline;\"><span style=\"font-size: 14pt;\"><strong>Confira as datas e os hor\u00e1rios das quartas do Paulist\u00e3o 2024:<\/strong><\/span><\/span><\/p>\n<ul>\n<li><span style=\"font-size: 14pt;\">Palmeiras x Ponte Preta &#8211; <strong>16\/03<\/strong> &#8211; <strong>18h<\/strong><\/span><\/li>\n<li><span style=\"font-size: 14pt;\">Red Bull Bragantino x Inter de Limeira &#8211; <strong>17\/03<\/strong> &#8211; <strong>16h<\/strong><\/span><\/li>\n<li><span style=\"font-size: 14pt;\">S\u00e3o Paulo x Novorizontino &#8211; <strong>17\/03<\/strong> &#8211; <strong>18h<\/strong><\/span><\/li>\n<li><span style=\"font-size: 14pt; background-color: #ffff00;\">Santos x Portuguesa &#8211; <strong>17\/03<\/strong> &#8211; <strong>20h15<\/strong><\/span><\/li>\n<\/ul>\n<p><span style=\"font-family: tahoma, arial, helvetica, sans-serif; font-size: 14pt;\">Cr\u00e9dito: Imagem: Divulga\u00e7\u00e3o FPF)<\/span><\/p>\n<p><span style=\"font-family: tahoma, arial, helvetica, sans-serif; font-size: 14pt;\">Falamos das coisas do Santos, sempre com a parceria e o apoio dos nossos anunciantes!<\/span><\/p>\n<p>&nbsp;<\/p>\n","protected":false},"excerpt":{"rendered":"<p>Al\u00f4 Na\u00e7\u00e3o Santista! Sauda\u00e7\u00f5es Alvinegras! Um conselho t\u00e9cnico realizado na sede da Federa\u00e7\u00e3o Paulista de Futebol, que contou com representantes<\/p>\n","protected":false},"author":2,"featured_media":6041,"comment_status":"open","ping_status":"open","sticky":false,"template":"","format":"standard","meta":{"colormag_page_container_layout":"default_layout","colormag_page_sidebar_layout":"default_layout","_jetpack_memberships_contains_paid_content":false,"footnotes":""},"categories":[25,66],"tags":[6],"class_list":["post-6040","post","type-post","status-publish","format-standard","has-post-thumbnail","hentry","category-campeonato-paulista","category-chaves-e-adversarios","tag-santos-fc"],"jetpack_featured_media_url":"https:\/\/i0.wp.com\/sergiobertoldi.com\/wp-content\/uploads\/2024\/03\/Federacao-Paulista-02.jpg?fit=984%2C495&ssl=1","jetpack_likes_enabled":true,"jetpack_sharing_enabled":true,"_links":{"self":[{"href":"https:\/\/sergiobertoldi.com\/index.php\/wp-json\/wp\/v2\/posts\/6040","targetHints":{"allow":["GET"]}}],"collection":[{"href":"https:\/\/sergiobertoldi.com\/index.php\/wp-json\/wp\/v2\/posts"}],"about":[{"href":"https:\/\/sergiobertoldi.com\/index.php\/wp-json\/wp\/v2\/types\/post"}],"author":[{"embeddable":true,"href":"https:\/\/sergiobertoldi.com\/index.php\/wp-json\/wp\/v2\/users\/2"}],"replies":[{"embeddable":true,"href":"https:\/\/sergiobertoldi.com\/index.php\/wp-json\/wp\/v2\/comments?post=6040"}],"version-history":[{"count":3,"href":"https:\/\/sergiobertoldi.com\/index.php\/wp-json\/wp\/v2\/posts\/6040\/revisions"}],"predecessor-version":[{"id":6045,"href":"https:\/\/sergiobertoldi.com\/index.php\/wp-json\/wp\/v2\/posts\/6040\/revisions\/6045"}],"wp:featuredmedia":[{"embeddable":true,"href":"https:\/\/sergiobertoldi.com\/index.php\/wp-json\/wp\/v2\/media\/6041"}],"wp:attachment":[{"href":"https:\/\/sergiobertoldi.com\/index.php\/wp-json\/wp\/v2\/media?parent=6040"}],"wp:term":[{"taxonomy":"category","embeddable":true,"href":"https:\/\/sergiobertoldi.com\/index.php\/wp-json\/wp\/v2\/categories?post=6040"},{"taxonomy":"post_tag","embeddable":true,"href":"https:\/\/sergiobertoldi.com\/index.php\/wp-json\/wp\/v2\/tags?post=6040"}],"curies":[{"name":"wp","href":"https:\/\/api.w.org\/{rel}","templated":true}]}}