{"id":6002,"date":"2024-02-25T13:47:15","date_gmt":"2024-02-25T16:47:15","guid":{"rendered":"https:\/\/sergiobertoldi.com\/?p=6002"},"modified":"2024-02-28T10:53:17","modified_gmt":"2024-02-28T13:53:17","slug":"no-morumbis-santos-vence-o-sao-bernardo-e-bate-recorde-de-publico-no-paulistao-2024","status":"publish","type":"post","link":"https:\/\/sergiobertoldi.com\/index.php\/2024\/02\/25\/no-morumbis-santos-vence-o-sao-bernardo-e-bate-recorde-de-publico-no-paulistao-2024\/","title":{"rendered":"No Morumbis Santos vence o S\u00e3o Bernardo e bate recorde de p\u00fablico no Paulist\u00e3o 2024"},"content":{"rendered":"<p><span style=\"font-family: helvetica, arial, sans-serif; font-size: 14pt;\"><strong><u>Al\u00f4 Na\u00e7\u00e3o Santista! Sauda\u00e7\u00f5es Alvinegras!<\/u><\/strong><\/span><\/p>\n<p style=\"text-align: justify;\"><span style=\"font-family: tahoma, arial, helvetica, sans-serif; font-size: 14pt;\">A Diretoria do Alvinegro Praiano apostou alto na paix\u00e3o da torcida santista pelo seu clube do cora\u00e7\u00e3o, que empolgada com o in\u00edcio de temporada do Peixe, (Sete vit\u00f3rias em 10 jogos), mais uma vez mostrou sua for\u00e7a e na manh\u00e3 deste domingo (25), n\u00e3o s\u00f3 respondeu ao chamado de seu presidente, como compareceu em massa ao Est\u00e1dio C\u00edcero Pompeu de Toledo, mais conhecido como Morumbi, e bateu o recorde de p\u00fablico do Est\u00e1dio em 2024.<\/span><\/p>\n<p><img data-recalc-dims=\"1\" loading=\"lazy\" decoding=\"async\" class=\"aligncenter wp-image-6003 size-full\" src=\"https:\/\/i0.wp.com\/sergiobertoldi.com\/wp-content\/uploads\/2024\/02\/Morumbi-lotado.jpg?resize=640%2C427&#038;ssl=1\" alt=\"\" width=\"640\" height=\"427\" srcset=\"https:\/\/i0.wp.com\/sergiobertoldi.com\/wp-content\/uploads\/2024\/02\/Morumbi-lotado.jpg?w=640&amp;ssl=1 640w, https:\/\/i0.wp.com\/sergiobertoldi.com\/wp-content\/uploads\/2024\/02\/Morumbi-lotado.jpg?resize=300%2C200&amp;ssl=1 300w\" sizes=\"auto, (max-width: 640px) 100vw, 640px\" \/><\/p>\n<p style=\"text-align: justify;\"><span style=\"font-family: tahoma, arial, helvetica, sans-serif; font-size: 14pt;\">Ao todo, 50.132 espectadores, estiveram presentes no est\u00e1dio para acompanhar mais uma vit\u00f3ria do Santos, por 2 a 1 sobre o S\u00e3o Bernardo, vit\u00f3ria v\u00e1lida pela <strong>10\u00aa<\/strong> rodada do Campeonato Paulista, neste domingo que certamente ser\u00e1 lembrado pelos torcedores santistas, por muitos e muitos anos!<br \/>\n<\/span><span style=\"font-family: tahoma, arial, helvetica, sans-serif; font-size: 14pt;\">Um verdadeiro &#8220;Mar Branco&#8221; tomou conta do Est\u00e1dio!<\/span><\/p>\n<p style=\"text-align: justify;\"><span style=\"font-family: tahoma, arial, helvetica, sans-serif; font-size: 14pt;\"><img data-recalc-dims=\"1\" loading=\"lazy\" decoding=\"async\" class=\"aligncenter wp-image-6004 size-full\" src=\"https:\/\/i0.wp.com\/sergiobertoldi.com\/wp-content\/uploads\/2024\/02\/Mar-Branco.jpg?resize=640%2C427&#038;ssl=1\" alt=\"\" width=\"640\" height=\"427\" srcset=\"https:\/\/i0.wp.com\/sergiobertoldi.com\/wp-content\/uploads\/2024\/02\/Mar-Branco.jpg?w=640&amp;ssl=1 640w, https:\/\/i0.wp.com\/sergiobertoldi.com\/wp-content\/uploads\/2024\/02\/Mar-Branco.jpg?resize=300%2C200&amp;ssl=1 300w\" sizes=\"auto, (max-width: 640px) 100vw, 640px\" \/>\u00a0<\/span><span style=\"font-family: tahoma, arial, helvetica, sans-serif; font-size: 14pt;\">Os <strong>50.132<\/strong> torcedores propiciaram uma arrecada\u00e7\u00e3o de <strong>R$ 2.026.735,00<\/strong>, neste ano esse \u00e9 at\u00e9 o momento, o maior p\u00fablico registrado no Paulist\u00e3o e no Morumbi. Anteriormente, o recorde pertencia ao jogo entre S\u00e3o Paulo e Portuguesa, realizado em 27 de janeiro, quando <strong>45.840<\/strong> torcedores compareceram ao Morumbi para assistir \u00e0 vit\u00f3ria por 1 a 0 dos mandantes.<\/span><\/p>\n<p style=\"text-align: justify;\"><span style=\"font-family: tahoma, arial, helvetica, sans-serif; font-size: 14pt;\">Se o torcedor Santista fez bonito, os jogadores do Santos honraram o Manto, corresponderam \u00e0 expectativa dos torcedores e conquistaram uma importante vit\u00f3ria, derrotando o S\u00e3o Bernardo por 2 a 1, com gols de <strong>Morelos<\/strong> e <strong>Willian Bigode<\/strong>, escolhido como o craque do jogo por ter feito o gol da vit\u00f3ria.<\/span><\/p>\n<p><img data-recalc-dims=\"1\" loading=\"lazy\" decoding=\"async\" class=\"alignnone wp-image-6005\" src=\"https:\/\/i0.wp.com\/sergiobertoldi.com\/wp-content\/uploads\/2024\/02\/Morelos.jpg?resize=360%2C288&#038;ssl=1\" alt=\"\" width=\"360\" height=\"288\" srcset=\"https:\/\/i0.wp.com\/sergiobertoldi.com\/wp-content\/uploads\/2024\/02\/Morelos.jpg?w=400&amp;ssl=1 400w, https:\/\/i0.wp.com\/sergiobertoldi.com\/wp-content\/uploads\/2024\/02\/Morelos.jpg?resize=300%2C240&amp;ssl=1 300w\" sizes=\"auto, (max-width: 360px) 100vw, 360px\" \/>\u00a0 <img data-recalc-dims=\"1\" loading=\"lazy\" decoding=\"async\" class=\"alignnone wp-image-6006\" src=\"https:\/\/i0.wp.com\/sergiobertoldi.com\/wp-content\/uploads\/2024\/02\/Bigode.jpg?resize=360%2C288&#038;ssl=1\" alt=\"\" width=\"360\" height=\"288\" srcset=\"https:\/\/i0.wp.com\/sergiobertoldi.com\/wp-content\/uploads\/2024\/02\/Bigode.jpg?w=400&amp;ssl=1 400w, https:\/\/i0.wp.com\/sergiobertoldi.com\/wp-content\/uploads\/2024\/02\/Bigode.jpg?resize=300%2C240&amp;ssl=1 300w\" sizes=\"auto, (max-width: 360px) 100vw, 360px\" \/><\/p>\n<p style=\"text-align: justify;\"><span style=\"font-family: tahoma, arial, helvetica, sans-serif; font-size: 14pt;\">Com o resultado, o Alvinegro Praiano soma 22 de 30 pontos disputados, e reassume a lideran\u00e7a do Paulist\u00e3o, al\u00e9m de assegurar de vez o primeiro lugar do grupo A. Dessa forma, o time, que \u00e9 dono da melhor campanha do Estadual at\u00e9 o momento, e jogar\u00e1 as quartas de final em casa.<br \/>\n<\/span><span style=\"font-family: tahoma, arial, helvetica, sans-serif; font-size: 14pt;\">O Santos volta a campo no pr\u00f3ximo domingo, \u00e0s 18 horas (de Bras\u00edlia), quando visita o <strong>Red Bull Bragantino<\/strong>, pela <strong>11\u00aa<\/strong> rodada do Paulist\u00e3o.<\/span><\/p>\n<p style=\"text-align: justify;\"><span style=\"font-family: tahoma, arial, helvetica, sans-serif; font-size: 14pt;\">Durante o intervalo da partida, o \u00eddolo eterno Serginho Chulapa foi homenageado pelos <strong>40<\/strong> anos da conquista do <strong>T\u00edtulo Paulista de 1984<\/strong>, quando nesse mesmo gramado, o Santos vencia com gol dele <strong>Serginho<\/strong>, o Corinthians naquela final de um Campeonato Paulista, muito mais dif\u00edcil do que \u00e9 o de hoje em dia! Outro grande \u00eddolo do Peixe, o goleiro <strong>F\u00e1bio Costa<\/strong>, esteve presente no Morumbi e acompanhou a homenagem.<\/span><\/p>\n<p style=\"text-align: justify;\"><img data-recalc-dims=\"1\" loading=\"lazy\" decoding=\"async\" class=\"alignnone wp-image-6010\" src=\"https:\/\/i0.wp.com\/sergiobertoldi.com\/wp-content\/uploads\/2024\/02\/Chulapa-01.jpg?resize=360%2C288&#038;ssl=1\" alt=\"\" width=\"360\" height=\"288\" srcset=\"https:\/\/i0.wp.com\/sergiobertoldi.com\/wp-content\/uploads\/2024\/02\/Chulapa-01.jpg?resize=300%2C240&amp;ssl=1 300w, https:\/\/i0.wp.com\/sergiobertoldi.com\/wp-content\/uploads\/2024\/02\/Chulapa-01.jpg?w=640&amp;ssl=1 640w\" sizes=\"auto, (max-width: 360px) 100vw, 360px\" \/>\u00a0 <img data-recalc-dims=\"1\" loading=\"lazy\" decoding=\"async\" class=\"alignnone wp-image-6011\" src=\"https:\/\/i0.wp.com\/sergiobertoldi.com\/wp-content\/uploads\/2024\/02\/Chulapa-02.jpg?resize=360%2C288&#038;ssl=1\" alt=\"\" width=\"360\" height=\"288\" srcset=\"https:\/\/i0.wp.com\/sergiobertoldi.com\/wp-content\/uploads\/2024\/02\/Chulapa-02.jpg?resize=300%2C240&amp;ssl=1 300w, https:\/\/i0.wp.com\/sergiobertoldi.com\/wp-content\/uploads\/2024\/02\/Chulapa-02.jpg?w=640&amp;ssl=1 640w\" sizes=\"auto, (max-width: 360px) 100vw, 360px\" \/><\/p>\n<p><img data-recalc-dims=\"1\" loading=\"lazy\" decoding=\"async\" class=\"aligncenter wp-image-6013 size-full\" src=\"https:\/\/i0.wp.com\/sergiobertoldi.com\/wp-content\/uploads\/2024\/02\/Chulapa-03.jpg?resize=640%2C512&#038;ssl=1\" alt=\"\" width=\"640\" height=\"512\" srcset=\"https:\/\/i0.wp.com\/sergiobertoldi.com\/wp-content\/uploads\/2024\/02\/Chulapa-03.jpg?w=640&amp;ssl=1 640w, https:\/\/i0.wp.com\/sergiobertoldi.com\/wp-content\/uploads\/2024\/02\/Chulapa-03.jpg?resize=300%2C240&amp;ssl=1 300w\" sizes=\"auto, (max-width: 640px) 100vw, 640px\" \/><\/p>\n<p><span style=\"font-size: 14pt;\"><strong><u>Confira como foi a homenagem feita ao eterno \u00eddolo Serginho Chulapa<\/u><\/strong><\/span><\/p>\n<div class=\"jetpack-video-wrapper\"><iframe loading=\"lazy\" title=\"CHULAPA \u00c9 HOMENAGEADO POR GOL HIST\u00d3RICO DE 1984\" width=\"800\" height=\"450\" src=\"https:\/\/www.youtube.com\/embed\/VYH3Zt-6oxI?feature=oembed\" frameborder=\"0\" allow=\"accelerometer; autoplay; clipboard-write; encrypted-media; gyroscope; picture-in-picture; web-share\" allowfullscreen><\/iframe><\/div>\n<p style=\"text-align: justify;\"><span style=\"font-family: tahoma, arial, helvetica, sans-serif; font-size: 14pt;\">Outro personagem da vit\u00f3ria Santista nesse Domingo, foi o treinador Santista, <strong>F\u00e1bio Carille<\/strong><\/span><\/p>\n<p><img data-recalc-dims=\"1\" loading=\"lazy\" decoding=\"async\" class=\"aligncenter wp-image-6014 size-full\" src=\"https:\/\/i0.wp.com\/sergiobertoldi.com\/wp-content\/uploads\/2024\/02\/Carille.jpg?resize=640%2C512&#038;ssl=1\" alt=\"\" width=\"640\" height=\"512\" srcset=\"https:\/\/i0.wp.com\/sergiobertoldi.com\/wp-content\/uploads\/2024\/02\/Carille.jpg?w=640&amp;ssl=1 640w, https:\/\/i0.wp.com\/sergiobertoldi.com\/wp-content\/uploads\/2024\/02\/Carille.jpg?resize=300%2C240&amp;ssl=1 300w\" sizes=\"auto, (max-width: 640px) 100vw, 640px\" \/><\/p>\n<p style=\"text-align: justify;\"><span style=\"text-decoration: underline;\"><strong><span style=\"font-family: tahoma, arial, helvetica, sans-serif; font-size: 14pt;\">Que coisa linda. Que coisa linda&#8221;, comentou F\u00e1bio Carille.<\/span><\/strong><\/span><\/p>\n<blockquote>\n<p style=\"text-align: justify;\"><span style=\"font-family: tahoma, arial, helvetica, sans-serif; font-size: 14pt;\">&#8220;Eu, particularmente, n\u00e3o lembro a \u00faltima vez que trabalhei com mais de 50 mil pessoas. Caravanas do interior para vir. Uma luta para comprar ingresso. Que festa linda, \u00e9 emocionante participar desses momentos ap\u00f3s anos t\u00e3o ruins que o Santos teve\u201d, completou o t\u00e9cnico.<\/span><\/p>\n<p>&nbsp;<\/p><\/blockquote>\n<p style=\"text-align: justify;\"><span style=\"font-family: tahoma, arial, helvetica, sans-serif; font-size: 14pt;\">O Presidente Marcelo Teixeira tamb\u00e9m falou sobre a festa, e destacou a import\u00e2ncia de prestigiar o torcedoe da Capital e do interior do Estado:<\/span><\/p>\n<blockquote><p><span style=\"font-family: tahoma, arial, helvetica, sans-serif; font-size: 14pt;\">\u201cSempre vale a pena quando o Santos est\u00e1 pr\u00f3ximo do seu torcedor. Nesse jogo quer\u00edamos trazer santistas e fam\u00edlias para um jogo em S\u00e3o Paulo. <\/span><span style=\"font-family: tahoma, arial, helvetica, sans-serif; font-size: 14pt;\">\u00c9 um dever da diretoria em proporcionar isso.<br \/>\n<\/span><span style=\"font-family: tahoma, arial, helvetica, sans-serif; font-size: 14pt;\">O Santos n\u00e3o jogava h\u00e1 muito tempo na capital. Foi uma festa linda. A chegada foi emocionante.<br \/>\n\u00c9 algo dif\u00edcil. Tem uma dor ainda, e ver essa alegria do torcedor toca demais a gente.<br \/>\nEsse \u00e9 o trabalho que temos ter&#8221;, disse o presidente Marcelo Teixeira.<\/span><\/p><\/blockquote>\n<p><strong><u><span style=\"font-size: 14pt;\">FICHA T\u00c9CNICA<\/span><br \/>\n<\/u><\/strong><span style=\"font-size: 14pt;\"><strong><u>SANTOS <\/u><\/strong><span style=\"font-family: tahoma, arial, helvetica, sans-serif;\"><strong><u>2 <\/u><\/strong><\/span><strong><u>X <\/u><\/strong><span style=\"font-family: tahoma, arial, helvetica, sans-serif;\"><strong><u>1<\/u><\/strong><\/span><strong><u> S\u00c3O BERNARDO<\/u><\/strong><\/span><\/p>\n<p><span style=\"font-size: 14pt;\"><strong>Local:<\/strong> Est\u00e1dio do Morumbis, em S\u00e3o Paulo (SP)<\/span><br \/>\n<span style=\"font-size: 14pt;\"><strong>Data:<\/strong> <span style=\"font-family: 'times new roman', times, serif;\">25<\/span> de fevereiro de <span style=\"font-family: 'times new roman', times, serif;\">2024<\/span> (domingo)<\/span><br \/>\n<span style=\"font-size: 14pt;\"><strong>Hor\u00e1rio:<\/strong> \u00e0s <span style=\"font-family: 'times new roman', times, serif;\">11<\/span> horas (de Bras\u00edlia)<\/span><br \/>\n<span style=\"font-size: 14pt;\"><strong>\u00c1rbitro:<\/strong> Fl\u00e1vio Rodrigues de Souza<\/span><br \/>\n<span style=\"font-size: 14pt;\"><strong>Assistentes:<\/strong> Anderson Jos\u00e9 de Moraes Coelho e Izabele de Oliveira<\/span><br \/>\n<span style=\"font-size: 14pt;\"><strong>VAR:<\/strong> Thiago Duarte Peixoto<\/span><br \/>\n<span style=\"font-size: 14pt;\"><strong>P\u00fablico:<\/strong> <span style=\"font-family: 'times new roman', times, serif;\">50.132<\/span> pessoas<\/span><br \/>\n<span style=\"font-size: 14pt;\"><strong>Renda:<\/strong> R$ <span style=\"font-family: 'times new roman', times, serif;\">2.026.735,00<\/span><\/span><br \/>\n<span style=\"font-size: 14pt;\"><strong>Cart\u00f5es <span style=\"background-color: #ffff00;\">amarelos<\/span>:<\/strong> Otero, Willian (Santos)<\/span><br \/>\n<span style=\"font-size: 14pt;\"><strong>Cart\u00f5es<span style=\"background-color: #ffff00;\"> amarelos<\/span>:<\/strong> Rafael Forster, Matheus Regis, Vitinho (S\u00e3o Bernardo)<\/span><br \/>\n<span style=\"font-size: 14pt;\"><strong>GOLS:<\/strong> Morelos, aos <span style=\"font-family: 'times new roman', times, serif;\">27<\/span> do <span style=\"font-family: 'times new roman', times, serif;\">1<\/span>\u00baT, e Willian, aos <span style=\"font-family: 'times new roman', times, serif;\">41<\/span> do <span style=\"font-family: 'times new roman', times, serif;\">2<\/span>\u00baT (Santos); Jo\u00e3o Paulo (contra), aos <span style=\"font-family: 'times new roman', times, serif;\">24<\/span> do <span style=\"font-family: 'times new roman', times, serif;\">2<\/span>\u00baT (S\u00e3o Bernardo)<\/span><\/p>\n<p><span style=\"font-size: 14pt;\"><strong><u>SANTOS:<\/u><\/strong> Jo\u00e3o Paulo; Aderlan, Gil, Joaquim e Felipe Jonatan (Rinc\u00f3n); Jo\u00e3o Schmidt, Pituca e Otero (Willian Bigode); Pedrinho (Weslley Patati), Guilherme e Morelos (Furch). T\u00e9cnico: F\u00e1bio Carille<\/span><\/p>\n<p><span style=\"font-size: 14pt;\"><strong><u>S\u00c3O BERNARDO:<\/u><\/strong> Alex Alves; Hugo Sanches (Victor Ricardo), Helder (Romisson), Alan Santos, Rafael Forster e Arthur Henrique; Rodrigo Souza (Vitinho Mesquita), Lucas Lima e Matheus Regis; Kayke e Luiz Felipe (Kau\u00e3).\u00a0T\u00e9cnico: M\u00e1rcio Zanardi<\/span><\/p>\n<p>&nbsp;<\/p>\n<p><strong><u><img data-recalc-dims=\"1\" loading=\"lazy\" decoding=\"async\" class=\"size-full wp-image-5917 alignleft\" src=\"https:\/\/i0.wp.com\/sergiobertoldi.com\/wp-content\/uploads\/2024\/01\/Bola-Cheia-copia-150x60-1.png?resize=150%2C60&#038;ssl=1\" alt=\"\" width=\"150\" height=\"60\" \/><span style=\"font-size: 14pt;\">Weslley Patati<\/span><\/u><\/strong><span style=\"font-size: 14pt;\"> \u00a0Entrou no decorrer da segunda etapa, e fez valer de sua juventude para descansado, dar um trabalho danado para a j\u00e1 cansada defesa do S\u00e3o Bernardo, tentar segurar suas decidas em velocidade! Participou diretamente do gol que deu a vit\u00f3ria ao Santos! Deve ao longo da temporada, receber mais oportunidades principalmente porque o titular Pedrinho ainda n\u00e3o convenceu.<\/span><\/p>\n<p><strong><u><img data-recalc-dims=\"1\" loading=\"lazy\" decoding=\"async\" class=\"size-full wp-image-5918 alignleft\" src=\"https:\/\/i0.wp.com\/sergiobertoldi.com\/wp-content\/uploads\/2024\/01\/Bola-Murcha-Copia-150x60-1.png?resize=150%2C60&#038;ssl=1\" alt=\"\" width=\"150\" height=\"60\" \/><span style=\"font-size: 14pt;\">Pedrinho<\/span><\/u><\/strong><span style=\"font-size: 14pt;\"><strong>\u00a0 \u00a0<\/strong>Atacante pelas beiradas, n\u00e3o se pode dizer que tenha jogado mal, mas n\u00e3o \u00e9 o atacante que o Santos precisa! Chegou muito badalado, sua vinda ao Santos n\u00e3o foi uma negocia\u00e7\u00e3o f\u00e1cil, mas efetivamente dentro de campo, pouco acrescenta! Poucas vezes consegue sucesso em suas investidas contra a marca\u00e7\u00e3o advers\u00e1ria, e quase n\u00e3o finaliza a gol, e quando o faz \u00e9 de maneira bisonha.<\/span><\/p>\n<p><span style=\"font-size: 14pt;\"><strong><u>PITACOS DO BERTOLDI<\/u><\/strong><\/span><\/p>\n<p><span style=\"font-family: tahoma, arial, helvetica, sans-serif; font-size: 14pt;\">Giuliano: O meia que veio para ser o Articulador do meio campo Santista, a cabe\u00e7a pensante respons\u00e1vel pela liga\u00e7\u00e3o entre meio de campo e ataque, havia sido liberado pelo Departamento M\u00e9dico, durante a \u00faltima semana havia finalizado os trabalhos de transi\u00e7\u00e3o do DM para os trabalhos em campo, participou dos treinos da semana, normalmente, e sua escala\u00e7\u00e3o para enfrentar o S\u00e3o Bernardo era dada como certa!<\/span><\/p>\n<p><span style=\"font-family: tahoma, arial, helvetica, sans-serif; font-size: 14pt;\">Para surpresa geral, o jogador que viajou com os companheiros, concentrou para a partida e tudo o mais, acabou nem sendo relacionado para sequer figurar no banco de reservas!<\/span><\/p>\n<p><span style=\"font-family: tahoma, arial, helvetica, sans-serif; font-size: 14pt;\">Sinceramente? A desculpa dada n\u00e3o me convenceu nem um pouco!<br \/>\n<\/span><span style=\"font-family: tahoma, arial, helvetica, sans-serif; font-size: 14pt;\">Tor\u00e7o para que o Jogador esteja sendo poupado, (Preservado), para as fases decisivas do Campeonato, e tenha ficado de fora da partida contra o S\u00e3o Bernardo, pelo pr\u00f3prio desgaste que seria desnecess\u00e1rio!<br \/>\n<\/span><span style=\"font-family: tahoma, arial, helvetica, sans-serif; font-size: 14pt;\">Por\u00e9m passo a ficar muito preocupado, se na verdade o jogador tenha sentido novamente a les\u00e3o que sofreu.<\/span><\/p>\n<p><span style=\"font-family: tahoma, arial, helvetica, sans-serif; font-size: 14pt;\">A informa\u00e7\u00e3o que tenho, \u00e9 que o meia Giuliano tem uma fratura por estresse na canela, contus\u00e3o que n\u00e3o o permite mais continuar jogando em alto n\u00edvel. Trata-se de um problema que durante a temporada, pode tira-lo do time com alguma frequ\u00eancia!<\/span><\/p>\n<p><span style=\"font-size: 14pt;\"><strong><u>Confira os gols do Santos<\/u><\/strong><\/span><\/p>\n<div class=\"jetpack-video-wrapper\"><iframe loading=\"lazy\" title=\"SANTOS 2 X 1 S\u00c3O BERNARDO | GOLS | PAULIST\u00c3O (25\/02\/24)\" width=\"800\" height=\"450\" src=\"https:\/\/www.youtube.com\/embed\/Dwdkqys8qdM?feature=oembed\" frameborder=\"0\" allow=\"accelerometer; autoplay; clipboard-write; encrypted-media; gyroscope; picture-in-picture; web-share\" allowfullscreen><\/iframe><\/div>\n<p><span style=\"font-size: 14pt;\"><strong><u>Confira os Bastidores da Partida<\/u><\/strong><\/span><\/p>\n<div class=\"jetpack-video-wrapper\"><iframe loading=\"lazy\" title=\"SANTOS 2 X 1 S\u00c3O BERNARDO | BASTIDORES | PAULIST\u00c3O (25\/02\/24)\" width=\"800\" height=\"450\" src=\"https:\/\/www.youtube.com\/embed\/6r2oAA7JKaE?feature=oembed\" frameborder=\"0\" allow=\"accelerometer; autoplay; clipboard-write; encrypted-media; gyroscope; picture-in-picture; web-share\" allowfullscreen><\/iframe><\/div>\n<p><span style=\"font-size: 14pt;\"><strong><u>Acompanhe a Coletiva do T\u00e9cnico F\u00e1bio Carille<\/u><\/strong><\/span><\/p>\n<div class=\"jetpack-video-wrapper\"><iframe loading=\"lazy\" title=\"F\u00c1BIO CARILLE | COLETIVA (25\/02\/24)\" width=\"800\" height=\"450\" src=\"https:\/\/www.youtube.com\/embed\/Hi16BvIiVNw?feature=oembed\" frameborder=\"0\" allow=\"accelerometer; autoplay; clipboard-write; encrypted-media; gyroscope; picture-in-picture; web-share\" allowfullscreen><\/iframe><\/div>\n<p><span style=\"font-family: tahoma, arial, helvetica, sans-serif;\">\u00a0<\/span><\/p>\n<p><span style=\"font-family: tahoma, arial, helvetica, sans-serif; font-size: 14pt;\">(Cr\u00e9dito: Imagem: Raul Baretta\/Santos FC<\/span><br \/>\n<span style=\"font-family: tahoma, arial, helvetica, sans-serif; font-size: 14pt;\">(Cr\u00e9dito: Imagem: SantosTV\/Divulga\u00e7\u00e3o\/Santos FC)<\/span><\/p>\n<p><span style=\"font-family: tahoma, arial, helvetica, sans-serif; font-size: 14pt;\">Falamos das coisas do Santos, sempre com a parceria e o apoio dos nossos anunciantes!<\/span><\/p>\n<p>&nbsp;<\/p>\n","protected":false},"excerpt":{"rendered":"<p>Al\u00f4 Na\u00e7\u00e3o Santista! Sauda\u00e7\u00f5es Alvinegras! A Diretoria do Alvinegro Praiano apostou alto na paix\u00e3o da torcida santista pelo seu clube<\/p>\n","protected":false},"author":2,"featured_media":6020,"comment_status":"open","ping_status":"open","sticky":false,"template":"","format":"standard","meta":{"colormag_page_container_layout":"default_layout","colormag_page_sidebar_layout":"default_layout","_jetpack_memberships_contains_paid_content":false,"footnotes":""},"categories":[12,25,10,16],"tags":[6],"class_list":["post-6002","post","type-post","status-publish","format-standard","has-post-thumbnail","hentry","category-analise-e-comentario","category-campeonato-paulista","category-elenco-profissional","category-resenha-do-jogo","tag-santos-fc"],"jetpack_featured_media_url":"https:\/\/i0.wp.com\/sergiobertoldi.com\/wp-content\/uploads\/2024\/02\/Capa-da-Vitoria.jpg?fit=640%2C512&ssl=1","jetpack_likes_enabled":true,"jetpack_sharing_enabled":true,"_links":{"self":[{"href":"https:\/\/sergiobertoldi.com\/index.php\/wp-json\/wp\/v2\/posts\/6002","targetHints":{"allow":["GET"]}}],"collection":[{"href":"https:\/\/sergiobertoldi.com\/index.php\/wp-json\/wp\/v2\/posts"}],"about":[{"href":"https:\/\/sergiobertoldi.com\/index.php\/wp-json\/wp\/v2\/types\/post"}],"author":[{"embeddable":true,"href":"https:\/\/sergiobertoldi.com\/index.php\/wp-json\/wp\/v2\/users\/2"}],"replies":[{"embeddable":true,"href":"https:\/\/sergiobertoldi.com\/index.php\/wp-json\/wp\/v2\/comments?post=6002"}],"version-history":[{"count":9,"href":"https:\/\/sergiobertoldi.com\/index.php\/wp-json\/wp\/v2\/posts\/6002\/revisions"}],"predecessor-version":[{"id":6021,"href":"https:\/\/sergiobertoldi.com\/index.php\/wp-json\/wp\/v2\/posts\/6002\/revisions\/6021"}],"wp:featuredmedia":[{"embeddable":true,"href":"https:\/\/sergiobertoldi.com\/index.php\/wp-json\/wp\/v2\/media\/6020"}],"wp:attachment":[{"href":"https:\/\/sergiobertoldi.com\/index.php\/wp-json\/wp\/v2\/media?parent=6002"}],"wp:term":[{"taxonomy":"category","embeddable":true,"href":"https:\/\/sergiobertoldi.com\/index.php\/wp-json\/wp\/v2\/categories?post=6002"},{"taxonomy":"post_tag","embeddable":true,"href":"https:\/\/sergiobertoldi.com\/index.php\/wp-json\/wp\/v2\/tags?post=6002"}],"curies":[{"name":"wp","href":"https:\/\/api.w.org\/{rel}","templated":true}]}}