{"id":5872,"date":"2024-01-13T09:30:42","date_gmt":"2024-01-13T12:30:42","guid":{"rendered":"https:\/\/sergiobertoldi.com\/?p=5872"},"modified":"2024-01-13T19:05:42","modified_gmt":"2024-01-13T22:05:42","slug":"na-copa-sao-paulo-santos-busca-mais-uma-vitoria-para-seguir-em-busca-do-tetra-campeonato-da-competicao","status":"publish","type":"post","link":"https:\/\/sergiobertoldi.com\/index.php\/2024\/01\/13\/na-copa-sao-paulo-santos-busca-mais-uma-vitoria-para-seguir-em-busca-do-tetra-campeonato-da-competicao\/","title":{"rendered":"Na Copa S\u00e3o Paulo Santos busca mais uma vit\u00f3ria para manter vivo o sonho do Tetra Campeonato da Competi\u00e7\u00e3o"},"content":{"rendered":"<p><span style=\"font-family: helvetica, arial, sans-serif; font-size: 14pt;\"><strong><u>Al\u00f4 Na\u00e7\u00e3o Santista! Sauda\u00e7\u00f5es Alvinegras!<\/u><\/strong><\/span><\/p>\n<p style=\"text-align: justify;\"><span style=\"font-family: tahoma, arial, helvetica, sans-serif; font-size: 14pt;\">Santos e EC S\u00e3o Bernardo se enfrentam logo mais \u00e0 partir das 19h30 deste s\u00e1bado (13), em partida v\u00e1lida pela segunda fase da Copa S\u00e3o Paulo<\/span><br \/>\n<span style=\"font-family: tahoma, arial, helvetica, sans-serif; font-size: 14pt;\">O jogo que desta fase em diante, passa a ser eliminat\u00f3rio, acontecer\u00e1 no Est\u00e1dio Distrital do Inamar, em Diadema, S\u00e3o Paulo.<\/span><\/p>\n<p style=\"text-align: justify;\"><span style=\"font-family: tahoma, arial, helvetica, sans-serif; font-size: 14pt;\">O Santos conquistou tr\u00eas vit\u00f3rias nas tr\u00eas partidas da fase inicial e terminou como l\u00edder isolado do Grupo 26 com nove pontos, sendo o Alvinegro de Vila Belmiro, um dos raros times que conquistaram 100% de aproveitamento na primeira fase da Copinha.<\/span><\/p>\n<p style=\"text-align: justify;\"><span style=\"font-family: tahoma, arial, helvetica, sans-serif; font-size: 14pt;\">\u00a0Na estreia, venceu o <strong>Remo<\/strong> por 2 a 1, em seguida goleou o <strong>Nova Ven\u00e9cia<\/strong> por 7 a 0 e encerrou a primeira fase com uma vit\u00f3ria de 3 a 0 sobre o <strong>\u00c1gua Santa<\/strong>.<\/span><br \/>\n<span style=\"font-family: tahoma, arial, helvetica, sans-serif; font-size: 14pt;\"> J\u00e1 o EC S\u00e3o Bernardo chega para esse confronto, classificado em segundo lugar no Grupo 25, somando quatro pontos.<\/span><br \/>\n<span style=\"font-family: tahoma, arial, helvetica, sans-serif; font-size: 14pt;\">O vencedor enfrentar\u00e1 <strong>\u00c1gua Santa<\/strong> ou <strong>Juventude<\/strong> na pr\u00f3xima fase.<\/span><\/p>\n<p style=\"text-align: justify;\"><span style=\"font-family: tahoma, arial, helvetica, sans-serif; font-size: 14pt;\">Comandados pelo t\u00e9cnico Orlando Ribeiro, sem problemas com cart\u00f5es ou contus\u00f5es, os Peixinhos da Vila devem vir \u00e0 campo com a seguinte forma\u00e7\u00e3o: <strong>Gustavo Jundi<\/strong>; <strong>Thiago Balieiro<\/strong>, <strong>Samuel<\/strong>, <strong>Diogo Correia<\/strong>; <strong>JP Chermont<\/strong>, <strong>Hyan<\/strong>, <strong>Miguelito<\/strong>, <strong>Bal\u00e3o<\/strong>; <strong>Gabriel Bontempo<\/strong>, <strong>Enzo Monteiro<\/strong> e <strong>Felipe Laurindo<\/strong>.<\/span><\/p>\n<p style=\"text-align: justify;\"><span style=\"font-family: tahoma, arial, helvetica, sans-serif; font-size: 14pt;\">(Cr\u00e9dito: Imagem: Raul Baretta\/Santos FC)<\/span><\/p>\n<p style=\"text-align: justify;\"><span style=\"font-family: tahoma, arial, helvetica, sans-serif; font-size: 14pt;\">Falamos das coisas do Santos, sempre com a parceria e o apoio dos nossos anunciantes!<\/span><\/p>\n<p>&nbsp;<\/p>\n","protected":false},"excerpt":{"rendered":"<p>Al\u00f4 Na\u00e7\u00e3o Santista! Sauda\u00e7\u00f5es Alvinegras! Santos e EC S\u00e3o Bernardo se enfrentam logo mais \u00e0 partir das 19h30 deste s\u00e1bado<\/p>\n","protected":false},"author":2,"featured_media":5873,"comment_status":"open","ping_status":"open","sticky":false,"template":"","format":"standard","meta":{"colormag_page_container_layout":"default_layout","colormag_page_sidebar_layout":"default_layout","_jetpack_memberships_contains_paid_content":false,"footnotes":""},"categories":[7,60,27],"tags":[6],"class_list":["post-5872","post","type-post","status-publish","format-standard","has-post-thumbnail","hentry","category-base-santista","category-categorias-de-base","category-copa-sao-paulo-de-juniores","tag-santos-fc"],"jetpack_featured_media_url":"https:\/\/i0.wp.com\/sergiobertoldi.com\/wp-content\/uploads\/2024\/01\/enzo-monteiro-do-santos-comemora-gol-marcado-e1705183329642.jpg?fit=500%2C375&ssl=1","jetpack_likes_enabled":true,"jetpack_sharing_enabled":true,"_links":{"self":[{"href":"https:\/\/sergiobertoldi.com\/index.php\/wp-json\/wp\/v2\/posts\/5872","targetHints":{"allow":["GET"]}}],"collection":[{"href":"https:\/\/sergiobertoldi.com\/index.php\/wp-json\/wp\/v2\/posts"}],"about":[{"href":"https:\/\/sergiobertoldi.com\/index.php\/wp-json\/wp\/v2\/types\/post"}],"author":[{"embeddable":true,"href":"https:\/\/sergiobertoldi.com\/index.php\/wp-json\/wp\/v2\/users\/2"}],"replies":[{"embeddable":true,"href":"https:\/\/sergiobertoldi.com\/index.php\/wp-json\/wp\/v2\/comments?post=5872"}],"version-history":[{"count":4,"href":"https:\/\/sergiobertoldi.com\/index.php\/wp-json\/wp\/v2\/posts\/5872\/revisions"}],"predecessor-version":[{"id":5877,"href":"https:\/\/sergiobertoldi.com\/index.php\/wp-json\/wp\/v2\/posts\/5872\/revisions\/5877"}],"wp:featuredmedia":[{"embeddable":true,"href":"https:\/\/sergiobertoldi.com\/index.php\/wp-json\/wp\/v2\/media\/5873"}],"wp:attachment":[{"href":"https:\/\/sergiobertoldi.com\/index.php\/wp-json\/wp\/v2\/media?parent=5872"}],"wp:term":[{"taxonomy":"category","embeddable":true,"href":"https:\/\/sergiobertoldi.com\/index.php\/wp-json\/wp\/v2\/categories?post=5872"},{"taxonomy":"post_tag","embeddable":true,"href":"https:\/\/sergiobertoldi.com\/index.php\/wp-json\/wp\/v2\/tags?post=5872"}],"curies":[{"name":"wp","href":"https:\/\/api.w.org\/{rel}","templated":true}]}}