{"id":5849,"date":"2024-01-10T09:20:01","date_gmt":"2024-01-10T12:20:01","guid":{"rendered":"https:\/\/sergiobertoldi.com\/?p=5849"},"modified":"2024-01-10T19:30:28","modified_gmt":"2024-01-10T22:30:28","slug":"pela-copa-sao-paulo-santos-e-agua-santa-disputam-quem-vai-conquistar-a-lideranca-do-grupo-26","status":"publish","type":"post","link":"https:\/\/sergiobertoldi.com\/index.php\/2024\/01\/10\/pela-copa-sao-paulo-santos-e-agua-santa-disputam-quem-vai-conquistar-a-lideranca-do-grupo-26\/","title":{"rendered":"Pela Copa S\u00e3o Paulo Santos e \u00c1gua Santa disputam quem vai conquistar  a lideran\u00e7a do Grupo 26"},"content":{"rendered":"<p style=\"text-align: justify;\"><span style=\"font-family: helvetica, arial, sans-serif; font-size: 14pt;\"><strong><u>Al\u00f4 Na\u00e7\u00e3o Santista! Sauda\u00e7\u00f5es Alvinegras!<\/u><\/strong><\/span><\/p>\n<p style=\"text-align: justify;\"><span style=\"font-family: tahoma, arial, helvetica, sans-serif; font-size: 14pt;\">Pela terceira e \u00faltima rodada da primeira fase da Copinha, os Peixinhos do Santos voltam a campo na noite desta quarta-feira (<strong>10<\/strong>), quando a partir das <strong>21h45<\/strong> (hor\u00e1rio de Bras\u00edlia), enfrentam no Est\u00e1dio Distrital do Inamar, em Diadema, a equipe do \u00c1gua Santa.<\/span><\/p>\n<p style=\"text-align: justify;\"><span style=\"font-family: tahoma, arial, helvetica, sans-serif; font-size: 14pt;\">J\u00e1 classificado, o Santos lidera o <strong>Grupo 26<\/strong>, com <strong>100%<\/strong> de aproveitamento, conquistados nas duas vit\u00f3rias que obteve nos dois primeiros jogos na competi\u00e7\u00e3o. Um simples empate na noite de hoje, garante a primeira coloca\u00e7\u00e3o do grupo.<\/span><\/p>\n<p style=\"text-align: justify;\"><span style=\"font-family: tahoma, arial, helvetica, sans-serif; font-size: 14pt;\">O \u00c1gua Santa tamb\u00e9m soma a mesma pontua\u00e7\u00e3o, mas fica em segundo lugar devido aos crit\u00e9rios de desempate. O Santos est\u00e1 na lideran\u00e7a devido ao saldo de oito gols, enquanto o \u00c1gua Santa soma sete gols.<\/span><br \/>\n<span style=\"font-family: tahoma, arial, helvetica, sans-serif; font-size: 14pt;\">Os donos da casa que tamb\u00e9m est\u00e3o classificados, precisar\u00e3o vencer se quiserem avan\u00e7ar como lideres do grupo.<\/span><\/p>\n<p style=\"text-align: justify;\"><span style=\"font-family: tahoma, arial, helvetica, sans-serif; font-size: 14pt;\">Na rodada anterior, o Santos venceu o Nova Ven\u00e9cia por 7 a 0. Na estreia, a equipe comandada por Orlando Ribeiro derrotou o Remo de virada por 2 a 1.<\/span><br \/>\n<span style=\"font-family: tahoma, arial, helvetica, sans-serif; font-size: 14pt;\">Ap\u00f3s ficar perto do t\u00edtulo nas \u00faltimas duas edi\u00e7\u00f5es, o Alvinegro Praiano busca o seu quarto t\u00edtulo na hist\u00f3ria da competi\u00e7\u00e3o.<\/span><\/p>\n<p style=\"text-align: justify;\"><span style=\"font-family: tahoma, arial, helvetica, sans-serif; font-size: 14pt;\">Nesta primeira fase, s\u00e3o 128 times divididos em 32 grupos com 4 equipes cada. Os clubes se enfrentam entre si em turno \u00fanico e apenas os dois melhores colocados de cada chave, avan\u00e7am \u00e0 segunda fase.<\/span><br \/>\n<span style=\"font-family: tahoma, arial, helvetica, sans-serif; font-size: 14pt;\">Se o Alvinegro avan\u00e7ar em primeiro enfrenta o segundo colocado do Grupo 25 e se classificar em segundo pega o primeiro da chave que tem sede em S\u00e3o Bernardo do Campo.<\/span><\/p>\n<p style=\"text-align: justify;\"><span style=\"font-family: tahoma, arial, helvetica, sans-serif; font-size: 14pt;\">Os jogos s\u00e3o predefinidos e em jogo \u00fanico na segunda e terceira fase.<\/span><br \/>\n<span style=\"font-family: tahoma, arial, helvetica, sans-serif; font-size: 14pt;\">Assim como as oitavas, quartas, semifinais e final.<\/span><br \/>\n<span style=\"font-family: tahoma, arial, helvetica, sans-serif; font-size: 14pt;\">Daqui para frente, quem perder cai fora da competi\u00e7\u00e3o<\/span><\/p>\n<p style=\"text-align: justify;\"><span style=\"font-family: tahoma, arial, helvetica, sans-serif; font-size: 14pt;\">Sem problemas de contus\u00e3o ou desfalques por cart\u00e3o, o t\u00e9cnico Orlando Ribeiro deve mandar o 11 Santista a campo, com a prov\u00e1vel forma\u00e7\u00e3o: <strong>Gustavo Jundi<\/strong>; <strong>JP Chermont<\/strong>, <strong>Thiago<\/strong>, <strong>Samuel<\/strong> e <strong>Diogo Correia<\/strong>; <strong>Bal\u00e3o<\/strong>, <strong>Hyan,<\/strong> <strong>Miguelito<\/strong>; <strong>Gabriel Bontempo<\/strong> (<strong>Jo\u00e3o Victor<\/strong>), <strong>Felipe Laurindo<\/strong> e <strong>Enzo Monteiro<\/strong>. T\u00e9cnico: <strong>Orlando Ribeiro<\/strong><\/span><\/p>\n<p style=\"text-align: justify;\"><span style=\"font-family: tahoma, arial, helvetica, sans-serif; font-size: 14pt;\">(Cr\u00e9dito: Imagem: Raul Baretta\/Santos FC)<\/span><br \/>\n<span style=\"font-family: tahoma, arial, helvetica, sans-serif; font-size: 14pt;\">(Cr\u00e9dito: Imagem: SantosTV\/Divulga\u00e7\u00e3o\/Santos FC)<\/span><\/p>\n<p style=\"text-align: justify;\"><span style=\"font-family: tahoma, arial, helvetica, sans-serif; font-size: 14pt;\">Falamos das coisas do Santos, sempre com a parceria e o apoio dos nossos anunciantes!<\/span><\/p>\n<p style=\"text-align: justify;\">\n<p>&nbsp;<\/p>\n","protected":false},"excerpt":{"rendered":"<p>Al\u00f4 Na\u00e7\u00e3o Santista! Sauda\u00e7\u00f5es Alvinegras! Pela terceira e \u00faltima rodada da primeira fase da Copinha, os Peixinhos do Santos voltam<\/p>\n","protected":false},"author":2,"featured_media":5850,"comment_status":"open","ping_status":"open","sticky":false,"template":"","format":"standard","meta":{"colormag_page_container_layout":"default_layout","colormag_page_sidebar_layout":"default_layout","_jetpack_memberships_contains_paid_content":false,"footnotes":""},"categories":[7,27],"tags":[6],"class_list":["post-5849","post","type-post","status-publish","format-standard","has-post-thumbnail","hentry","category-base-santista","category-copa-sao-paulo-de-juniores","tag-santos-fc"],"jetpack_featured_media_url":"https:\/\/i0.wp.com\/sergiobertoldi.com\/wp-content\/uploads\/2024\/01\/copinha.jpg?fit=640%2C428&ssl=1","jetpack_likes_enabled":true,"jetpack_sharing_enabled":true,"_links":{"self":[{"href":"https:\/\/sergiobertoldi.com\/index.php\/wp-json\/wp\/v2\/posts\/5849","targetHints":{"allow":["GET"]}}],"collection":[{"href":"https:\/\/sergiobertoldi.com\/index.php\/wp-json\/wp\/v2\/posts"}],"about":[{"href":"https:\/\/sergiobertoldi.com\/index.php\/wp-json\/wp\/v2\/types\/post"}],"author":[{"embeddable":true,"href":"https:\/\/sergiobertoldi.com\/index.php\/wp-json\/wp\/v2\/users\/2"}],"replies":[{"embeddable":true,"href":"https:\/\/sergiobertoldi.com\/index.php\/wp-json\/wp\/v2\/comments?post=5849"}],"version-history":[{"count":1,"href":"https:\/\/sergiobertoldi.com\/index.php\/wp-json\/wp\/v2\/posts\/5849\/revisions"}],"predecessor-version":[{"id":5851,"href":"https:\/\/sergiobertoldi.com\/index.php\/wp-json\/wp\/v2\/posts\/5849\/revisions\/5851"}],"wp:featuredmedia":[{"embeddable":true,"href":"https:\/\/sergiobertoldi.com\/index.php\/wp-json\/wp\/v2\/media\/5850"}],"wp:attachment":[{"href":"https:\/\/sergiobertoldi.com\/index.php\/wp-json\/wp\/v2\/media?parent=5849"}],"wp:term":[{"taxonomy":"category","embeddable":true,"href":"https:\/\/sergiobertoldi.com\/index.php\/wp-json\/wp\/v2\/categories?post=5849"},{"taxonomy":"post_tag","embeddable":true,"href":"https:\/\/sergiobertoldi.com\/index.php\/wp-json\/wp\/v2\/tags?post=5849"}],"curies":[{"name":"wp","href":"https:\/\/api.w.org\/{rel}","templated":true}]}}