{"id":5802,"date":"2024-01-04T22:00:13","date_gmt":"2024-01-05T01:00:13","guid":{"rendered":"https:\/\/sergiobertoldi.com\/?p=5802"},"modified":"2024-01-07T23:14:34","modified_gmt":"2024-01-08T02:14:34","slug":"santos-estreia-na-copa-sao-paulo-de-juniores-vencendo-de-virada-a-equipe-do-remo","status":"publish","type":"post","link":"https:\/\/sergiobertoldi.com\/index.php\/2024\/01\/04\/santos-estreia-na-copa-sao-paulo-de-juniores-vencendo-de-virada-a-equipe-do-remo\/","title":{"rendered":"Santos estreia na Copa S\u00e3o Paulo de Juniores vencendo de virada a equipe do Remo"},"content":{"rendered":"<p><span style=\"font-family: helvetica, arial, sans-serif; font-size: 14pt;\"><strong><u>Al\u00f4 Na\u00e7\u00e3o Santista! Sauda\u00e7\u00f5es Alvinegras!<\/u><\/strong><\/span><\/p>\n<p><span style=\"font-family: tahoma, arial, helvetica, sans-serif; font-size: 14pt;\">Com dois gols marcados pelo centroavante boliviano Enzo Monteiro, o Santos Futebol Clube iniciou na noite desta quinta-feira (4), sua participa\u00e7\u00e3o na <strong>54\u00aa<\/strong> edi\u00e7\u00e3o da <strong>Copa S\u00e3o Paulo de Futebol J\u00fanior<\/strong>, com uma vit\u00f3ria de virada por 2 a 1 sobre o Remo (PA). O jogo aconteceu no est\u00e1dio Distrital do Inamar, em Diadema (SP).<\/span><br \/>\n<span style=\"font-family: tahoma, arial, helvetica, sans-serif; font-size: 14pt;\">Com esse resultado, o Alvinegro Praiano conquistou seus primeiros tr\u00eas pontos no grupo 26, ficando na segunda posi\u00e7\u00e3o devido \u00e0 diferen\u00e7a no saldo de gols para o \u00c1gua Santa<\/span><\/p>\n<p><span style=\"font-size: 14pt;\"><u>FICHA T\u00c9CNICA<br \/>\n<\/u><u>SANTOS FC<\/u><u><span style=\"font-family: tahoma, arial, helvetica, sans-serif;\"> 2<\/span> X<span style=\"font-family: tahoma, arial, helvetica, sans-serif;\"> 1 <\/span><\/u><u>REMO-PA<\/u><\/span><\/p>\n<p><span style=\"font-family: tahoma, arial, helvetica, sans-serif; font-size: 14pt;\">Local: Est\u00e1dio Municipal Jos\u00e9 Batista Pereira Fernandes (Distrital do Inamar), em Diadema (SP)<\/span><br \/>\n<span style=\"font-family: tahoma, arial, helvetica, sans-serif; font-size: 14pt;\">Data: quinta-feira, 4 de janeiro de 2024<\/span><br \/>\n<span style=\"font-family: tahoma, arial, helvetica, sans-serif; font-size: 14pt;\">Hor\u00e1rio: 19h45<\/span><br \/>\n<span style=\"font-family: tahoma, arial, helvetica, sans-serif; font-size: 14pt;\">\u00c1rbitro: Caique Tiago de Oliveira Miquilini<\/span><br \/>\n<span style=\"font-family: tahoma, arial, helvetica, sans-serif; font-size: 14pt;\">Assistentes: Rafael Tadeu Alves de Souza e Tatiane Sacilotti Camargo de Menezes<\/span><br \/>\n<span style=\"font-family: tahoma, arial, helvetica, sans-serif; font-size: 14pt;\">Gols: (Remo) Matheus Greco, aos 17\u2032 do 2\u00b0T;<\/span><br \/>\n<span style=\"font-family: tahoma, arial, helvetica, sans-serif; font-size: 14pt;\">Gols: (Santos) Enzo Monteiro, aos 24\u2032 e aos 33\u2032 do 2\u00baT<\/span><br \/>\n<span style=\"font-family: tahoma, arial, helvetica, sans-serif; font-size: 14pt;\"><strong>Santos<\/strong>: Gustavo Jundi; JP Chermont (Gustavo Henrique), Thiago, Samuel e Diogo Correia (Pedro Hian); Bal\u00e3o, Hyan (Andr\u00e9 Klaus) e Miguelito; Gabriel Bontempo (Jo\u00e3o Victor), Felipe Laurindo (Luca Meirelles) e Enzo Monteiro (Diego Borges). T\u00e9cnico: Orlando Ribeiro<\/span><br \/>\n<span style=\"font-family: tahoma, arial, helvetica, sans-serif; font-size: 14pt;\"><strong>Remo<\/strong>: Jo\u00e3o Victor; Renan Moura, Felipe Oiapoque (Darlan Salazar), Ramon, Marreiros e Edson Kau\u00e3; Ronald, Vitinho e Ramires (Kakaroto); Matheus Greco (Leilson) e Mithia. T\u00e9cnico: Aylton Soares<\/span><\/p>\n<p><span style=\"font-family: tahoma, arial, helvetica, sans-serif; font-size: 14pt;\">Os Meninos da Vila voltam a campo j\u00e1 no pr\u00f3ximo domingo (7), \u00e0s 17h15, quando enfrentam o Nova Ven\u00e9cia (ES), pela segunda rodada do grupo 26. A partida acontece no mesmo est\u00e1dio Distrital do Inamar, sede fixa do grupo santista.<\/span><\/p>\n<p><span style=\"font-size: 14pt;\"><strong><u>Confira os bastidores da partida e os gols do Santos<\/u><\/strong><\/span><\/p>\n<div class=\"jetpack-video-wrapper\"><iframe loading=\"lazy\" title=\"SANTOS 2 X 1 REMO | BASTIDORES | COPINHA (04\/01\/24)\" width=\"800\" height=\"450\" src=\"https:\/\/www.youtube.com\/embed\/CfkL4C9fHPo?feature=oembed\" frameborder=\"0\" allow=\"accelerometer; autoplay; clipboard-write; encrypted-media; gyroscope; picture-in-picture; web-share\" allowfullscreen><\/iframe><\/div>\n<p><span style=\"font-family: tahoma, arial, helvetica, sans-serif; font-size: 14pt;\">(Cr\u00e9dito: Imagem: Raul Baretta\/Santos FC)<\/span><br \/>\n<span style=\"font-family: tahoma, arial, helvetica, sans-serif; font-size: 14pt;\">(Cr\u00e9dito: Imagem: SantosTV\/Divulga\u00e7\u00e3o\/Santos FC)<\/span><\/p>\n<p><span style=\"font-family: tahoma, arial, helvetica, sans-serif; font-size: 14pt;\">Falamos das coisas do Santos, sempre com a parceria e o apoio dos nossos anunciantes!<\/span><\/p>\n<p>&nbsp;<\/p>\n<p>&nbsp;<\/p>\n","protected":false},"excerpt":{"rendered":"<p>Al\u00f4 Na\u00e7\u00e3o Santista! Sauda\u00e7\u00f5es Alvinegras! Com dois gols marcados pelo centroavante boliviano Enzo Monteiro, o Santos Futebol Clube iniciou na<\/p>\n","protected":false},"author":2,"featured_media":5803,"comment_status":"open","ping_status":"open","sticky":false,"template":"","format":"standard","meta":{"colormag_page_container_layout":"default_layout","colormag_page_sidebar_layout":"default_layout","_jetpack_memberships_contains_paid_content":false,"footnotes":""},"categories":[7,60,27],"tags":[6],"class_list":["post-5802","post","type-post","status-publish","format-standard","has-post-thumbnail","hentry","category-base-santista","category-categorias-de-base","category-copa-sao-paulo-de-juniores","tag-santos-fc"],"jetpack_featured_media_url":"https:\/\/i0.wp.com\/sergiobertoldi.com\/wp-content\/uploads\/2024\/01\/Enzo.jpg?fit=640%2C427&ssl=1","jetpack_likes_enabled":true,"jetpack_sharing_enabled":true,"_links":{"self":[{"href":"https:\/\/sergiobertoldi.com\/index.php\/wp-json\/wp\/v2\/posts\/5802","targetHints":{"allow":["GET"]}}],"collection":[{"href":"https:\/\/sergiobertoldi.com\/index.php\/wp-json\/wp\/v2\/posts"}],"about":[{"href":"https:\/\/sergiobertoldi.com\/index.php\/wp-json\/wp\/v2\/types\/post"}],"author":[{"embeddable":true,"href":"https:\/\/sergiobertoldi.com\/index.php\/wp-json\/wp\/v2\/users\/2"}],"replies":[{"embeddable":true,"href":"https:\/\/sergiobertoldi.com\/index.php\/wp-json\/wp\/v2\/comments?post=5802"}],"version-history":[{"count":1,"href":"https:\/\/sergiobertoldi.com\/index.php\/wp-json\/wp\/v2\/posts\/5802\/revisions"}],"predecessor-version":[{"id":5804,"href":"https:\/\/sergiobertoldi.com\/index.php\/wp-json\/wp\/v2\/posts\/5802\/revisions\/5804"}],"wp:featuredmedia":[{"embeddable":true,"href":"https:\/\/sergiobertoldi.com\/index.php\/wp-json\/wp\/v2\/media\/5803"}],"wp:attachment":[{"href":"https:\/\/sergiobertoldi.com\/index.php\/wp-json\/wp\/v2\/media?parent=5802"}],"wp:term":[{"taxonomy":"category","embeddable":true,"href":"https:\/\/sergiobertoldi.com\/index.php\/wp-json\/wp\/v2\/categories?post=5802"},{"taxonomy":"post_tag","embeddable":true,"href":"https:\/\/sergiobertoldi.com\/index.php\/wp-json\/wp\/v2\/tags?post=5802"}],"curies":[{"name":"wp","href":"https:\/\/api.w.org\/{rel}","templated":true}]}}