{"id":5794,"date":"2024-01-03T10:30:35","date_gmt":"2024-01-03T13:30:35","guid":{"rendered":"https:\/\/sergiobertoldi.com\/?p=5794"},"modified":"2024-01-05T21:53:18","modified_gmt":"2024-01-06T00:53:18","slug":"santos-preparado-para-a-copa-sao-paulo-2024","status":"publish","type":"post","link":"https:\/\/sergiobertoldi.com\/index.php\/2024\/01\/03\/santos-preparado-para-a-copa-sao-paulo-2024\/","title":{"rendered":"Santos preparado para a Copa S\u00e3o Paulo 2024"},"content":{"rendered":"<p><span style=\"font-family: helvetica, arial, sans-serif; font-size: 14pt;\"><strong><u>Al\u00f4 Na\u00e7\u00e3o Santista! Sauda\u00e7\u00f5es Alvinegras!<\/u><\/strong><\/span><\/p>\n<p style=\"text-align: justify;\"><span style=\"font-family: tahoma, arial, helvetica, sans-serif; font-size: 14pt;\">A temporada 2023 terminou de forma melanc\u00f3lica para o Alvinegro de Vila Belmiro, e o torcedor santista ficar\u00e1 praticamente at\u00e9 o final de janeiro sem ter os jogos do time profissional.<br \/>\n<\/span><span style=\"font-family: tahoma, arial, helvetica, sans-serif; font-size: 14pt;\">Para matar a saudade, logo no come\u00e7o de janeiro, (Temporada 2024) o Peixe estreia na Copa S\u00e3o Paulo de Futebol Juniores, maior competi\u00e7\u00e3o de base do futebol brasileiro, oportunidade esperada ansiosamente pelos torcedores \u00e1vidos por ver de perto, quais garotos da base teriam qualidade t\u00e9cnica para refor\u00e7arem a m\u00e9dio e curto prazo, o time profissional.\u00a0 \u00a0 \u00a0 \u00a0 \u00a0 \u00a0 \u00a0 \u00a0 \u00a0\u00a0<\/span><\/p>\n<p style=\"text-align: justify;\"><span style=\"font-family: tahoma, arial, helvetica, sans-serif; font-size: 14pt;\">Nesta quinta-feira (04), o Santos faz a sua estreia na <strong>54\u00aa<\/strong> edi\u00e7\u00e3o da \u201c<strong>Copa S\u00e3o Paulo de Futebol J\u00fanior<\/strong>\u201d enfrentando a equipe do Remo, \u00e0s <strong>19h45<\/strong> (hor\u00e1rio de Bras\u00edlia), no est\u00e1dio Distrital do Inamar, em <strong>Diadema<\/strong>. O Peixe est\u00e1 no <strong>grupo 26<\/strong> da competi\u00e7\u00e3o, juntamente com <strong>Nova Ven\u00e9cia<\/strong> e <strong>\u00c1gua Santa<\/strong>.<\/span><\/p>\n<p style=\"text-align: justify;\"><span style=\"font-family: tahoma, arial, helvetica, sans-serif; font-size: 14pt;\">Na hist\u00f3ria da Copa S\u00e3o Paulo, o Santos j\u00e1 est\u00e1 h\u00e1 <strong>10<\/strong> anos sem ser campe\u00e3o.<br \/>\nO Peixe tem tr\u00eas t\u00edtulos, que foram conquistados em <strong>1984<\/strong> (contra o <strong>Corinthians<\/strong>), <strong>2013<\/strong> (<strong>Goi\u00e1s<\/strong>) e <strong>2014<\/strong> (<strong>Corinthians<\/strong>). E ainda jogou outras tr\u00eas finais, sendo derrotado em <strong>1982<\/strong> (para a <strong>Ponte Preta<\/strong>), <strong>2010<\/strong> (<strong>S\u00e3o Paulo<\/strong>) e <strong>2022<\/strong> (<strong>Palmeiras<\/strong>).<\/span><\/p>\n<p style=\"text-align: justify;\"><span style=\"font-family: tahoma, arial, helvetica, sans-serif; font-size: 14pt;\">A primeira conquista de uma ta\u00e7a da Copinha pelo Santos, aconteceu em <strong>1984<\/strong>. Na ocasi\u00e3o, a equipe ganhou o cl\u00e1ssico contra o Corinthians na final por 2 a 1. Gerson marcou o primeiro gol para o Peixe, mas Rog\u00e9rio empatou para o Tim\u00e3o com um belo gol no canto esquerdo. Apenas aos 44 minutos do segundo tempo veio o gol do t\u00edtulo, marcado por Fl\u00e1vio, de cabe\u00e7a.<\/span><\/p>\n<p style=\"text-align: justify;\"><span style=\"font-family: tahoma, arial, helvetica, sans-serif; font-size: 14pt;\">A segunda conquista veio apenas <strong>29 anos<\/strong> depois. Em <strong>2013<\/strong>, no entanto, o t\u00edtulo veio com mais tranquilidade, contra o Goi\u00e1s. Aos 35 minutos, Pedro Castro abriu o placar em cobran\u00e7a de p\u00eanalti. Apenas dois minutos depois veio o segundo, com Neilton. Os goianos at\u00e9 diminu\u00edram com Arthur, mas Giva, contra, decretou a derrota de sua equipe e o t\u00edtulo do Peixe.<\/span><\/p>\n<p style=\"text-align: justify;\"><span style=\"font-family: tahoma, arial, helvetica, sans-serif; font-size: 14pt;\">No ano seguinte, <strong>2014<\/strong> veio o tricampeonato, mais uma vez em um cl\u00e1ssico contra o rival alvinegro Corinthians. Diego Cardoso abriu o placar para o Santos, aos 21 minutos e Seginho ampliou aos 30. Malcon at\u00e9 diminuiu para o Tim\u00e3o, mas foi s\u00f3 isso.<\/span><\/p>\n<p style=\"text-align: justify;\"><span style=\"font-family: tahoma, arial, helvetica, sans-serif; font-size: 14pt;\">Famoso por lan\u00e7ar grandes talentos, o Alvinegro Praiano sempre \u00e9 considerado um forte candidato ao t\u00edtulo.<br \/>\n<\/span><span style=\"font-family: tahoma, arial, helvetica, sans-serif; font-size: 14pt;\">No entanto, o t\u00e9cnico <strong>Orlando Ribeiro<\/strong> ter\u00e1 que lidar com a aus\u00eancia de alguns jogadores que embora j\u00e1 fa\u00e7am parte do elenco no profissional, pela idade ainda poderiam jogar a Copinha. S\u00e3o eles: O lateral-esquerdo <strong>Kevyson<\/strong>, o meia <strong>Ivonei<\/strong> e o atacante <strong>Weslley Patati.<br \/>\n<\/strong><\/span><span style=\"font-family: tahoma, arial, helvetica, sans-serif; font-size: 14pt;\">Sem poder contar com esses tr\u00eas jogadores, Orlando Ribeiro ter\u00e1 que recorrer a v\u00e1rios jogadores do <strong>Sub-17<\/strong>. Dessa forma, o Santos poder\u00e1 enfrentar dificuldades para conquistar o campeonato.<\/span><\/p>\n<p style=\"text-align: justify;\"><span style=\"font-family: tahoma, arial, helvetica, sans-serif; font-size: 14pt;\">Antes da estreia dos Peixinhos na Copinha, o Presidente Marcelo Teixeira fez quest\u00e3o de comparecer ao treino de prepara\u00e7\u00e3o final, para passar uma mensagem de apoio e confian\u00e7a aos garotos!<br \/>\n<\/span><span style=\"font-family: tahoma, arial, helvetica, sans-serif; font-size: 14pt;\">O Presidente destacou a import\u00e2ncia da competi\u00e7\u00e3o para os Meninos da Vila.<\/span><\/p>\n<blockquote>\n<p style=\"text-align: justify;\"><span style=\"font-family: tahoma, arial, helvetica, sans-serif; font-size: 14pt;\">Quando voc\u00eas entrarem em campo, as aten\u00e7\u00f5es do Brasil e do mundo estar\u00e3o para voc\u00eas, independentemente do momento do Santos no profissional&#8221;, afirmou o dirigente, citando a recente queda do Peixe para a S\u00e9rie B do Brasileir\u00e3o. Voc\u00eas ter\u00e3o a grande chance e a torcida espera muito de n\u00f3s.<br \/>\nBoa sorte.<\/span><\/p>\n<\/blockquote>\n<div class=\"jetpack-video-wrapper\"><iframe loading=\"lazy\" title=\"MARCELO TEIXEIRA SE RE\u00daNE COM A EQUIPE QUE DISPUTAR\u00c1 A COPINHA\" width=\"800\" height=\"450\" src=\"https:\/\/www.youtube.com\/embed\/xr3-x0c7pe8?feature=oembed\" frameborder=\"0\" allow=\"accelerometer; autoplay; clipboard-write; encrypted-media; gyroscope; picture-in-picture; web-share\" allowfullscreen><\/iframe><\/div>\n<p style=\"text-align: justify;\"><span style=\"font-family: tahoma, arial, helvetica, sans-serif; font-size: 14pt;\"><strong><u>LISTA DE JOGADORES DO SANTOS INSCRITOS PARA A COPINHA<\/u><\/strong><\/span><\/p>\n<p style=\"text-align: justify;\"><span style=\"font-family: tahoma, arial, helvetica, sans-serif; font-size: 14pt;\"><u>Goleiros<\/u>: <strong>Gustavo Jundi, Jackson, Jo\u00e3o Fernandes e Rodrigo Falc\u00e3o<br \/>\n<\/strong><\/span><span style=\"font-family: tahoma, arial, helvetica, sans-serif; font-size: 14pt;\"><u>Zagueiros<\/u><strong>: Andr\u00e9 Klaus, Diego Borges, Matheus Matias, Samuel e Thiago Balieiro<br \/>\n<\/strong><\/span><span style=\"font-family: tahoma, arial, helvetica, sans-serif; font-size: 14pt;\"><u>Laterais<\/u>: <strong>Diogo Correia, JP Chermont, Pedro Hian, Robert e Souza<br \/>\n<\/strong><\/span><span style=\"font-family: tahoma, arial, helvetica, sans-serif; font-size: 14pt;\"><u>Meias e Volantes<\/u>: <strong>Jo\u00e3o Victor Bal\u00e3o, Bernardo, Gabriel Bontempo, Gustavo Henrique, Hyan, Kevin Malthus, Martins e Miguelito<br \/>\n<\/strong><\/span><span style=\"font-family: tahoma, arial, helvetica, sans-serif; font-size: 14pt;\"><u>Atacantes<\/u>: <strong>Enzo Monteiro, Felipe Laurindo, Jo\u00e3o Victor, Luca Meirelles, Matheus Xavier, Rodrigo Cezar e Victor Michell.<\/strong><\/span><\/p>\n<p style=\"text-align: justify;\"><span style=\"font-family: tahoma, arial, helvetica, sans-serif; font-size: 14pt;\">Desta maneira o time base do Santos para a Copa S\u00e3o Paulo deve ter a seguinte forma\u00e7\u00e3o:<br \/>\n<\/span><span style=\"font-family: tahoma, arial, helvetica, sans-serif; font-size: 14pt;\"><strong>Gustavo Jundi<\/strong>, <strong>JP Chermont<\/strong>, <strong>Thiago, Samuel<\/strong>, <strong>Diogo Correia<\/strong>, <strong>Bal\u00e3o<\/strong>, <strong>Hyan<\/strong>, <strong>Miguelito<\/strong>, <strong>Gabriel Bontempo<\/strong>, <strong>Felipe Laurindo<\/strong>, <strong>Enzo Monteiro<\/strong> T\u00e9cnico: <strong>Orlando Ribeiro<\/strong><\/span><\/p>\n<p style=\"text-align: justify;\"><span style=\"font-family: tahoma, arial, helvetica, sans-serif; font-size: 14pt;\"><strong><u>DATAS E HOR\u00c1RIOS DOS JOGOS<\/u><\/strong><\/span><\/p>\n<ul style=\"text-align: justify;\">\n<li><span style=\"font-family: tahoma, arial, helvetica, sans-serif; font-size: 14pt;\">04\/01 (qui): Santos x Remo, \u00e0s 19h45<\/span><\/li>\n<li><span style=\"font-family: tahoma, arial, helvetica, sans-serif; font-size: 14pt;\">07\/01 (dom): Nova Ven\u00e9cia x Santos, \u00e0s 17h15<\/span><\/li>\n<li><span style=\"font-family: tahoma, arial, helvetica, sans-serif; font-size: 14pt;\">10\/01 (qua): Agua Santa x Santos, \u00e0s 21h45<\/span><\/li>\n<\/ul>\n<p style=\"text-align: justify;\"><span style=\"font-family: tahoma, arial, helvetica, sans-serif; font-size: 14pt;\">(Cr\u00e9dito: Imagem: Raul Baretta\/Santos FC)<br \/>\n<\/span><span style=\"font-family: tahoma, arial, helvetica, sans-serif; font-size: 14pt;\">(Cr\u00e9dito: Imagem: SantosTV\/Divulga\u00e7\u00e3o\/Santos FC)<\/span><\/p>\n<p style=\"text-align: justify;\"><span style=\"font-family: tahoma, arial, helvetica, sans-serif; font-size: 14pt;\">Falamos das coisas do Santos, sempre com a parceria e o apoio dos nossos anunciantes!<\/span><\/p>\n<p style=\"text-align: justify;\">\n","protected":false},"excerpt":{"rendered":"<p>Al\u00f4 Na\u00e7\u00e3o Santista! Sauda\u00e7\u00f5es Alvinegras! A temporada 2023 terminou de forma melanc\u00f3lica para o Alvinegro de Vila Belmiro, e o<\/p>\n","protected":false},"author":2,"featured_media":5795,"comment_status":"open","ping_status":"open","sticky":false,"template":"","format":"standard","meta":{"colormag_page_container_layout":"default_layout","colormag_page_sidebar_layout":"default_layout","_jetpack_memberships_contains_paid_content":false,"footnotes":""},"categories":[7,4,60,27],"tags":[6],"class_list":["post-5794","post","type-post","status-publish","format-standard","has-post-thumbnail","hentry","category-base-santista","category-bastidores-do-santos-fc","category-categorias-de-base","category-copa-sao-paulo-de-juniores","tag-santos-fc"],"jetpack_featured_media_url":"https:\/\/i0.wp.com\/sergiobertoldi.com\/wp-content\/uploads\/2024\/01\/53439355502_0da1988123_z.jpg?fit=640%2C427&ssl=1","jetpack_likes_enabled":true,"jetpack_sharing_enabled":true,"_links":{"self":[{"href":"https:\/\/sergiobertoldi.com\/index.php\/wp-json\/wp\/v2\/posts\/5794","targetHints":{"allow":["GET"]}}],"collection":[{"href":"https:\/\/sergiobertoldi.com\/index.php\/wp-json\/wp\/v2\/posts"}],"about":[{"href":"https:\/\/sergiobertoldi.com\/index.php\/wp-json\/wp\/v2\/types\/post"}],"author":[{"embeddable":true,"href":"https:\/\/sergiobertoldi.com\/index.php\/wp-json\/wp\/v2\/users\/2"}],"replies":[{"embeddable":true,"href":"https:\/\/sergiobertoldi.com\/index.php\/wp-json\/wp\/v2\/comments?post=5794"}],"version-history":[{"count":2,"href":"https:\/\/sergiobertoldi.com\/index.php\/wp-json\/wp\/v2\/posts\/5794\/revisions"}],"predecessor-version":[{"id":5797,"href":"https:\/\/sergiobertoldi.com\/index.php\/wp-json\/wp\/v2\/posts\/5794\/revisions\/5797"}],"wp:featuredmedia":[{"embeddable":true,"href":"https:\/\/sergiobertoldi.com\/index.php\/wp-json\/wp\/v2\/media\/5795"}],"wp:attachment":[{"href":"https:\/\/sergiobertoldi.com\/index.php\/wp-json\/wp\/v2\/media?parent=5794"}],"wp:term":[{"taxonomy":"category","embeddable":true,"href":"https:\/\/sergiobertoldi.com\/index.php\/wp-json\/wp\/v2\/categories?post=5794"},{"taxonomy":"post_tag","embeddable":true,"href":"https:\/\/sergiobertoldi.com\/index.php\/wp-json\/wp\/v2\/tags?post=5794"}],"curies":[{"name":"wp","href":"https:\/\/api.w.org\/{rel}","templated":true}]}}