{"id":579,"date":"2019-11-02T08:00:29","date_gmt":"2019-11-02T11:00:29","guid":{"rendered":"http:\/\/sergiobertoldi.com\/?p=579"},"modified":"2019-11-01T23:14:36","modified_gmt":"2019-11-02T02:14:36","slug":"chegadas-e-partidas","status":"publish","type":"post","link":"https:\/\/sergiobertoldi.com\/index.php\/2019\/11\/02\/chegadas-e-partidas\/","title":{"rendered":"\u201cChegadas e Partidas\u201d"},"content":{"rendered":"\n<p><strong><span style=\"text-decoration: underline;\">Al\u00f4 Na\u00e7\u00e3o Santista! Sauda\u00e7\u00f5es Alvinegras!<\/span><\/strong><\/p>\n\n\n\n<p>O Pr\u00edncipe herdeiro est\u00e1 de volta ao seu Reino!<\/p>\n\n\n\n<p>Os S\u00faditos de sua Majestade o Rei Pel\u00e9 receberam na manh\u00e3 desta sexta-feira, a not\u00edcia de que Edson Cholbi Nascimento, mais conhecido como Edinho, o mais velho entre os filhos homens do Rei Pel\u00e9, est\u00e1 voltando pra casa, o Santos Futebol Clube!<br>O Alvinegro mais famoso do mundo, anunciou oficialmente atrav\u00e9s de seu Departamento de Comunica\u00e7\u00e3o, que Edinho retorna ao Santos, agora como novo coordenador t\u00e9cnico e de desenvolvimento do clube.<\/p>\n\n\n\n<figure class=\"wp-block-image\"><img data-recalc-dims=\"1\" decoding=\"async\" src=\"https:\/\/i0.wp.com\/sergiobertoldi.com\/wp-content\/uploads\/2019\/11\/edinho_santostsunami_facebook.jpg?w=800\" alt=\"\" class=\"wp-image-580\"\/><figcaption>O Pr\u00edncipe Edinho est\u00e1 de volta ao Reino Santista<\/figcaption><\/figure>\n\n\n\n<p>Edinho chega com a miss\u00e3o de dar \u00eanfase aos trabalhos realizados nas categorias de base, e ter\u00e1 como parceiro de trabalho, um velho conhecido e \u00eddolo santista, o volante Renatinho.<br>O novo coordenador t\u00e9cnico e de desenvolvimento do Santos, assume o cargo com foco na forma\u00e7\u00e3o das categorias de base do Clube.<br>Seu parceiro e tamb\u00e9m ex jogador do Santos, Renatinho, j\u00e1 trabalha na mesma fun\u00e7\u00e3o, por\u00e9m dando uma \u00eanfase tamb\u00e9m no Futebol Profissional.<\/p>\n\n\n\n<p>Edinho foi jogador profissional de futebol, atuando no\npr\u00f3prio Santos na posi\u00e7\u00e3o de goleiro. Sua estreia como profissional, aconteceu\nno dia 6 de fevereiro de 1994, num jogo contra o Santo Andr\u00e9, partida em que o\nSantos perdeu por 1 a 0.<\/p>\n\n\n\n<p>Jogando toda a temporada como titular, Edinho foi vice-campe\u00e3o brasileiro pelo Santos, na famosa final de 1995, quando o Santos foi roubado na cara dura na final contra o Botafogo Carioca \u00a0O Pr\u00edncipe da Vila como era chamado, jogou no Santos entre 1990 e 1991 e entre 1994 e 1998. <br>Edinho tamb\u00e9m andou investindo na carreira de treinador.<br>Em 2015, comandou o Mogi Mirim, passando tamb\u00e9m por \u00c1gua Santa e Tricordiano nos anos seguintes.<\/p>\n\n\n\n<p>Mas se tem velho conhecido retornando para Vila, tem tamb\u00e9m outro velho conhecido que em breve pode estar deixando a Vila.<br>O Santos corre o s\u00e9rio risco de ficar sem sua melhor dupla de Zaga para o ano de 2020.<br>Com o contrato pr\u00f3ximo de seu t\u00e9rmino e sem expectativa nenhuma de ser renovado, Gustavo Henrique \u00e9 um dos jogadores do atual elenco, que tem sua sa\u00edda praticamente dada como certa!<\/p>\n\n\n\n<p><br>Outra not\u00edcia preocupante, caiu como uma bomba na torcida Santista.<br>O agente italiano Federico Pastorello, esteve na Vila Belmiro na noite da \u00faltima quinta-feira, para observar de perto o desempenho o zagueiro Lucas Ver\u00edssimo, na partida entre Santos e Bahia, pela 29\u00aa rodada do Campeonato Brasileiro.<\/p>\n\n\n\n<p>\u00a0O Blog Sergio Bertoldi, apurou que o agente deixou a Vila bastante impressionado com o que viu do futebol apresentado pelo jogador. Federico Pastorello \u00e9 um dos maiores agentes do mundo e tem forte atua\u00e7\u00e3o no mercado italiano, onde Lucas Ver\u00edssimo \u00e9 monitorado h\u00e1 anos.<br>Na \u00faltima janela internacional de transfer\u00eancias, o zagueiro foi especulado pelas equipes do Atalanta, Fiorentina, Roma e Torino.<br>Novas rodadas de negocia\u00e7\u00f5es devem ocorrer \u00e0 partir de dezembro. <\/p>\n\n\n\n<p>\u00a0Lucas Ver\u00edssimo revelou que teve uma conversa com o presidente do Peixe, Jos\u00e9 Carlos Peres, no qual a possibilidade de uma transfer\u00eancia foi analisada.<br>&#8220;Tivemos uma conversa com o presidente, onde uma renova\u00e7\u00e3o de contrato foi aventada! Estamos analisando.<br>O Clube precisa de fundos que como o presidente mesmo falou, caso n\u00e3o venha de investidor, tem que entrar de alguma maneira, e uma maneira \u00e9 vender. <br>Ele (Presidente), me v\u00ea como bom valor e isso pode ocorrer.<br>Estou \u00e0 disposi\u00e7\u00e3o, quero ajudar dentro e fora de campo&#8221;<\/p>\n\n\n\n<p>Ap\u00f3s a partida Ver\u00edssimo falou rapidamente sobre o seu\nprimeiro contato com o Agente: &#8220;Eu o conheci pessoalmente, super gente\nboa. Esteve presente nesse jogo, renomado. Fez parceria com meu empres\u00e1rio e\nestou aguardando. Fa\u00e7o o meu dentro de campo e sei que as coisas v\u00e3o acontecer\nnaturalmente&#8221;, garantiu.<\/p>\n\n\n\n<p>Na Sexta-Feira, em entrevista coletiva realizada no CT Rei Pel\u00e9, Lucas Ver\u00edssimo falou sobre a vit\u00f3ria sobre o Bahia, e a possibilidade de desta vez, ver a negocia\u00e7\u00e3o de sua ida para a Europa, ser conclu\u00edda com sucesso!<\/p>\n\n\n\n<figure class=\"wp-block-embed-youtube wp-block-embed is-type-video is-provider-youtube wp-embed-aspect-16-9 wp-has-aspect-ratio\"><div class=\"wp-block-embed__wrapper\">\n<iframe loading=\"lazy\" title=\"LUCAS VERI\u0301SSIMO | COLETIVA (01\/11\/19)\" width=\"800\" height=\"450\" src=\"https:\/\/www.youtube.com\/embed\/E5X6OCwsgxw?feature=oembed\" frameborder=\"0\" allow=\"accelerometer; autoplay; encrypted-media; gyroscope; picture-in-picture\" allowfullscreen><\/iframe>\n<\/div><figcaption>Lucas Ver\u00edssimo fala sobre a possibilidade de deixar o Santos<\/figcaption><\/figure>\n\n\n\n<p>A sa\u00edda do Zagueiro Lucas Ver\u00edssimo, \u00e9 algo j\u00e1 esteve para acontecer por v\u00e1rias vezes.<br>Vamos relembrar algumas dessas ocasi\u00f5es, em que a imprensa noticiou essa possibilidade que acabou n\u00e3o se concretizando.<\/p>\n\n\n\n<p><strong><a href=\"https:\/\/santistaroxo.com.br\/futebol\/peres-revela-que-lucas-verissimo-quer-deixar-o-santos-nao-vamos-dificultar\/\">Peres revela que\nLucas Ver\u00edssimo quer deixar o Santos: \u201cN\u00e3o vamos dificultar\u201d<\/a><\/strong><\/p>\n\n\n\n<p><strong><a href=\"https:\/\/santistaroxo.com.br\/futebol\/santos-faz-leilao-por-lucas-verissimo-e-estuda-propostas-do-exterior\/\">Santos faz\n\u2018leil\u00e3o\u2019 por Lucas Ver\u00edssimo e estuda propostas do exterior<\/a><\/strong><\/p>\n\n\n\n<p><strong><a href=\"https:\/\/santistaroxo.com.br\/futebol\/presidente-revela-propostas-e-estipula-preco-para-liberar-verissimo-ao-exterior\/\">Presidente revela\npropostas e estipula pre\u00e7o para liberar Ver\u00edssimo ao exterior<\/a><\/strong><\/p>\n\n\n\n<p><strong><a href=\"https:\/\/santistaroxo.com.br\/futebol\/presidente-do-santos-explica-por-que-barrou-ida-de-verissimo-ao-torino-e-espera-por-novas-propostas\/\">Presidente do\nSantos explica por que \u201cbarrou\u201d ida de Ver\u00edssimo ao Torino e espera por novas\npropostas<\/a><\/strong><\/p>\n\n\n\n<p><strong><a href=\"https:\/\/santistaroxo.com.br\/futebol\/tecnico-do-santos-barra-saidas-de-verissimo-e-jean-mota-nao-podemos-perder-de-forma-alguma\/\">T\u00e9cnico do Santos\nbarra sa\u00eddas de Ver\u00edssimo e Jean Mota: \u201cN\u00e3o podemos perder de forma alguma\u201d<\/a><\/strong><\/p>\n\n\n\n<p><strong><a href=\"https:\/\/santistaroxo.com.br\/futebol\/verissimo-fala-sobre-negociacoes-frustradas-e-diz-sempre-estive-focado-no-santos\/\">Ver\u00edssimo fala\nsobre negocia\u00e7\u00f5es frustradas e diz: \u201cSempre focado no Santos\u201d<\/a><\/strong><\/p>\n\n\n\n<p>(Cr\u00e9dito: Imagem Pedro Ernesto Guerra Azevedo\/Santos FC)<\/p>\n","protected":false},"excerpt":{"rendered":"<p>Al\u00f4 Na\u00e7\u00e3o Santista! Sauda\u00e7\u00f5es Alvinegras! O Pr\u00edncipe herdeiro est\u00e1 de volta ao seu Reino! Os S\u00faditos de sua Majestade o<\/p>\n","protected":false},"author":2,"featured_media":0,"comment_status":"open","ping_status":"open","sticky":false,"template":"","format":"standard","meta":{"colormag_page_container_layout":"default_layout","colormag_page_sidebar_layout":"default_layout","_jetpack_memberships_contains_paid_content":false,"footnotes":""},"categories":[4,10,22],"tags":[6],"class_list":["post-579","post","type-post","status-publish","format-standard","hentry","category-bastidores-do-santos-fc","category-elenco-profissional","category-entrevista-coletiva","tag-santos-fc"],"jetpack_featured_media_url":"","jetpack_likes_enabled":true,"jetpack_sharing_enabled":true,"_links":{"self":[{"href":"https:\/\/sergiobertoldi.com\/index.php\/wp-json\/wp\/v2\/posts\/579","targetHints":{"allow":["GET"]}}],"collection":[{"href":"https:\/\/sergiobertoldi.com\/index.php\/wp-json\/wp\/v2\/posts"}],"about":[{"href":"https:\/\/sergiobertoldi.com\/index.php\/wp-json\/wp\/v2\/types\/post"}],"author":[{"embeddable":true,"href":"https:\/\/sergiobertoldi.com\/index.php\/wp-json\/wp\/v2\/users\/2"}],"replies":[{"embeddable":true,"href":"https:\/\/sergiobertoldi.com\/index.php\/wp-json\/wp\/v2\/comments?post=579"}],"version-history":[{"count":1,"href":"https:\/\/sergiobertoldi.com\/index.php\/wp-json\/wp\/v2\/posts\/579\/revisions"}],"predecessor-version":[{"id":581,"href":"https:\/\/sergiobertoldi.com\/index.php\/wp-json\/wp\/v2\/posts\/579\/revisions\/581"}],"wp:attachment":[{"href":"https:\/\/sergiobertoldi.com\/index.php\/wp-json\/wp\/v2\/media?parent=579"}],"wp:term":[{"taxonomy":"category","embeddable":true,"href":"https:\/\/sergiobertoldi.com\/index.php\/wp-json\/wp\/v2\/categories?post=579"},{"taxonomy":"post_tag","embeddable":true,"href":"https:\/\/sergiobertoldi.com\/index.php\/wp-json\/wp\/v2\/tags?post=579"}],"curies":[{"name":"wp","href":"https:\/\/api.w.org\/{rel}","templated":true}]}}