{"id":5785,"date":"2024-01-02T11:18:48","date_gmt":"2024-01-02T14:18:48","guid":{"rendered":"https:\/\/sergiobertoldi.com\/?p=5785"},"modified":"2024-01-04T18:51:54","modified_gmt":"2024-01-04T21:51:54","slug":"comecou-oficialmente-a-era-marcelo-teixeira-no-santos","status":"publish","type":"post","link":"https:\/\/sergiobertoldi.com\/index.php\/2024\/01\/02\/comecou-oficialmente-a-era-marcelo-teixeira-no-santos\/","title":{"rendered":"Come\u00e7ou oficialmente a Era Marcelo Teixeira no Santos"},"content":{"rendered":"<p><span style=\"font-family: helvetica, arial, sans-serif; font-size: 14pt;\"><strong><u>Al\u00f4 Na\u00e7\u00e3o Santista! Sauda\u00e7\u00f5es Alvinegras!<\/u><\/strong><\/span><\/p>\n<p style=\"text-align: justify;\"><span style=\"font-family: tahoma, arial, helvetica, sans-serif; font-size: 14pt;\">Era por volta de 10 horas da manh\u00e3 desta ter\u00e7a-feira (02), quando ap\u00f3s 14 anos, per\u00edodo em que esteve longe do cargo que mais conhece e o mais importante dentro do <strong>Santos Futebol Clube<\/strong>, que o Presidente eleito, \u201c<strong>Marcelo Teixeira<\/strong>\u201d, adentrava as depend\u00eancias do Est\u00e1dio \u201cUrbano Caldeira\u201d, a famosa \u201cVila Belmiro\u201d, para pela s\u00e9tima vez, assumir oficialmente como novo Presidente do Peixe no tri\u00eanio de <strong>2024<\/strong> a <strong>2026<\/strong>, ap\u00f3s vencer as elei\u00e7\u00f5es realizadas em dezembro de <strong>2023<\/strong>, com <strong>54,1%<\/strong> dos votos v\u00e1lidos, eleito com <strong>4.762<\/strong> votos (<strong>1.270<\/strong> presenciais e <strong>3.492<\/strong> online).<\/span><\/p>\n<p><img data-recalc-dims=\"1\" loading=\"lazy\" decoding=\"async\" class=\"aligncenter wp-image-5786 size-full\" src=\"https:\/\/i0.wp.com\/sergiobertoldi.com\/wp-content\/uploads\/2024\/01\/poster-11.jpg?resize=640%2C360&#038;ssl=1\" alt=\"\" width=\"640\" height=\"360\" srcset=\"https:\/\/i0.wp.com\/sergiobertoldi.com\/wp-content\/uploads\/2024\/01\/poster-11.jpg?w=640&amp;ssl=1 640w, https:\/\/i0.wp.com\/sergiobertoldi.com\/wp-content\/uploads\/2024\/01\/poster-11.jpg?resize=300%2C169&amp;ssl=1 300w\" sizes=\"auto, (max-width: 640px) 100vw, 640px\" \/><\/p>\n<p style=\"text-align: justify;\"><span style=\"font-family: tahoma, arial, helvetica, sans-serif; font-size: 14pt;\">E como o n\u00famero <strong>7<\/strong> \u00e9 um n\u00famero Cabal\u00edstico, e com uma liga\u00e7\u00e3o muito \u00edntima e especial na vida do Presidente Marcelo Teixeira, voltar ao Santos como \u201cPresidente\u201d, 14 anos depois de sua sa\u00edda, foi algo que n\u00e3o passou despercebido pelo pr\u00f3prio presidente que chegou a brincar com o fato:<\/span><\/p>\n<blockquote>\n<p style=\"text-align: justify;\"><span style=\"font-family: tahoma, arial, helvetica, sans-serif; font-size: 14pt;\">Tinha anotado. Sete e sete d\u00e1 14, ent\u00e3o j\u00e1 \u00e9 um bom sinal. Comentaram comigo logo cedo, tamb\u00e9m, que \u00e9 o s\u00e9timo mandato. Ent\u00e3o, tudo conspirando pelos n\u00fameros cabal\u00edsticos fortes. Entro com muita disposi\u00e7\u00e3o, muito foco e com a responsabilidade que assumimos de reconduzir o\u00a0Santos, mais uma vez, a um patamar que nunca deveria ter sa\u00eddo. \u00c9 uma miss\u00e3o dura, dif\u00edcil. N\u00e3o olharei pelo retrovisor. Olharei s\u00f3 com a vis\u00e3o do presente e futuro para que a gente n\u00e3o fique citando fatos que todos j\u00e1 conhecem, j\u00e1 s\u00e3o sabedores. N\u00f3s temos a incumb\u00eancia de trabalhar e fazer com que tudo seja de uma forma bem conduzida e cheguemos a um objetivo comum r\u00e1pido em um curto espa\u00e7o de tempo.<\/span><\/p>\n<\/blockquote>\n<p style=\"text-align: justify;\"><span style=\"font-family: tahoma, arial, helvetica, sans-serif; font-size: 14pt;\">A primeira coisa que fez em seu primeiro dia como presidente, foi percorrer todos os departamentos da Vila Belmiro, onde fez quest\u00e3o de cumprimentar todos os funcion\u00e1rios os quais encontrava.<\/span><\/p>\n<p><img data-recalc-dims=\"1\" loading=\"lazy\" decoding=\"async\" class=\"aligncenter wp-image-5787 size-full\" src=\"https:\/\/i0.wp.com\/sergiobertoldi.com\/wp-content\/uploads\/2024\/01\/Marcelo-cumprimentando.jpg?resize=640%2C512&#038;ssl=1\" alt=\"\" width=\"640\" height=\"512\" srcset=\"https:\/\/i0.wp.com\/sergiobertoldi.com\/wp-content\/uploads\/2024\/01\/Marcelo-cumprimentando.jpg?w=640&amp;ssl=1 640w, https:\/\/i0.wp.com\/sergiobertoldi.com\/wp-content\/uploads\/2024\/01\/Marcelo-cumprimentando.jpg?resize=300%2C240&amp;ssl=1 300w\" sizes=\"auto, (max-width: 640px) 100vw, 640px\" \/><\/p>\n<p><img data-recalc-dims=\"1\" loading=\"lazy\" decoding=\"async\" class=\"aligncenter wp-image-5788 size-full\" src=\"https:\/\/i0.wp.com\/sergiobertoldi.com\/wp-content\/uploads\/2024\/01\/cumprimentos.jpg?resize=640%2C512&#038;ssl=1\" alt=\"\" width=\"640\" height=\"512\" srcset=\"https:\/\/i0.wp.com\/sergiobertoldi.com\/wp-content\/uploads\/2024\/01\/cumprimentos.jpg?w=640&amp;ssl=1 640w, https:\/\/i0.wp.com\/sergiobertoldi.com\/wp-content\/uploads\/2024\/01\/cumprimentos.jpg?resize=300%2C240&amp;ssl=1 300w\" sizes=\"auto, (max-width: 640px) 100vw, 640px\" \/><\/p>\n<p style=\"text-align: justify;\"><span style=\"font-family: tahoma, arial, helvetica, sans-serif; font-size: 14pt;\">Ap\u00f3s cumprimentar os funcion\u00e1rios do clube, Marcelo Teixeira fez quest\u00e3o de reverenciar os tr\u00eas bustos que ficam na Vila Belmiro logo acima das cadeiras sociais, que representam figuras importantes na hist\u00f3ria do Santos Futebol, Clube, (<strong>Athi\u00ea Jorge Coury<\/strong>, <strong>Urbano Caldeira<\/strong> e <strong>Modesto Roma<\/strong>), Santistas que deram uma contribui\u00e7\u00e3o significativa ao clube ao longo de sua hist\u00f3ria!<br \/>\n<\/span><span style=\"font-family: tahoma, arial, helvetica, sans-serif; font-size: 14pt;\"><strong>Urbano Caldeira<\/strong>, Patrono do Santos, cujo dia nove, certamente voltar\u00e1 a ser comemorado com as honras merecidas!<\/span><\/p>\n<p><img data-recalc-dims=\"1\" loading=\"lazy\" decoding=\"async\" class=\"aligncenter wp-image-5789 size-full\" src=\"https:\/\/i0.wp.com\/sergiobertoldi.com\/wp-content\/uploads\/2024\/01\/Bustos-de-ilustres.jpg?resize=640%2C512&#038;ssl=1\" alt=\"\" width=\"640\" height=\"512\" srcset=\"https:\/\/i0.wp.com\/sergiobertoldi.com\/wp-content\/uploads\/2024\/01\/Bustos-de-ilustres.jpg?w=640&amp;ssl=1 640w, https:\/\/i0.wp.com\/sergiobertoldi.com\/wp-content\/uploads\/2024\/01\/Bustos-de-ilustres.jpg?resize=300%2C240&amp;ssl=1 300w\" sizes=\"auto, (max-width: 640px) 100vw, 640px\" \/><\/p>\n<p style=\"text-align: justify;\"><span style=\"font-family: tahoma, arial, helvetica, sans-serif; font-size: 14pt;\">\u00a0Perguntado pelos Jornalistas, sobre como estava se sentindo nesse seu retorno a presid\u00eancia, Marcelo Teixeira respondeu:<\/span><\/p>\n<blockquote>\n<p style=\"text-align: justify;\"><span style=\"font-family: tahoma, arial, helvetica, sans-serif; font-size: 14pt;\">Estou bastante otimista, confiante e tenho os primeiros compromissos agendados. Era transi\u00e7\u00e3o e, agora, como presidente do clube, vamos ter reuni\u00f5es de departamento com solu\u00e7\u00f5es e decis\u00f5es que v\u00ednhamos tendo do estudo do planejamento para esse ano. Vou ter bastante trabalho, mas tenho a retaguarda dos profissionais que j\u00e1 trabalham no clube.<\/span><\/p>\n<\/blockquote>\n<p style=\"text-align: justify;\"><span style=\"font-family: tahoma, arial, helvetica, sans-serif; font-size: 14pt;\">Com recursos limitados, precisando gerenciar um projeto de reconstru\u00e7\u00e3o, Marcelo Teixeira chega ao Santos nessa sua terceira passagem pelo clube, enfrentando com toda certeza seu maior desafio como mandat\u00e1rio: Conduzir o clube novamente \u00e0 S\u00e9rie A do Brasileir\u00e3o.<\/span><\/p>\n<p style=\"text-align: justify;\"><span style=\"font-family: tahoma, arial, helvetica, sans-serif; font-size: 14pt;\">E \u00e9 por esse motivo que os trabalhos seguem a todo vapor com Santos em busca de refor\u00e7os para a temporada de 2024. At\u00e9 agora, j\u00e1 foram anunciados o t\u00e9cnico <strong>F\u00e1bio Carille<\/strong>, os meias <strong>Giuliano<\/strong>, <strong>Otero<\/strong> e <strong>Pituca<\/strong>, o zagueiro <strong>Gil<\/strong>, os laterais <strong>Aderlan<\/strong>, <strong>Hayner<\/strong> e <strong>Jorge<\/strong>, o volante <strong>Jo\u00e3o Schmidt<\/strong>, os atacantes <strong>Willian Bigode<\/strong>, <strong>Marcelinho<\/strong> e <strong>Guilherme<\/strong>, al\u00e9m das renova\u00e7\u00f5es de contrato do Goleiro <strong>Jo\u00e3o Paulo<\/strong>, os zagueiros <strong>Joaquim<\/strong> e <strong>Jair<\/strong>, o atacante <strong>Furch<\/strong>, e o volante <strong>Tom\u00e1s Rinc\u00f3n<\/strong>.<\/span><\/p>\n<p style=\"text-align: justify;\"><span style=\"font-family: tahoma, arial, helvetica, sans-serif; font-size: 14pt;\">O clube tamb\u00e9m aguarda o retorno do volante <strong>Vinicius Zanocelo<\/strong>, que estava emprestado ao Fortaleza, al\u00e9m da aquisi\u00e7\u00e3o de mais um atacante e um Goleiro para brigar pela posi\u00e7\u00e3o com o Jo\u00e3o Paulo.<\/span><\/p>\n<p><strong><span style=\"text-decoration: underline;\"><span style=\"font-size: 14pt;\">Acompanhe como foi a chegada e o primeiro dia do Presidente Marcelo Teixeira em seu retorno a Vila Belmiro<\/span><\/span><\/strong><\/p>\n<div class=\"jetpack-video-wrapper\"><iframe loading=\"lazy\" title=\"PRIMEIRO DIA OFICIAL DE MARCELO TEIXEIRA COMO PRESIDENTE DO SANTOS FC\" width=\"800\" height=\"450\" src=\"https:\/\/www.youtube.com\/embed\/TNFBrCyE6E4?feature=oembed\" frameborder=\"0\" allow=\"accelerometer; autoplay; clipboard-write; encrypted-media; gyroscope; picture-in-picture; web-share\" allowfullscreen><\/iframe><\/div>\n<p style=\"text-align: justify;\"><span style=\"font-family: tahoma, arial, helvetica, sans-serif; font-size: 14pt;\">(Cr\u00e9dito: Imagem: Raul Baretta\/Santos FC)<br \/>\n<\/span><span style=\"font-family: tahoma, arial, helvetica, sans-serif; font-size: 14pt;\">(Cr\u00e9dito: Imagem: SantosTV\/Divulga\u00e7\u00e3o\/Santos FC)<\/span><\/p>\n<p style=\"text-align: justify;\"><span style=\"font-family: tahoma, arial, helvetica, sans-serif; font-size: 14pt;\">Falamos das coisas do Santos, sempre com a parceria e o apoio dos nossos anunciantes!<\/span><\/p>\n<p style=\"text-align: justify;\">\n","protected":false},"excerpt":{"rendered":"<p>Al\u00f4 Na\u00e7\u00e3o Santista! Sauda\u00e7\u00f5es Alvinegras! Era por volta de 10 horas da manh\u00e3 desta ter\u00e7a-feira (02), quando ap\u00f3s 14 anos,<\/p>\n","protected":false},"author":2,"featured_media":5790,"comment_status":"open","ping_status":"open","sticky":false,"template":"","format":"standard","meta":{"colormag_page_container_layout":"default_layout","colormag_page_sidebar_layout":"default_layout","_jetpack_memberships_contains_paid_content":false,"footnotes":""},"categories":[4,13],"tags":[6],"class_list":["post-5785","post","type-post","status-publish","format-standard","has-post-thumbnail","hentry","category-bastidores-do-santos-fc","category-presidencia","tag-santos-fc"],"jetpack_featured_media_url":"https:\/\/i0.wp.com\/sergiobertoldi.com\/wp-content\/uploads\/2024\/01\/sentado-na-cadeira.jpg?fit=512%2C640&ssl=1","jetpack_likes_enabled":true,"jetpack_sharing_enabled":true,"_links":{"self":[{"href":"https:\/\/sergiobertoldi.com\/index.php\/wp-json\/wp\/v2\/posts\/5785","targetHints":{"allow":["GET"]}}],"collection":[{"href":"https:\/\/sergiobertoldi.com\/index.php\/wp-json\/wp\/v2\/posts"}],"about":[{"href":"https:\/\/sergiobertoldi.com\/index.php\/wp-json\/wp\/v2\/types\/post"}],"author":[{"embeddable":true,"href":"https:\/\/sergiobertoldi.com\/index.php\/wp-json\/wp\/v2\/users\/2"}],"replies":[{"embeddable":true,"href":"https:\/\/sergiobertoldi.com\/index.php\/wp-json\/wp\/v2\/comments?post=5785"}],"version-history":[{"count":3,"href":"https:\/\/sergiobertoldi.com\/index.php\/wp-json\/wp\/v2\/posts\/5785\/revisions"}],"predecessor-version":[{"id":5793,"href":"https:\/\/sergiobertoldi.com\/index.php\/wp-json\/wp\/v2\/posts\/5785\/revisions\/5793"}],"wp:featuredmedia":[{"embeddable":true,"href":"https:\/\/sergiobertoldi.com\/index.php\/wp-json\/wp\/v2\/media\/5790"}],"wp:attachment":[{"href":"https:\/\/sergiobertoldi.com\/index.php\/wp-json\/wp\/v2\/media?parent=5785"}],"wp:term":[{"taxonomy":"category","embeddable":true,"href":"https:\/\/sergiobertoldi.com\/index.php\/wp-json\/wp\/v2\/categories?post=5785"},{"taxonomy":"post_tag","embeddable":true,"href":"https:\/\/sergiobertoldi.com\/index.php\/wp-json\/wp\/v2\/tags?post=5785"}],"curies":[{"name":"wp","href":"https:\/\/api.w.org\/{rel}","templated":true}]}}