{"id":5770,"date":"2023-12-29T14:38:23","date_gmt":"2023-12-29T17:38:23","guid":{"rendered":"https:\/\/sergiobertoldi.com\/?p=5770"},"modified":"2023-12-29T17:53:48","modified_gmt":"2023-12-29T20:53:48","slug":"um-ano-sem-o-nosso-rei","status":"publish","type":"post","link":"https:\/\/sergiobertoldi.com\/index.php\/2023\/12\/29\/um-ano-sem-o-nosso-rei\/","title":{"rendered":"Um ano sem o nosso Rei"},"content":{"rendered":"<p><span style=\"font-family: helvetica, arial, sans-serif; font-size: 14pt;\"><strong><u>Al\u00f4 Na\u00e7\u00e3o Santista! Sauda\u00e7\u00f5es Alvinegras!<\/u><\/strong><\/span><\/p>\n<p><span style=\"font-size: 14pt;\">H\u00e1 exatos <span style=\"font-size: 12pt;\"><strong>365<\/strong><\/span> dias, a Na\u00e7\u00e3o Santista e o mundo do futebol, perdiam Pel\u00e9!<\/span><\/p>\n<p style=\"text-align: justify;\"><span style=\"font-family: tahoma, arial, helvetica, sans-serif; font-size: 14pt;\">\u00a0Edson Arantes do Nascimento, Pel\u00e9 \u201cO Rei do Futebol\u201d dava seu \u00faltimo suspiro. Falecia na \u00e9poca, uma quinta-feira, <strong>29<\/strong> de <strong>dezembro<\/strong> de <strong>2022<\/strong>, \u00e0s <strong>15h27 <\/strong>nas depend\u00eancias do <strong>Hospital Israelita Albert Einstein<\/strong> o maior atleta de todos os tempos, devido \u00e0 fal\u00eancia m\u00faltipla de \u00f3rg\u00e3os.<\/span><\/p>\n<p style=\"text-align: justify;\"><span style=\"font-family: tahoma, arial, helvetica, sans-serif; font-size: 14pt;\">Aos <strong>82 anos<\/strong>, o Rei n\u00e3o resistiu \u00e0s complica\u00e7\u00f5es de um c\u00e2ncer que teve origem no c\u00f3lon e se espalhou para o f\u00edgado, um dos pulm\u00f5es e o restante do intestino. Devido ao estado debilitado causado pelo c\u00e2ncer metast\u00e1tico, Pel\u00e9 enfrentou complica\u00e7\u00f5es card\u00edacas, respirat\u00f3rias e renais, e exatos 30 dias ap\u00f3s ser internado em <strong>29<\/strong> de novembro de 2022, o maior \u00eddolo do futebol Mundial e do torcedor Santista, deixou os Campos da Terra e foi jogar nos Campos do c\u00e9u.\u00a0 \u00a0 \u00a0 \u00a0 \u00a0 \u00a0 \u00a0 \u00a0 \u00a0 \u00a0 \u00a0<\/span><\/p>\n<p style=\"text-align: justify;\"><span style=\"font-size: 14pt;\"><span style=\"font-family: tahoma, arial, helvetica, sans-serif;\">Seu nome de batismo era <strong>Edson Arantes do Nascimento<\/strong>, um mineirinho nascido em <strong>23<\/strong> de <strong>outubro<\/strong> de <strong>1940<\/strong> em Tr\u00eas Cora\u00e7\u00f5es, Minas Gerais.<br \/>\n<\/span><span style=\"font-family: tahoma, arial, helvetica, sans-serif;\">Nascido no seio de uma fam\u00edlia humilde, filho de \u201c<strong>Jo\u00e3o Ramos do Nascimento<\/strong>\u201d e \u201c<strong>Celeste Arantes do Nascimento<\/strong>\u201d a inf\u00e2ncia do at\u00e9 ent\u00e3o menino \u201cEdson\u201d, foi marcada por dificuldades financeiras.<br \/>\n<\/span><span style=\"font-family: tahoma, arial, helvetica, sans-serif;\">Seu pai, conhecido pelo apelido de <strong>Dondinho<\/strong>, era jogador de futebol, o que influenciou de maneira decisiva o interesse de Pel\u00e9 pelo esporte desde cedo. Sua carreira no futebol come\u00e7ou cedo, aos 15 anos, quando estreou no Santos FC. Rapidamente, sua habilidade excepcional, velocidade, dribles e precis\u00e3o nos chutes chamaram a aten\u00e7\u00e3o do mundo.<\/span><\/span><\/p>\n<p style=\"text-align: justify;\"><span style=\"font-size: 14pt;\"><span style=\"font-family: tahoma, arial, helvetica, sans-serif;\">Desde muito cedo, Pel\u00e9 ficou conhecido por sua habilidade \u00fanica, sendo um mestre em marcar gols de diferentes maneiras, seja com os p\u00e9s, cabe\u00e7a ou at\u00e9 mesmo de bicicleta. Al\u00e9m disso, sua vis\u00e3o de jogo e capacidade de criar jogadas excepcionais.<br \/>\n<\/span><span style=\"font-family: tahoma, arial, helvetica, sans-serif;\">O apelido \u201cPel\u00e9\u201d, que o tornou conhecido mundialmente, conta-se que surgiu ainda na inf\u00e2ncia quando era apenas um garoto e morava com a fam\u00edlia em Bauru, no interior de S\u00e3o Paulo, segundo relatos, teria surgido durante uma partida de futebol.<\/span><\/span><\/p>\n<p style=\"text-align: justify;\"><span style=\"font-size: 14pt;\"><span style=\"font-family: tahoma, arial, helvetica, sans-serif;\">O menino Edson Arantes do Nascimento, sempre teve paix\u00e3o por jogar futebol. Seu principal parceiro era o tio Jorge, com que o garoto costumava assistir aos jogos do pai, seo Dondinho, que jogava no <strong>Vasco da Gama<\/strong> de <strong>S\u00e3o Louren\u00e7o<\/strong>, em Minas Gerais. Um dos destaques da equipe era o goleiro, <strong>Jos\u00e9 Lino da Concei\u00e7\u00e3o Faustino<\/strong>, conhecido como <strong>Bil\u00e9<\/strong>.<br \/>\n<\/span><span style=\"font-family: tahoma, arial, helvetica, sans-serif;\">O garoto que adorava brincar de futebol com o tio no gol, mas ainda n\u00e3o tinha a dic\u00e7\u00e3o completamente formada. Quando tentava chamar pelo goleiro, Edson acabava pronunciando algo como \u201c<strong>Pil\u00e9<\/strong>\u201d.<\/span><\/span><\/p>\n<p style=\"text-align: justify;\"><span style=\"font-family: tahoma, arial, helvetica, sans-serif; font-size: 14pt;\">\u00a0Foi ent\u00e3o que os garotos da rua onde Pel\u00e9 jogava as famosas peladas de rua, come\u00e7aram a zombar de Edson, chamando-o de Pel\u00e9. O menino ficava irritado, mas como acontece com todo apelido que se preze, esse acabou pegando. Foi ent\u00e3o que de Bauru, onde defendeu diversos times ainda na adolesc\u00eancia, Edson ficou conhecido para sempre como Pel\u00e9.<\/span><\/p>\n<p style=\"text-align: justify;\"><span style=\"font-size: 14pt;\"><span style=\"font-family: tahoma, arial, helvetica, sans-serif;\">Pel\u00e9 teve outro apelido em seu in\u00edcio no futebol, mas n\u00e3o durou muito tempo! O apelido &#8220;<strong>Gasolina<\/strong>&#8221; tamb\u00e9m est\u00e1 ligado \u00e0 sua juventude e ao in\u00edcio de sua carreira no futebol. Conta-se que, quando Pel\u00e9 era jovem e atuava nas categorias de base do Santos FC, um treinador teria ficado impressionado com a velocidade dele em campo, descrevendo-o como &#8220;el\u00e9trico, correndo tanto que parecia que tinham colocado gasolina no garoto! Esse coment\u00e1rio sobre sua rapidez resultou no apelido &#8220;Gasolina&#8221;, que foi utilizado em um per\u00edodo inicial de sua trajet\u00f3ria, mas acabou n\u00e3o se mantendo t\u00e3o presente quanto o apelido &#8220;Pel\u00e9&#8221;.<br \/>\n<\/span><span style=\"font-family: tahoma, arial, helvetica, sans-serif;\">Outra vers\u00e3o para o apelido, seria segundo diziam na \u00e9poca, uma semelhan\u00e7a do garoto que lembrava fisicamente um famoso cantor ga\u00facho Ant\u00f4nio Monte de Souza, que fazia sucesso no final dos anos 50 e tinha o apelido art\u00edstico de Gasolina.<\/span><\/span><\/p>\n<p style=\"text-align: justify;\"><span style=\"font-family: tahoma, arial, helvetica, sans-serif; font-size: 14pt;\">Pel\u00e9 foi parte integrante da gloriosa era do <strong>Santos Futebol Clube<\/strong>, conquistando in\u00fameros t\u00edtulos, a maior parte com a camisa do Santos (<strong>26<\/strong>). Pelo clube paulista, foram (<b>seis<\/b>\u00a0<strong>Brasileiros, cinco Ta\u00e7as Brasil<\/strong> e um <strong>Torneio Roberto Gomes Pedrosa<\/strong>), (<strong>duas Copas Libertadores<\/strong>, <strong>dois Mundiais de Clubes<\/strong>, e <strong>10 Campeonatos Paulistas<\/strong>.<\/span><\/p>\n<p style=\"text-align: justify;\"><span style=\"font-family: tahoma, arial, helvetica, sans-serif; font-size: 14pt;\"><img data-recalc-dims=\"1\" loading=\"lazy\" decoding=\"async\" class=\"aligncenter wp-image-5771 size-full\" src=\"https:\/\/i0.wp.com\/sergiobertoldi.com\/wp-content\/uploads\/2023\/12\/Ataque-de-Ouro-do-Santos.jpg?resize=570%2C321&#038;ssl=1\" alt=\"\" width=\"570\" height=\"321\" srcset=\"https:\/\/i0.wp.com\/sergiobertoldi.com\/wp-content\/uploads\/2023\/12\/Ataque-de-Ouro-do-Santos.jpg?w=570&amp;ssl=1 570w, https:\/\/i0.wp.com\/sergiobertoldi.com\/wp-content\/uploads\/2023\/12\/Ataque-de-Ouro-do-Santos.jpg?resize=300%2C169&amp;ssl=1 300w\" sizes=\"auto, (max-width: 570px) 100vw, 570px\" \/><br \/>\nSeu sucesso na <strong>Copa do Mundo de 1958<\/strong>,\u00a0foi impressionante, ajudando o Brasil a conquistar seu primeiro t\u00edtulo mundial.<br \/>\nDurante a inf\u00e2ncia, Pel\u00e9 testemunhou seu pai chorando ap\u00f3s o Brasil perder a Copa do Mundo de <strong>1950, <\/strong>quando o Brasil perdeu a final em casa para a Sele\u00e7\u00e3o do Uruguai em pleno Maracan\u00e3!<br \/>\nEle ent\u00e3o prometeu a seu pai <strong>Dondinho<\/strong>, que no futuro ganharia a Copa do Mundo para o Brasil.<br \/>\nPromessa que se concretizou em <strong>1958<\/strong>, quando Pel\u00e9, com apenas <strong>17<\/strong> anos, ajudou o Brasil a conquistar o t\u00edtulo da Copa do Mundo na <strong>Su\u00e9cia<\/strong>.<\/span><\/p>\n<p><span style=\"font-size: 14pt;\"><img data-recalc-dims=\"1\" loading=\"lazy\" decoding=\"async\" class=\"aligncenter wp-image-5772\" src=\"https:\/\/i0.wp.com\/sergiobertoldi.com\/wp-content\/uploads\/2023\/12\/Primeira-Copa-do-Rei.jpeg?resize=652%2C367&#038;ssl=1\" alt=\"\" width=\"652\" height=\"367\" srcset=\"https:\/\/i0.wp.com\/sergiobertoldi.com\/wp-content\/uploads\/2023\/12\/Primeira-Copa-do-Rei.jpeg?w=845&amp;ssl=1 845w, https:\/\/i0.wp.com\/sergiobertoldi.com\/wp-content\/uploads\/2023\/12\/Primeira-Copa-do-Rei.jpeg?resize=300%2C169&amp;ssl=1 300w, https:\/\/i0.wp.com\/sergiobertoldi.com\/wp-content\/uploads\/2023\/12\/Primeira-Copa-do-Rei.jpeg?resize=768%2C432&amp;ssl=1 768w\" sizes=\"auto, (max-width: 652px) 100vw, 652px\" \/><\/span><\/p>\n<p>&nbsp;<\/p>\n<p><span style=\"font-family: tahoma, arial, helvetica, sans-serif; font-size: 14pt;\">Em <strong>1970<\/strong>, na Copa do Mundo no M\u00e9xico, ele liderou a sele\u00e7\u00e3o brasileira com sua genialidade, conquistando o tricampeonato se consagrando como um dos maiores jogadores de futebol de todos os tempos.<\/span><\/p>\n<p><img data-recalc-dims=\"1\" loading=\"lazy\" decoding=\"async\" class=\"aligncenter wp-image-5773\" src=\"https:\/\/i0.wp.com\/sergiobertoldi.com\/wp-content\/uploads\/2023\/12\/pele-morte-copa-70.webp?resize=700%2C394&#038;ssl=1\" alt=\"\" width=\"700\" height=\"394\" srcset=\"https:\/\/i0.wp.com\/sergiobertoldi.com\/wp-content\/uploads\/2023\/12\/pele-morte-copa-70.webp?w=848&amp;ssl=1 848w, https:\/\/i0.wp.com\/sergiobertoldi.com\/wp-content\/uploads\/2023\/12\/pele-morte-copa-70.webp?resize=300%2C169&amp;ssl=1 300w, https:\/\/i0.wp.com\/sergiobertoldi.com\/wp-content\/uploads\/2023\/12\/pele-morte-copa-70.webp?resize=768%2C432&amp;ssl=1 768w\" sizes=\"auto, (max-width: 700px) 100vw, 700px\" \/><\/p>\n<p style=\"text-align: justify;\"><span style=\"font-size: 14pt;\"><span style=\"font-family: tahoma, arial, helvetica, sans-serif;\"><strong>Tricampe\u00e3o mundial<\/strong> com a sele\u00e7\u00e3o brasileira em (<strong>1958<\/strong>, <strong>1962<\/strong> e <strong>1970)<\/strong>, com <strong>1.283<\/strong> gols na carreira, Pel\u00e9 foi\u00a0 <strong>multicampe\u00e3o <\/strong>com o <strong>Santos<\/strong>, seu \u00fanico clube no Brasil em toda a carreira entre <strong>1956<\/strong> e <strong>1974.<\/strong><\/span><\/span><\/p>\n<p><img data-recalc-dims=\"1\" loading=\"lazy\" decoding=\"async\" class=\"aligncenter wp-image-5778 size-full\" src=\"https:\/\/i0.wp.com\/sergiobertoldi.com\/wp-content\/uploads\/2023\/12\/Pele-jpg.jpg?resize=725%2C485&#038;ssl=1\" alt=\"\" width=\"725\" height=\"485\" srcset=\"https:\/\/i0.wp.com\/sergiobertoldi.com\/wp-content\/uploads\/2023\/12\/Pele-jpg.jpg?w=725&amp;ssl=1 725w, https:\/\/i0.wp.com\/sergiobertoldi.com\/wp-content\/uploads\/2023\/12\/Pele-jpg.jpg?resize=300%2C201&amp;ssl=1 300w\" sizes=\"auto, (max-width: 725px) 100vw, 725px\" \/><\/p>\n<p style=\"text-align: justify;\"><span style=\"font-size: 14pt;\"><span style=\"font-family: tahoma, arial, helvetica, sans-serif;\">\u00a0Pel\u00e9, que ainda defendeu o <strong>New York Cosmos-EUA<\/strong> de <strong>1975<\/strong> a <strong>1977<\/strong>, j\u00e1 sofria com problemas no quadril desde 2012 e se locomovia com o aux\u00edlio de uma cadeira de rodas em suas apari\u00e7\u00f5es p\u00fablicas nos \u00faltimos anos.<br \/>\n<\/span><span style=\"font-family: tahoma, arial, helvetica, sans-serif;\">Sua carreira no Santos FC e na sele\u00e7\u00e3o brasileira rendeu mais de <strong>1.000<\/strong> gols registrados oficialmente, um feito extraordin\u00e1rio. Ele tamb\u00e9m foi o artilheiro da hist\u00f3ria da Sele\u00e7\u00e3o Brasileira, com <strong>77<\/strong> gols em jogos oficiais.<\/span><\/span><\/p>\n<p style=\"text-align: justify;\"><span style=\"font-family: tahoma, arial, helvetica, sans-serif; font-size: 14pt;\">O legado de Pel\u00e9 vai al\u00e9m dos trof\u00e9us e estat\u00edsticas. Ele se tornou um embaixador global do futebol, promovendo o esporte e sendo um exemplo de fair play e humildade. Sua influ\u00eancia transcendeu as fronteiras do campo, transformando-o em um \u00edcone cultural e social como &#8220;Atl\u00e9ta do S\u00e9culo&#8221;, inspirando gera\u00e7\u00f5es de jogadores e f\u00e3s do esporte em todo o mundo.<\/span><\/p>\n<p style=\"text-align: justify;\"><span style=\"font-family: tahoma, arial, helvetica, sans-serif; font-size: 14pt;\">(Cr\u00e9dito: Imagem: Divulga\u00e7\u00e3o\/Santos FC)<\/span><\/p>\n<p style=\"text-align: justify;\"><span style=\"font-family: tahoma, arial, helvetica, sans-serif; font-size: 14pt;\">Falamos das coisas do Santos, sempre com a parceria e o apoio dos nossos anunciantes!<\/span><\/p>\n<p style=\"text-align: justify;\">\n","protected":false},"excerpt":{"rendered":"<p>Al\u00f4 Na\u00e7\u00e3o Santista! Sauda\u00e7\u00f5es Alvinegras! H\u00e1 exatos 365 dias, a Na\u00e7\u00e3o Santista e o mundo do futebol, perdiam Pel\u00e9! \u00a0Edson<\/p>\n","protected":false},"author":2,"featured_media":5774,"comment_status":"open","ping_status":"open","sticky":false,"template":"","format":"standard","meta":{"colormag_page_container_layout":"default_layout","colormag_page_sidebar_layout":"default_layout","_jetpack_memberships_contains_paid_content":false,"footnotes":""},"categories":[23,35],"tags":[6],"class_list":["post-5770","post","type-post","status-publish","format-standard","has-post-thumbnail","hentry","category-arquivo-e-memoria","category-edicao-especial","tag-santos-fc"],"jetpack_featured_media_url":"https:\/\/i0.wp.com\/sergiobertoldi.com\/wp-content\/uploads\/2023\/12\/Um-ano-sem-o-Rei.jpg?fit=597%2C345&ssl=1","jetpack_likes_enabled":true,"jetpack_sharing_enabled":true,"_links":{"self":[{"href":"https:\/\/sergiobertoldi.com\/index.php\/wp-json\/wp\/v2\/posts\/5770","targetHints":{"allow":["GET"]}}],"collection":[{"href":"https:\/\/sergiobertoldi.com\/index.php\/wp-json\/wp\/v2\/posts"}],"about":[{"href":"https:\/\/sergiobertoldi.com\/index.php\/wp-json\/wp\/v2\/types\/post"}],"author":[{"embeddable":true,"href":"https:\/\/sergiobertoldi.com\/index.php\/wp-json\/wp\/v2\/users\/2"}],"replies":[{"embeddable":true,"href":"https:\/\/sergiobertoldi.com\/index.php\/wp-json\/wp\/v2\/comments?post=5770"}],"version-history":[{"count":6,"href":"https:\/\/sergiobertoldi.com\/index.php\/wp-json\/wp\/v2\/posts\/5770\/revisions"}],"predecessor-version":[{"id":5781,"href":"https:\/\/sergiobertoldi.com\/index.php\/wp-json\/wp\/v2\/posts\/5770\/revisions\/5781"}],"wp:featuredmedia":[{"embeddable":true,"href":"https:\/\/sergiobertoldi.com\/index.php\/wp-json\/wp\/v2\/media\/5774"}],"wp:attachment":[{"href":"https:\/\/sergiobertoldi.com\/index.php\/wp-json\/wp\/v2\/media?parent=5770"}],"wp:term":[{"taxonomy":"category","embeddable":true,"href":"https:\/\/sergiobertoldi.com\/index.php\/wp-json\/wp\/v2\/categories?post=5770"},{"taxonomy":"post_tag","embeddable":true,"href":"https:\/\/sergiobertoldi.com\/index.php\/wp-json\/wp\/v2\/tags?post=5770"}],"curies":[{"name":"wp","href":"https:\/\/api.w.org\/{rel}","templated":true}]}}