{"id":5595,"date":"2023-09-18T22:01:26","date_gmt":"2023-09-19T01:01:26","guid":{"rendered":"https:\/\/sergiobertoldi.com\/?p=5595"},"modified":"2023-09-30T22:34:46","modified_gmt":"2023-10-01T01:34:46","slug":"na-estreia-do-tecnico-marcelo-fernandes-santos-vence-o-bahia-de-virada-em-plena-fonte-nova","status":"publish","type":"post","link":"https:\/\/sergiobertoldi.com\/index.php\/2023\/09\/18\/na-estreia-do-tecnico-marcelo-fernandes-santos-vence-o-bahia-de-virada-em-plena-fonte-nova\/","title":{"rendered":"Na estreia do t\u00e9cnico Marcelo Fernandes Santos vence o Bahia de virada em plena Fonte Nova"},"content":{"rendered":"<p><span style=\"font-size: 14pt; font-family: helvetica, arial, sans-serif;\"><strong><u>Al\u00f4 Na\u00e7\u00e3o Santista! Sauda\u00e7\u00f5es Alvinegras!<\/u><\/strong><u>\u00a0<\/u><\/span><\/p>\n<p><span style=\"font-size: 14pt; font-family: arial, helvetica, sans-serif;\">O Santos ainda est\u00e1 vivo na disputa pelo direito de permanecer na elite do Futebol Brasileiro!<\/span><\/p>\n<p><span style=\"font-size: 14pt; font-family: arial, helvetica, sans-serif;\">Auxiliar-t\u00e9cnico da comiss\u00e3o fixa do Santos, <strong>Marcelo Fernandes<\/strong> foi o escolhido por <strong>Alexandre Gallo<\/strong>, (Coordenador T\u00e9cnico), para ser o treinador da equipe no duelo contra o Bahia, pela 24\u00aa rodada do Campeonato Brasileiro.<\/span><\/p>\n<p><span style=\"font-size: 14pt; font-family: arial, helvetica, sans-serif;\">Com a volta do t\u00e9cnico interino Marcelo Fernandes, a equipe conseguiu uma vit\u00f3ria importante contra o Bahia na noite desta segunda-feira (18), na Arena Fonte Nova.<br \/>\nO jogo foi equilibrado, mas o Peixe conseguiu uma virada emocionante no final do segundo tempo, vencendo por 2 a 1. Esse resultado traz esperan\u00e7a para o time alvinegro, que busca dias melhores na competi\u00e7\u00e3o.<\/span><\/p>\n<p><span style=\"font-size: 14pt; font-family: arial, helvetica, sans-serif;\">O Bahia abriu o placar com <strong>Camilo C\u00e2ndido<\/strong>, aos (14min2T) mas o Santos reagiu indo buscar a igualdade com <strong>Marcos Leonardo<\/strong> aos (27min2T) e a virada da vit\u00f3ria com <strong>Julio Furch <\/strong>j\u00e1 nos acr\u00e9cimos aos (48min2T)\u00a0 Com o resultado, o Santos chegou aos <strong>24 pontos<\/strong>, mantendo-se na <strong>17\u00aa<\/strong> posi\u00e7\u00e3o, na zona de rebaixamento, mas agora mais perto da sa\u00edda.<\/span><\/p>\n<p><span style=\"font-size: 14pt; font-family: arial, helvetica, sans-serif;\">Esta foi a quinta vez que Marcelo Fernandes assumiu o comando T\u00e9cnico do elenco do Peixe, sob a administra\u00e7\u00e3o do Presidente <strong>Andres Rueda<\/strong>. Em julho do ano passado, Marcelo havia sido demitido, mas retornou ao clube em agosto deste ano, ap\u00f3s a sa\u00edda do t\u00e9cnico <strong>Paulo Turra<\/strong>.<\/span><\/p>\n<p><img data-recalc-dims=\"1\" loading=\"lazy\" decoding=\"async\" class=\"aligncenter wp-image-5598 size-full\" src=\"https:\/\/i0.wp.com\/sergiobertoldi.com\/wp-content\/uploads\/2023\/09\/Untitled.jpg?resize=265%2C190&#038;ssl=1\" alt=\"\" width=\"265\" height=\"190\" \/><\/p>\n<p><span style=\"font-size: 14pt; font-family: arial, helvetica, sans-serif;\">Comandando o Santos interinamente, Marcelo Fernandes tr\u00e1s consigo os seguintes n\u00fameros somente na Gest\u00e3o Rueda:<\/span><\/p>\n<ul>\n<li><span style=\"font-size: 14pt; font-family: arial, helvetica, sans-serif;\">15 jogos<\/span><\/li>\n<li><span style=\"font-size: 14pt; font-family: arial, helvetica, sans-serif;\">07 vit\u00f3rias<\/span><\/li>\n<li><span style=\"font-size: 14pt; font-family: arial, helvetica, sans-serif;\">04 empates<\/span><\/li>\n<li><span style=\"font-size: 14pt; font-family: arial, helvetica, sans-serif;\">03 derrotas<\/span><\/li>\n<li><span style=\"font-size: 14pt; font-family: arial, helvetica, sans-serif;\">52,3% de aproveitamento<\/span><\/li>\n<\/ul>\n<p><span style=\"font-size: 14pt; font-family: arial, helvetica, sans-serif;\">O Santos volta a jogar apenas daqui a 13 dias, quando no dia 1\u00ba de Outubro, Domingo, recebe em casa na Vila Belmiro, a equipe do Vasco da Gama pela 25\u00aa rodada do Campeonato Brasileiro.<\/span><\/p>\n<p><span style=\"font-size: 14pt; font-family: georgia, palatino, serif;\"><strong><u>Confira os gols do Santos<\/u><\/strong><\/span><\/p>\n<div class=\"jetpack-video-wrapper\"><iframe loading=\"lazy\" title=\"BAHIA 1 X 2 SANTOS | GOLS | BRASILEIR\u00c3O (18\/09\/23)\" width=\"800\" height=\"450\" src=\"https:\/\/www.youtube.com\/embed\/_NcX_VQ4UNk?feature=oembed\" frameborder=\"0\" allow=\"accelerometer; autoplay; clipboard-write; encrypted-media; gyroscope; picture-in-picture; web-share\" allowfullscreen><\/iframe><\/div>\n<p><span style=\"font-size: 14pt; font-family: georgia, palatino, serif;\"><strong><u>Acompanhe a Coletiva do T\u00e9cnico Marcelo Fernandes<\/u><\/strong><\/span><\/p>\n<div class=\"jetpack-video-wrapper\"><iframe loading=\"lazy\" title=\"MARCELO FERNANDES | COLETIVA (18\/09\/23)\" width=\"800\" height=\"450\" src=\"https:\/\/www.youtube.com\/embed\/oElrhBbwlqo?list=UULF0uRT_armQXqds_rjTjqJ0g\" frameborder=\"0\" allow=\"accelerometer; autoplay; clipboard-write; encrypted-media; gyroscope; picture-in-picture; web-share\" allowfullscreen><\/iframe><\/div>\n<p><span style=\"font-size: 14pt; font-family: georgia, palatino, serif;\"><strong><u>PITACOS DO BERTOLDI<\/u><\/strong><\/span><\/p>\n<p><span style=\"font-size: 14pt; font-family: arial, helvetica, sans-serif;\">O Santos venceu o Bahia em um jogo decisivo fora de casa, partida daquelas que costumamos dizer que vale seis pontos!<\/span><\/p>\n<p><span style=\"font-size: 14pt; font-family: arial, helvetica, sans-serif;\">Esta vit\u00f3ria do Alvinegro Praiano, passa diretamente por dois grandes m\u00e9ritos do trabalho de hoje do t\u00e9cnico <strong>Marcelo Fernandes<\/strong>, no confronto com o Bahia: Primeira grande sacada: Sabedor que o lateral esquerdo <strong>Dod\u00f4<\/strong> n\u00e3o tem a m\u00ednima condi\u00e7\u00e3o f\u00edsica para jogar de ala, atacando e defendendo o jogo inteiro, o que fez o Marcelo? Escalou o Dod\u00f4 fixo como um falso quarto Zagueiro pelo lado esquerdo, deixando o jogador mais fixo, se preocupando apenas com o setor defensivo, enquanto escalou o jovem lateral esquerdo <strong>Kevyson<\/strong>, aberto como um verdadeiro ponta esquerda \u00e0 moda antiga!<\/span><\/p>\n<p><span style=\"font-size: 14pt; font-family: arial, helvetica, sans-serif;\">\u00a0Dessa maneira, ele matou dois coelhos com uma paulada s\u00f3: Deixou o Dod\u00f4 com todo o folego para se preocupar apenas com quem atacasse por aquele lado, ao mesmo tempo que evitou que o Dod\u00f4 fosse muito atacado, pois quem do Bahia caia por aquele setor, n\u00e3o poderia se mandar totalmente para o ataque pois precisava se preocupar com o Kevyson em seu costado!<\/span><\/p>\n<p><span style=\"font-size: 14pt; font-family: arial, helvetica, sans-serif;\">\u00a0Segunda sacada certeira do Marcelo Fernandes: Finalmente colocou o jogador <strong>Jean Lucas<\/strong> na posi\u00e7\u00e3o correta, jogando como segundo volante quie \u00e9 sua posi\u00e7\u00e3o de origem, de forma que pudemos ver novamente, aquele Jean Lucas dos tempos do Santos do t\u00e9cnico <strong>Sampaoli<\/strong>.<\/span><\/p>\n<p><span style=\"font-size: 14pt; font-family: arial, helvetica, sans-serif;\">\u00a0Jean Lucas hoje jogou muito bem! E por ultimo mas n\u00e3o menos importante: Acho que ficou bem claro que n\u00e3o precisamos necessariamente jogar com mais de um volante de marca\u00e7\u00e3o! O volante Rincon, sozinho tomou conta da cabe\u00e7a de \u00e1rea!<\/span><\/p>\n<p><span style=\"font-size: 14pt; font-family: arial, helvetica, sans-serif;\">Fazia quase tr\u00eas anos, que eu n\u00e3o via o meu Santos jogando com ra\u00e7a, com vontade e amor a camisa, um time montado taticamente de maneira simples mas perfeita, jogando da maneira como a maioria de n\u00f3s vem pedindo h\u00e1 tempos!<\/span><\/p>\n<p><span style=\"font-size: 14pt; font-family: arial, helvetica, sans-serif;\">(Cr\u00e9dito: Imagem: Junior Damasceno\/Photo Premium\/Gazeta Press)<\/span><br \/>\n<span style=\"font-size: 14pt; font-family: arial, helvetica, sans-serif;\">(Cr\u00e9dito: Imagem: SantosTV\/Divulga\u00e7\u00e3o\/Santos FC)<\/span><\/p>\n<p><span style=\"font-size: 14pt; font-family: arial, helvetica, sans-serif;\">Falamos das coisas do Santos, sempre com a parceria e o apoio dos nossos anunciantes!<\/span><\/p>\n<p>&nbsp;<\/p>\n","protected":false},"excerpt":{"rendered":"<p>Al\u00f4 Na\u00e7\u00e3o Santista! Sauda\u00e7\u00f5es Alvinegras!\u00a0 O Santos ainda est\u00e1 vivo na disputa pelo direito de permanecer na elite do Futebol<\/p>\n","protected":false},"author":2,"featured_media":5596,"comment_status":"open","ping_status":"open","sticky":false,"template":"","format":"standard","meta":{"colormag_page_container_layout":"default_layout","colormag_page_sidebar_layout":"default_layout","_jetpack_memberships_contains_paid_content":false,"footnotes":""},"categories":[12,4,11,59,16],"tags":[6],"class_list":["post-5595","post","type-post","status-publish","format-standard","has-post-thumbnail","hentry","category-analise-e-comentario","category-bastidores-do-santos-fc","category-campeonato-brasileiro","category-pitacos-do-bertoldi","category-resenha-do-jogo","tag-santos-fc"],"jetpack_featured_media_url":"https:\/\/i0.wp.com\/sergiobertoldi.com\/wp-content\/uploads\/2023\/09\/gazeta-press-foto-1939882-scaled-1-e1696123330185.jpg?fit=700%2C438&ssl=1","jetpack_likes_enabled":true,"jetpack_sharing_enabled":true,"_links":{"self":[{"href":"https:\/\/sergiobertoldi.com\/index.php\/wp-json\/wp\/v2\/posts\/5595","targetHints":{"allow":["GET"]}}],"collection":[{"href":"https:\/\/sergiobertoldi.com\/index.php\/wp-json\/wp\/v2\/posts"}],"about":[{"href":"https:\/\/sergiobertoldi.com\/index.php\/wp-json\/wp\/v2\/types\/post"}],"author":[{"embeddable":true,"href":"https:\/\/sergiobertoldi.com\/index.php\/wp-json\/wp\/v2\/users\/2"}],"replies":[{"embeddable":true,"href":"https:\/\/sergiobertoldi.com\/index.php\/wp-json\/wp\/v2\/comments?post=5595"}],"version-history":[{"count":3,"href":"https:\/\/sergiobertoldi.com\/index.php\/wp-json\/wp\/v2\/posts\/5595\/revisions"}],"predecessor-version":[{"id":5600,"href":"https:\/\/sergiobertoldi.com\/index.php\/wp-json\/wp\/v2\/posts\/5595\/revisions\/5600"}],"wp:featuredmedia":[{"embeddable":true,"href":"https:\/\/sergiobertoldi.com\/index.php\/wp-json\/wp\/v2\/media\/5596"}],"wp:attachment":[{"href":"https:\/\/sergiobertoldi.com\/index.php\/wp-json\/wp\/v2\/media?parent=5595"}],"wp:term":[{"taxonomy":"category","embeddable":true,"href":"https:\/\/sergiobertoldi.com\/index.php\/wp-json\/wp\/v2\/categories?post=5595"},{"taxonomy":"post_tag","embeddable":true,"href":"https:\/\/sergiobertoldi.com\/index.php\/wp-json\/wp\/v2\/tags?post=5595"}],"curies":[{"name":"wp","href":"https:\/\/api.w.org\/{rel}","templated":true}]}}