{"id":5546,"date":"2023-08-23T14:00:10","date_gmt":"2023-08-23T17:00:10","guid":{"rendered":"https:\/\/sergiobertoldi.com\/?p=5546"},"modified":"2023-09-02T17:27:41","modified_gmt":"2023-09-02T20:27:41","slug":"santos-apresenta-o-volante-tomas-rincon","status":"publish","type":"post","link":"https:\/\/sergiobertoldi.com\/index.php\/2023\/08\/23\/santos-apresenta-o-volante-tomas-rincon\/","title":{"rendered":"Santos apresenta o Volante Tom\u00e1s Rincon"},"content":{"rendered":"<p><span style=\"font-family: helvetica, arial, sans-serif; font-size: 14pt;\">\u00a0<strong><u>Al\u00f4 Na\u00e7\u00e3o Santista! Sauda\u00e7\u00f5es Alvinegras!<\/u><\/strong><\/span><\/p>\n<p><span style=\"font-family: arial, helvetica, sans-serif; font-size: 14pt;\">Nesta quarta-feira (23), o Santos realizou uma entrevista coletiva para apresentar o volante venezuelano <strong>Tom\u00e1s Rinc\u00f3n<\/strong>, jogador que at\u00e9 pouco tempo estava na Sampdoria, da It\u00e1lia, e assinou contrato com o Santos at\u00e9 dezembro de 2024.<\/span><\/p>\n<p><span style=\"font-family: arial, helvetica, sans-serif; font-size: 14pt;\"><strong>Tom\u00e1s Eduardo Rinc\u00f3n Hern\u00e1ndez<\/strong>, mais conhecido como Tom\u00e1s Rinc\u00f3n, nasceu em San Crist\u00f3bal, na Venezuela em 13 de janeiro de 1988 e atua como volante.<\/span><\/p>\n<p><span style=\"font-family: arial, helvetica, sans-serif; font-size: 14pt;\">Rincon iniciou sua carreira no Zamora, equipe da Venezuela, mas logo se transferiu para o Deportivo T\u00e1chira. Em seguida, jogou no Hamburgo, da Alemanha, at\u00e9 se estabelecer na It\u00e1lia em 2014.<\/span><\/p>\n<p><span style=\"font-family: arial, helvetica, sans-serif; font-size: 14pt;\">Primeiramente, Rinc\u00f3n jogou pelo Genoa por mais de duas temporadas. Depois, teve passagens pela Juventus e Torino, at\u00e9 chegar na Sampdoria. L\u00e1, ele disputou 55 partidas e foi rebaixado para a segunda divis\u00e3o italiana na temporada 22\/23.<\/span><\/p>\n<p><span style=\"font-size: 14pt;\"><strong><u>Hist\u00f3rico de Clubes por onde o jogador atuou<\/u><\/strong><\/span><\/p>\n<p><img data-recalc-dims=\"1\" loading=\"lazy\" decoding=\"async\" class=\"alignnone wp-image-5547 size-full\" src=\"https:\/\/i0.wp.com\/sergiobertoldi.com\/wp-content\/uploads\/2023\/09\/Tomas-Rincon.jpg?resize=347%2C229&#038;ssl=1\" alt=\"\" width=\"347\" height=\"229\" srcset=\"https:\/\/i0.wp.com\/sergiobertoldi.com\/wp-content\/uploads\/2023\/09\/Tomas-Rincon.jpg?w=347&amp;ssl=1 347w, https:\/\/i0.wp.com\/sergiobertoldi.com\/wp-content\/uploads\/2023\/09\/Tomas-Rincon.jpg?resize=300%2C198&amp;ssl=1 300w\" sizes=\"auto, (max-width: 347px) 100vw, 347px\" \/><\/p>\n<p><span style=\"font-size: 14pt;\"><strong><u>Hist\u00f3rico de t\u00edtulos que o jogador j\u00e1 conquistou na carreira<\/u><\/strong><\/span><\/p>\n<p><img data-recalc-dims=\"1\" loading=\"lazy\" decoding=\"async\" class=\"alignnone wp-image-5548 size-full\" src=\"https:\/\/i0.wp.com\/sergiobertoldi.com\/wp-content\/uploads\/2023\/09\/Tomas-Rincon-01.jpg?resize=465%2C135&#038;ssl=1\" alt=\"\" width=\"465\" height=\"135\" srcset=\"https:\/\/i0.wp.com\/sergiobertoldi.com\/wp-content\/uploads\/2023\/09\/Tomas-Rincon-01.jpg?w=465&amp;ssl=1 465w, https:\/\/i0.wp.com\/sergiobertoldi.com\/wp-content\/uploads\/2023\/09\/Tomas-Rincon-01.jpg?resize=300%2C87&amp;ssl=1 300w\" sizes=\"auto, (max-width: 465px) 100vw, 465px\" \/><\/p>\n<p><span style=\"font-family: arial, helvetica, sans-serif; font-size: 14pt;\">Com 35 anos de idade, o atleta \u00e9 o capit\u00e3o da sele\u00e7\u00e3o venezuelana e estava sem clube, mantendo sua forma f\u00edsica por conta pr\u00f3pria.<\/span><\/p>\n<p><span style=\"font-family: georgia, palatino, serif; font-size: 14pt;\"><strong><u>Acompanhe a Coletiva de apresenta\u00e7\u00e3o do volante Tom\u00e1s Rincon<\/u><\/strong><\/span><\/p>\n<div class=\"jetpack-video-wrapper\"><iframe loading=\"lazy\" title=\"TOM\u00c1S RINC\u00d3N | APRESENTA\u00c7\u00c3O (23\/08\/23)\" width=\"800\" height=\"450\" src=\"https:\/\/www.youtube.com\/embed\/jBYgtuv1X70?feature=oembed\" frameborder=\"0\" allow=\"accelerometer; autoplay; clipboard-write; encrypted-media; gyroscope; picture-in-picture; web-share\" allowfullscreen><\/iframe><\/div>\n<p><span style=\"font-family: arial, helvetica, sans-serif; font-size: 14pt;\">(Cr\u00e9dito: Imagem: Raul Baretta\/Santos FC)<br \/>\n<\/span><span style=\"font-family: arial, helvetica, sans-serif; font-size: 14pt;\">(Cr\u00e9dito: Imagem: SantosTV\/Divulga\u00e7\u00e3o\/Santos FC)<\/span><\/p>\n<p><span style=\"font-family: arial, helvetica, sans-serif; font-size: 14pt;\">Falamos das coisas do Santos, sempre com a parceria e o apoio dos nossos anunciantes!<\/span><\/p>\n<p><strong><u>\u00a0<\/u><\/strong><\/p>\n","protected":false},"excerpt":{"rendered":"<p>\u00a0Al\u00f4 Na\u00e7\u00e3o Santista! Sauda\u00e7\u00f5es Alvinegras! Nesta quarta-feira (23), o Santos realizou uma entrevista coletiva para apresentar o volante venezuelano Tom\u00e1s<\/p>\n","protected":false},"author":2,"featured_media":5549,"comment_status":"open","ping_status":"open","sticky":false,"template":"","format":"standard","meta":{"colormag_page_container_layout":"default_layout","colormag_page_sidebar_layout":"default_layout","_jetpack_memberships_contains_paid_content":false,"footnotes":""},"categories":[68,4,30],"tags":[6],"class_list":["post-5546","post","type-post","status-publish","format-standard","has-post-thumbnail","hentry","category-apresentacao-oficial","category-bastidores-do-santos-fc","category-contratacoes","tag-santos-fc"],"jetpack_featured_media_url":"https:\/\/i0.wp.com\/sergiobertoldi.com\/wp-content\/uploads\/2023\/09\/Rincon-e1693686417598.jpg?fit=550%2C440&ssl=1","jetpack_likes_enabled":true,"jetpack_sharing_enabled":true,"_links":{"self":[{"href":"https:\/\/sergiobertoldi.com\/index.php\/wp-json\/wp\/v2\/posts\/5546","targetHints":{"allow":["GET"]}}],"collection":[{"href":"https:\/\/sergiobertoldi.com\/index.php\/wp-json\/wp\/v2\/posts"}],"about":[{"href":"https:\/\/sergiobertoldi.com\/index.php\/wp-json\/wp\/v2\/types\/post"}],"author":[{"embeddable":true,"href":"https:\/\/sergiobertoldi.com\/index.php\/wp-json\/wp\/v2\/users\/2"}],"replies":[{"embeddable":true,"href":"https:\/\/sergiobertoldi.com\/index.php\/wp-json\/wp\/v2\/comments?post=5546"}],"version-history":[{"count":1,"href":"https:\/\/sergiobertoldi.com\/index.php\/wp-json\/wp\/v2\/posts\/5546\/revisions"}],"predecessor-version":[{"id":5550,"href":"https:\/\/sergiobertoldi.com\/index.php\/wp-json\/wp\/v2\/posts\/5546\/revisions\/5550"}],"wp:featuredmedia":[{"embeddable":true,"href":"https:\/\/sergiobertoldi.com\/index.php\/wp-json\/wp\/v2\/media\/5549"}],"wp:attachment":[{"href":"https:\/\/sergiobertoldi.com\/index.php\/wp-json\/wp\/v2\/media?parent=5546"}],"wp:term":[{"taxonomy":"category","embeddable":true,"href":"https:\/\/sergiobertoldi.com\/index.php\/wp-json\/wp\/v2\/categories?post=5546"},{"taxonomy":"post_tag","embeddable":true,"href":"https:\/\/sergiobertoldi.com\/index.php\/wp-json\/wp\/v2\/tags?post=5546"}],"curies":[{"name":"wp","href":"https:\/\/api.w.org\/{rel}","templated":true}]}}