{"id":5515,"date":"2023-08-20T18:30:32","date_gmt":"2023-08-20T21:30:32","guid":{"rendered":"https:\/\/sergiobertoldi.com\/?p=5515"},"modified":"2023-08-23T00:06:08","modified_gmt":"2023-08-23T03:06:08","slug":"alo-gremio-imortal-aqui-e-o-santos-sobrenatural","status":"publish","type":"post","link":"https:\/\/sergiobertoldi.com\/index.php\/2023\/08\/20\/alo-gremio-imortal-aqui-e-o-santos-sobrenatural\/","title":{"rendered":"Al\u00f4 Gr\u00eamio Imortal: Aqui \u00e9 o Santos Sobrenatural"},"content":{"rendered":"<p><span style=\"font-family: helvetica, arial, sans-serif; font-size: 14pt;\"><strong><u>Al\u00f4 Na\u00e7\u00e3o Santista! Sauda\u00e7\u00f5es Alvinegras!<\/u><\/strong><strong><u>\u00a0<\/u><\/strong><\/span><\/p>\n<p style=\"text-align: justify;\"><span style=\"font-family: arial, helvetica, sans-serif; font-size: 14pt;\">Pela <strong>20\u00aa<\/strong> rodada do <strong>Campeonato Brasileiro<\/strong>, Santos e Gr\u00eamio-RS se enfrentaram neste \u00faltimo domingo, \u00e0s <strong>16h00<\/strong> (de Bras\u00edlia), no est\u00e1dio <strong>Urbano Caldeira<\/strong> na Vila Belmiro, confronto que terminou com uma vit\u00f3ria do Alvinegro Praiano, pelo placar de 2 a 1 de virada, com gols marcados pelos centroavantes <strong>Marcos Leonardo<\/strong> e <strong>Julio Furch<\/strong>.<br \/>\n<\/span><span style=\"font-family: arial, helvetica, sans-serif; font-size: 14pt;\">Com essa vit\u00f3ria em casa, o Alvinegro Praiano conquistou tr\u00eas importantes pontos, chegando aos <strong>21<\/strong>\u00a0<\/span><\/p>\n<p style=\"text-align: justify;\"><span style=\"font-family: arial, helvetica, sans-serif; font-size: 14pt;\">Vencer o Gr\u00eamio jogando na Vila Belmiro, n\u00e3o seria surpresa ou algo extraordin\u00e1rio, se lev\u00e1ssemos em considera\u00e7\u00e3o apenas a grandeza e o peso da camisa do Santos Futebol Clube.<br \/>\nPor\u00e9m as circunstancias que envolveram essa vit\u00f3ria, explicam o porqu\u00ea do fato de que se o Gr\u00eamio \u00e9 conhecido como \u201c<strong>Imortal<\/strong>\u201d, o Alvinegro mais famoso do mundo, tem que ser considerado \u201c<strong>Sobrenatural<\/strong>\u201d<\/span><\/p>\n<p style=\"text-align: justify;\"><span style=\"font-family: arial, helvetica, sans-serif; font-size: 14pt;\">O m\u00ednimo que eu ouvi de colegas da Cr\u00f4nica Esportiva ap\u00f3s a vit\u00f3ria Santista, foi:\u00a0<\/span><span style=\"font-family: arial, helvetica, sans-serif; font-size: 14pt;\">\u201c<strong>O Santos precisa ser estudado&#8221;<\/strong>! Definitivamente n\u00e3o \u00e9 normal o que acontece por l\u00e1\u201d.<br \/>\nRefer\u00eancia cl\u00e1ssica a maneira como o <strong>Santos Futebol Clube<\/strong>, emerge, ressurge como uma <strong>F\u00eanix<\/strong>, f\u00eanice (em grego cl\u00e1ssico: \u03d5\u03bf\u1fd6\u03bd\u03b9\u03be), um p\u00e1ssaro da mitologia grega, que quando morria, entrava em auto combust\u00e3o, e passado algum tempo, ressurgia das pr\u00f3prias cinzas.<\/span><\/p>\n<p style=\"text-align: justify;\"><span style=\"font-family: arial, helvetica, sans-serif; font-size: 14pt;\">Assim \u00e9 o Santos! Quando todos o subjugam, quando as dificuldades s\u00e3o t\u00e3o grandes que parecem intranspon\u00edveis, quando at\u00e9 mesmo sua pr\u00f3pria torcida teme pelo pior, o Santos prova que como dizia o saudoso (Pde. Paulo Horneaux), &#8220;<strong><em>O Santos<\/em>\u00a0Futebol Clube \u00e9 uma\u00a0<em>for\u00e7a viva<\/em>, temperada no fragor de batalhas memor\u00e1veis<\/strong>&#8221; \u00e9 mesmo uma \u201c<strong>For\u00e7a Viva<\/strong>\u201d, e como um verdadeiro gigante adormecido, acorda e arrebenta com os cr\u00edticos e especialistas de plant\u00e3o!<br \/>\n<\/span><span style=\"font-family: arial, helvetica, sans-serif; font-size: 14pt;\">\u201cDesta vez foi contra o Gr\u00eamio que a F\u00eanix ressurgiu, que o Gigante acordou\u201d<\/span><\/p>\n<p style=\"text-align: justify;\"><span style=\"font-family: arial, helvetica, sans-serif; font-size: 14pt;\">Vindo de um primeiro turno desastroso neste Brasileir\u00e3o 2023, uma campanha de apenas <strong>18<\/strong> pontos em <strong>19<\/strong> rodadas, ocupando a <strong>17\u00aa<\/strong> coloca\u00e7\u00e3o dentre os <strong>20<\/strong> clubes da elite do futebol Brasileiro, a partida contra os ga\u00fachos do Gr\u00eamio, a primeira abrindo o returno da competi\u00e7\u00e3o, se apresentava sob muita expectativa!<\/span><\/p>\n<p><img data-recalc-dims=\"1\" loading=\"lazy\" decoding=\"async\" class=\"aligncenter wp-image-5516 size-full\" src=\"https:\/\/i0.wp.com\/sergiobertoldi.com\/wp-content\/uploads\/2023\/08\/Campanha-do-Santos.jpg?resize=481%2C82&#038;ssl=1\" alt=\"\" width=\"481\" height=\"82\" srcset=\"https:\/\/i0.wp.com\/sergiobertoldi.com\/wp-content\/uploads\/2023\/08\/Campanha-do-Santos.jpg?w=481&amp;ssl=1 481w, https:\/\/i0.wp.com\/sergiobertoldi.com\/wp-content\/uploads\/2023\/08\/Campanha-do-Santos.jpg?resize=300%2C51&amp;ssl=1 300w\" sizes=\"auto, (max-width: 481px) 100vw, 481px\" \/><\/p>\n<p style=\"text-align: justify;\"><span style=\"font-family: arial, helvetica, sans-serif; font-size: 14pt;\">\u00a0Ap\u00f3s quase dois meses sem poder contar com a for\u00e7a de seu torcedor, devido a algumas puni\u00e7\u00f5es impostas pelo <strong>STJD, <\/strong>dentre elas jogar com port\u00f5es fechados, o domingo marcou o reencontro da torcida com o time do Santos!<br \/>\nTorcida que foi desde horas antes do in\u00edcio da partida, o <strong>12\u00ba<\/strong> Jogador do Peixe!<br \/>\nA chegada do \u00d4nibus trazendo os jogadores do Santos, desde a concentra\u00e7\u00e3o no <strong>CT Rei Pel\u00e9<\/strong>, at\u00e9 o est\u00e1dio <strong>Urbano Caldeira<\/strong> na Vila Belmiro, foi de arrepiar!<br \/>\nDe dentro o \u00f4nibus, os jogadores do Alvinegro j\u00e1 sentiram que a vit\u00f3ria teria que vir do jeito, da maneira que fosse!<\/span><\/p>\n<p style=\"text-align: justify;\"><span style=\"font-family: arial, helvetica, sans-serif;\"><span style=\"font-size: 14pt;\">Quando o Santista abra\u00e7a o seu time, coloca o Santos literalmente no colo e vem junto, que os advers\u00e1rios saiam da frente porque ir\u00e3o enfrentar um verdadeiro<\/span> <strong>TSUNAMI<\/strong>! <span style=\"font-size: 14pt;\">Uma verdadeira for\u00e7a da<\/span> <strong>NATUREZA<\/strong>!<\/span><\/p>\n<div class=\"jetpack-video-wrapper\"><iframe loading=\"lazy\" title=\"A TORCIDA QUE FAZ A DIFEREN\u00c7A | SANTOS 2 X 1 GR\u00caMIO\" width=\"800\" height=\"450\" src=\"https:\/\/www.youtube.com\/embed\/XoH4HLrsxmk?feature=oembed\" frameborder=\"0\" allow=\"accelerometer; autoplay; clipboard-write; encrypted-media; gyroscope; picture-in-picture; web-share\" allowfullscreen><\/iframe><\/div>\n<p style=\"text-align: justify;\"><span style=\"font-family: arial, helvetica, sans-serif; font-size: 14pt;\">Com o apoio da torcida, o Santos iniciou o jogo pressionando o Gr\u00eamio, por\u00e9m, devido ao elevado n\u00famero de passes errados, o meio campo do Peixe n\u00e3o conseguia criar oportunidades claras de gol. Por\u00e9m do outro lado, o Gr\u00eamio incorria nos mesmos problemas de excesso de passes errados, o que impedia o Tricolor de amea\u00e7ar a meta protegida pelo goleiro Jo\u00e3o Paulo.<br \/>\n<\/span><span style=\"font-family: arial, helvetica, sans-serif; font-size: 14pt;\">Embora tenha jogado um primeiro tempo de certa forma tranquilo, sem ser muito fustigado pelo Gr\u00eamio, o Santos praticamente n\u00e3o levou perigo a meta ga\u00facha, finalizando a primeira etapa com um 0 a 0.<\/span><\/p>\n<p style=\"text-align: justify;\"><span style=\"font-family: arial, helvetica, sans-serif; font-size: 14pt;\">\u00a0Na volta para a segunda etapa, logo no comecinho dos 45 minutos finais, exatamente com um minuto do segundo tempo, a press\u00e3o exercida pelos gremistas em cima do Santos aumentou quando o meia Cristaldo aproveitou um lance confuso na \u00e1rea e chutou forte, com a bola desviando no zagueiro Jo\u00e3o Basso, tirando qualquer chance de defesa, entrando no gol do Jo\u00e3o Paulo.<br \/>\nO Gr\u00eamio quase marcou o segundo gol em outro lance logo em seguida, algo que n\u00e3o aconteceu devido a uma defesa espetacular do goleiro Jo\u00e3o Paulo, defendendo um bala\u00e7o que foi o chute do atacante Ferreirinha.<\/span><\/p>\n<p style=\"text-align: justify;\"><span style=\"font-family: arial, helvetica, sans-serif; font-size: 14pt;\">\u00a0Nesse momento de ligeira instabilidade, <strong>tr\u00eas<\/strong> fatores foram decisivos para o desfecho que aconteceria mais \u00e0 frente!<br \/>\n<\/span><span style=\"font-family: arial, helvetica, sans-serif; font-size: 14pt;\"><strong>Primeiro<\/strong>: Ao contr\u00e1rio do que o torcedor do Santos estava temendo acontecer, mesmo com o placar adverso, jogando em casa e precisando desesperadamente da vit\u00f3ria, desta vez a equipe n\u00e3o se descontrolou emocionalmente, mostrando maturidade ao assimilar o golpe, sem se entregar como se a situa\u00e7\u00e3o estivesse definida!<br \/>\n<\/span><span style=\"font-family: arial, helvetica, sans-serif; font-size: 14pt;\"><strong>Segundo<\/strong>: As altera\u00e7\u00f5es realizadas pelo t\u00e9cnico Diego Aguirre, principalmente promovendo a entrada do jogador Soteldo, que com uma atua\u00e7\u00e3o destacada, mudou completamente o destino da partida!<br \/>\n<\/span><span style=\"font-family: arial, helvetica, sans-serif; font-size: 14pt;\"><strong>Terceiro<\/strong>: Mais uma vez \u00e9 preciso destacar a atitude do torcedor Santista, que ap\u00f3s o gol sofrido, passou a incentivar e empurrar o Santos rumo a virada, mais ainda!<\/span><\/p>\n<p style=\"text-align: justify;\"><span style=\"font-family: arial, helvetica, sans-serif; font-size: 14pt;\">Com o apoio da torcida que literalmente inflamava o 11 Santista, o empate veio aos <strong>17 minutos<\/strong> com um gol marcado por Marcos Leonardo ap\u00f3s receber um passe de Soteldo, que acabara de entrar em campo.<br \/>\n<\/span><span style=\"font-family: arial, helvetica, sans-serif; font-size: 14pt;\">O gol animou a equipe, que passou a controlar a posse de bola e pressionar o Gr\u00eamio.<br \/>\nO gol que decretou a virada no placar, a vit\u00f3ria Santista, veio aos <strong>44<\/strong> <strong>minutos<\/strong> do segundo tempo, em um lance quase sobrenatural, quando o centroavante Furch auxiliando a defesa, tirou uma bola cruzada na \u00e1rea do Santos, seu chute acabou pegando um tal efeito que a bola que parecia que sairia pela lateral do gramado, quicou e n\u00e3o saiu.<\/span><\/p>\n<p style=\"text-align: justify;\"><span style=\"font-family: arial, helvetica, sans-serif; font-size: 14pt;\"><img data-recalc-dims=\"1\" loading=\"lazy\" decoding=\"async\" class=\"aligncenter wp-image-5520 size-full\" src=\"https:\/\/i0.wp.com\/sergiobertoldi.com\/wp-content\/uploads\/2023\/08\/Mendoza-acredita-na-jogada.jpg?resize=400%2C500&#038;ssl=1\" alt=\"\" width=\"400\" height=\"500\" srcset=\"https:\/\/i0.wp.com\/sergiobertoldi.com\/wp-content\/uploads\/2023\/08\/Mendoza-acredita-na-jogada.jpg?w=400&amp;ssl=1 400w, https:\/\/i0.wp.com\/sergiobertoldi.com\/wp-content\/uploads\/2023\/08\/Mendoza-acredita-na-jogada.jpg?resize=240%2C300&amp;ssl=1 240w\" sizes=\"auto, (max-width: 400px) 100vw, 400px\" \/>Vendo que a bola n\u00e3o saiu, o atacante Mendoza n\u00e3o desistiu do lance, correu para a bola enquanto os defensores do Gr\u00eamio pararam na jogada, e com um passe de tr\u00eas dedos, lan\u00e7ou o companheiro Soteldo que saiu na cara do gol e sem ser fominha, por sua vez tocou para Julio Furch marcar o gol da vit\u00f3ria.<\/span><\/p>\n<p style=\"text-align: justify;\"><span style=\"font-family: arial, helvetica, sans-serif; font-size: 14pt;\">\u00a0A Vila Belmiro explodiu em uma festa emocionante com a conquista da vit\u00f3ria.<br \/>\n<\/span><span style=\"font-family: arial, helvetica, sans-serif; font-size: 14pt;\">Terminava assim, o Jejum de vit\u00f3rias que tanto vinha machucando o torcedor Santista!<br \/>\n<\/span><span style=\"font-family: arial, helvetica, sans-serif; font-size: 14pt;\">Que seja o inicio da virada do Santos, um clube definitivamente \u201c<strong>Sobrenatural<\/strong>\u201d<\/span><\/p>\n<div class=\"jetpack-video-wrapper\"><iframe loading=\"lazy\" title=\"QUANDO FALARAM QUE N\u00c3O IA CHEGAR... A VIT\u00d3RIA CHEGOU!\" width=\"800\" height=\"450\" src=\"https:\/\/www.youtube.com\/embed\/6GPmsICq5ec?feature=oembed\" frameborder=\"0\" allow=\"accelerometer; autoplay; clipboard-write; encrypted-media; gyroscope; picture-in-picture; web-share\" allowfullscreen><\/iframe><\/div>\n<p style=\"text-align: justify;\"><span style=\"font-family: arial, helvetica, sans-serif; font-size: 14pt;\"><strong><u>Confira os gols do Santos<\/u><\/strong><\/span><\/p>\n<div class=\"jetpack-video-wrapper\"><iframe loading=\"lazy\" title=\"SANTOS 2 X 1 GR\u00caMIO | GOLS | BRASILEIR\u00c3O (20\/08\/23)\" width=\"800\" height=\"450\" src=\"https:\/\/www.youtube.com\/embed\/Ur8QbSfFIK8?feature=oembed\" frameborder=\"0\" allow=\"accelerometer; autoplay; clipboard-write; encrypted-media; gyroscope; picture-in-picture; web-share\" allowfullscreen><\/iframe><\/div>\n<p style=\"text-align: justify;\"><span style=\"font-family: arial, helvetica, sans-serif; font-size: 14pt;\"><strong><u>Acompanhe a Coletiva do T\u00e9cnico Diego Aguirre<\/u><\/strong><\/span><\/p>\n<div class=\"jetpack-video-wrapper\"><iframe loading=\"lazy\" title=\"DIEGO AGUIRRE | COLETIVA (20\/08\/23)\" width=\"800\" height=\"450\" src=\"https:\/\/www.youtube.com\/embed\/7F2N_FqDXjg?start=1302&#038;feature=oembed\" frameborder=\"0\" allow=\"accelerometer; autoplay; clipboard-write; encrypted-media; gyroscope; picture-in-picture; web-share\" allowfullscreen><\/iframe><\/div>\n<p style=\"text-align: justify;\"><span style=\"font-family: arial, helvetica, sans-serif; font-size: 14pt;\">(Cr\u00e9dito: Imagem: Raul Baretta\/Santos FC)<br \/>\n<\/span><span style=\"font-family: arial, helvetica, sans-serif; font-size: 14pt;\">(Cr\u00e9dito: Imagem: SantosTV\/Divulga\u00e7\u00e3o\/Santos FC)<\/span><\/p>\n<p style=\"text-align: justify;\"><span style=\"font-family: arial, helvetica, sans-serif; font-size: 14pt;\">Falamos das coisas do Santos, sempre com a parceria e o apoio dos nossos anunciantes!<\/span><\/p>\n<p style=\"text-align: justify;\">\n","protected":false},"excerpt":{"rendered":"<p>Al\u00f4 Na\u00e7\u00e3o Santista! Sauda\u00e7\u00f5es Alvinegras!\u00a0 Pela 20\u00aa rodada do Campeonato Brasileiro, Santos e Gr\u00eamio-RS se enfrentaram neste \u00faltimo domingo, \u00e0s<\/p>\n","protected":false},"author":2,"featured_media":5519,"comment_status":"open","ping_status":"open","sticky":false,"template":"","format":"standard","meta":{"colormag_page_container_layout":"default_layout","colormag_page_sidebar_layout":"default_layout","_jetpack_memberships_contains_paid_content":false,"footnotes":""},"categories":[4,11,16],"tags":[6],"class_list":["post-5515","post","type-post","status-publish","format-standard","has-post-thumbnail","hentry","category-bastidores-do-santos-fc","category-campeonato-brasileiro","category-resenha-do-jogo","tag-santos-fc"],"jetpack_featured_media_url":"https:\/\/i0.wp.com\/sergiobertoldi.com\/wp-content\/uploads\/2023\/08\/53130400594_72aeb5e8a7_z.jpg?fit=640%2C427&ssl=1","jetpack_likes_enabled":true,"jetpack_sharing_enabled":true,"_links":{"self":[{"href":"https:\/\/sergiobertoldi.com\/index.php\/wp-json\/wp\/v2\/posts\/5515","targetHints":{"allow":["GET"]}}],"collection":[{"href":"https:\/\/sergiobertoldi.com\/index.php\/wp-json\/wp\/v2\/posts"}],"about":[{"href":"https:\/\/sergiobertoldi.com\/index.php\/wp-json\/wp\/v2\/types\/post"}],"author":[{"embeddable":true,"href":"https:\/\/sergiobertoldi.com\/index.php\/wp-json\/wp\/v2\/users\/2"}],"replies":[{"embeddable":true,"href":"https:\/\/sergiobertoldi.com\/index.php\/wp-json\/wp\/v2\/comments?post=5515"}],"version-history":[{"count":5,"href":"https:\/\/sergiobertoldi.com\/index.php\/wp-json\/wp\/v2\/posts\/5515\/revisions"}],"predecessor-version":[{"id":5524,"href":"https:\/\/sergiobertoldi.com\/index.php\/wp-json\/wp\/v2\/posts\/5515\/revisions\/5524"}],"wp:featuredmedia":[{"embeddable":true,"href":"https:\/\/sergiobertoldi.com\/index.php\/wp-json\/wp\/v2\/media\/5519"}],"wp:attachment":[{"href":"https:\/\/sergiobertoldi.com\/index.php\/wp-json\/wp\/v2\/media?parent=5515"}],"wp:term":[{"taxonomy":"category","embeddable":true,"href":"https:\/\/sergiobertoldi.com\/index.php\/wp-json\/wp\/v2\/categories?post=5515"},{"taxonomy":"post_tag","embeddable":true,"href":"https:\/\/sergiobertoldi.com\/index.php\/wp-json\/wp\/v2\/tags?post=5515"}],"curies":[{"name":"wp","href":"https:\/\/api.w.org\/{rel}","templated":true}]}}