{"id":5509,"date":"2023-08-18T17:29:09","date_gmt":"2023-08-18T20:29:09","guid":{"rendered":"https:\/\/sergiobertoldi.com\/?p=5509"},"modified":"2023-08-21T12:13:51","modified_gmt":"2023-08-21T15:13:51","slug":"volante-tomas-rincon-aparece-no-bid-e-pode-estrear-no-santos","status":"publish","type":"post","link":"https:\/\/sergiobertoldi.com\/index.php\/2023\/08\/18\/volante-tomas-rincon-aparece-no-bid-e-pode-estrear-no-santos\/","title":{"rendered":"Volante Tom\u00e1s Rinc\u00f3n aparece no BID e pode estrear no Santos"},"content":{"rendered":"<p><span style=\"font-family: helvetica, arial, sans-serif; font-size: 14pt;\"><strong><u>Al\u00f4 Na\u00e7\u00e3o Santista! Sauda\u00e7\u00f5es Alvinegras!<\/u><\/strong><\/span><\/p>\n<p style=\"text-align: justify;\"><span style=\"font-family: arial, helvetica, sans-serif; font-size: 14pt;\">Tom\u00e1s Rinc\u00f3n, volante da Sele\u00e7\u00e3o Venezuelana, contratado recentemente pelo Santos, teve seu nome inclu\u00eddo no Boletim Informativo Di\u00e1rio (BID) da CBF, e est\u00e1 liberado oficialmente para ficar a disposi\u00e7\u00e3o do t\u00e9cnico Diego Aguirre, para fazer sua estreia pelo Alvinegro Praiano j\u00e1 neste final de semana quando o Peixe entra em campo pela 20\u00aa rodada do Campeonato Brasileiro 2023, a primeira rodada que abre o returno da competi\u00e7\u00e3o, quando na tarde deste domingo (20), recebe a partir das 16h00 (de Bras\u00edlia), a equipe do Gr\u00eamio Porto Alegrense, no est\u00e1dio Urbano Caldeira na Vila Belmiro em Santos!<\/span><\/p>\n<p><img data-recalc-dims=\"1\" loading=\"lazy\" decoding=\"async\" class=\"aligncenter wp-image-5511 size-full\" src=\"https:\/\/i0.wp.com\/sergiobertoldi.com\/wp-content\/uploads\/2023\/08\/Tomas-Rincon-02.jpg?resize=469%2C326&#038;ssl=1\" alt=\"\" width=\"469\" height=\"326\" srcset=\"https:\/\/i0.wp.com\/sergiobertoldi.com\/wp-content\/uploads\/2023\/08\/Tomas-Rincon-02.jpg?w=469&amp;ssl=1 469w, https:\/\/i0.wp.com\/sergiobertoldi.com\/wp-content\/uploads\/2023\/08\/Tomas-Rincon-02.jpg?resize=300%2C209&amp;ssl=1 300w, https:\/\/i0.wp.com\/sergiobertoldi.com\/wp-content\/uploads\/2023\/08\/Tomas-Rincon-02.jpg?resize=392%2C272&amp;ssl=1 392w, https:\/\/i0.wp.com\/sergiobertoldi.com\/wp-content\/uploads\/2023\/08\/Tomas-Rincon-02.jpg?resize=130%2C90&amp;ssl=1 130w\" sizes=\"auto, (max-width: 469px) 100vw, 469px\" \/><\/p>\n<p style=\"text-align: justify;\"><span style=\"font-family: arial, helvetica, sans-serif; font-size: 14pt;\">Embora n\u00e3o entre em campo desde o dia 18 de junho, quando atuou pela \u00faltima vez jogando pela Sele\u00e7\u00e3o da Venezuela, e ainda n\u00e3o esteja em sua melhor condi\u00e7\u00e3o f\u00edsica, pois vem treinando junto com os novos companheiros do Santos, h\u00e1 menos de uma semana, o jogador acredita que como vinha treinando diariamente com um personal trainer desde que encerrou seu contrato com a <strong>Sampdoria<\/strong> da It\u00e1lia, possa sentir um pouco \u00e9 a falta de ritmo de jogo! O entrosamento vir\u00e1 naturalmente com a sequ\u00eancia de jogos!<\/span><\/p>\n<div class=\"jetpack-video-wrapper\"><iframe loading=\"lazy\" title=\"O PRIMEIRO TREINO DE TOM\u00c1S RINC\u00d3N NO CT REI PEL\u00c9!\" width=\"800\" height=\"450\" src=\"https:\/\/www.youtube.com\/embed\/IvBp-BHMs88?feature=oembed\" frameborder=\"0\" allow=\"accelerometer; autoplay; clipboard-write; encrypted-media; gyroscope; picture-in-picture; web-share\" allowfullscreen><\/iframe><\/div>\n<p><span style=\"font-family: arial, helvetica, sans-serif; font-size: 14pt;\">(Cr\u00e9dito: Imagem: Raul Baretta\/Santos FC)<\/span><br \/>\n<span style=\"font-family: arial, helvetica, sans-serif; font-size: 14pt;\">(Cr\u00e9dito: Imagem: SantosTV\/Divulga\u00e7\u00e3o\/Santos FC)<\/span><\/p>\n<p><span style=\"font-family: arial, helvetica, sans-serif; font-size: 14pt;\">Falamos das coisas do Santos, sempre com a parceria e o apoio dos nossos anunciantes!<\/span><\/p>\n<p>&nbsp;<\/p>\n<p>&nbsp;<\/p>\n<p>&nbsp;<\/p>\n<p>&nbsp;<\/p>\n<p>&nbsp;<\/p>\n<p>&nbsp;<\/p>\n<p>&nbsp;<\/p>\n<p>&nbsp;<\/p>\n<p>&nbsp;<\/p>\n<p>&nbsp;<\/p>\n<p>&nbsp;<\/p>\n<p>&nbsp;<\/p>\n<p>&nbsp;<\/p>\n<p>&nbsp;<\/p>\n<p>&nbsp;<\/p>\n<p>&nbsp;<\/p>\n<p>&nbsp;<\/p>\n<p>&nbsp;<\/p>\n","protected":false},"excerpt":{"rendered":"<p>Al\u00f4 Na\u00e7\u00e3o Santista! Sauda\u00e7\u00f5es Alvinegras! Tom\u00e1s Rinc\u00f3n, volante da Sele\u00e7\u00e3o Venezuelana, contratado recentemente pelo Santos, teve seu nome inclu\u00eddo no<\/p>\n","protected":false},"author":2,"featured_media":5510,"comment_status":"open","ping_status":"open","sticky":false,"template":"","format":"standard","meta":{"colormag_page_container_layout":"default_layout","colormag_page_sidebar_layout":"default_layout","_jetpack_memberships_contains_paid_content":false,"footnotes":""},"categories":[4],"tags":[6],"class_list":["post-5509","post","type-post","status-publish","format-standard","has-post-thumbnail","hentry","category-bastidores-do-santos-fc","tag-santos-fc"],"jetpack_featured_media_url":"https:\/\/i0.wp.com\/sergiobertoldi.com\/wp-content\/uploads\/2023\/08\/transform.jpg?fit=560%2C420&ssl=1","jetpack_likes_enabled":true,"jetpack_sharing_enabled":true,"_links":{"self":[{"href":"https:\/\/sergiobertoldi.com\/index.php\/wp-json\/wp\/v2\/posts\/5509","targetHints":{"allow":["GET"]}}],"collection":[{"href":"https:\/\/sergiobertoldi.com\/index.php\/wp-json\/wp\/v2\/posts"}],"about":[{"href":"https:\/\/sergiobertoldi.com\/index.php\/wp-json\/wp\/v2\/types\/post"}],"author":[{"embeddable":true,"href":"https:\/\/sergiobertoldi.com\/index.php\/wp-json\/wp\/v2\/users\/2"}],"replies":[{"embeddable":true,"href":"https:\/\/sergiobertoldi.com\/index.php\/wp-json\/wp\/v2\/comments?post=5509"}],"version-history":[{"count":1,"href":"https:\/\/sergiobertoldi.com\/index.php\/wp-json\/wp\/v2\/posts\/5509\/revisions"}],"predecessor-version":[{"id":5512,"href":"https:\/\/sergiobertoldi.com\/index.php\/wp-json\/wp\/v2\/posts\/5509\/revisions\/5512"}],"wp:featuredmedia":[{"embeddable":true,"href":"https:\/\/sergiobertoldi.com\/index.php\/wp-json\/wp\/v2\/media\/5510"}],"wp:attachment":[{"href":"https:\/\/sergiobertoldi.com\/index.php\/wp-json\/wp\/v2\/media?parent=5509"}],"wp:term":[{"taxonomy":"category","embeddable":true,"href":"https:\/\/sergiobertoldi.com\/index.php\/wp-json\/wp\/v2\/categories?post=5509"},{"taxonomy":"post_tag","embeddable":true,"href":"https:\/\/sergiobertoldi.com\/index.php\/wp-json\/wp\/v2\/tags?post=5509"}],"curies":[{"name":"wp","href":"https:\/\/api.w.org\/{rel}","templated":true}]}}