{"id":5487,"date":"2023-08-04T14:00:53","date_gmt":"2023-08-04T17:00:53","guid":{"rendered":"https:\/\/sergiobertoldi.com\/?p=5487"},"modified":"2023-08-16T23:04:10","modified_gmt":"2023-08-17T02:04:10","slug":"santos-acerta-a-contratacao-do-meia-nonato","status":"publish","type":"post","link":"https:\/\/sergiobertoldi.com\/index.php\/2023\/08\/04\/santos-acerta-a-contratacao-do-meia-nonato\/","title":{"rendered":"Santos acerta a contrata\u00e7\u00e3o do meia Nonato"},"content":{"rendered":"<p><span style=\"font-family: helvetica, arial, sans-serif; font-size: 14pt;\"><strong><u>Al\u00f4 Na\u00e7\u00e3o Santista! Sauda\u00e7\u00f5es Alvinegras!<\/u><\/strong><\/span><\/p>\n<p style=\"text-align: justify;\"><span style=\"font-family: arial, helvetica, sans-serif; font-size: 14pt;\">Pr\u00f3ximo do fim do final da janela de transfer\u00eancia, o Santos acertou com mais um refor\u00e7o para o restante da temporada e acaba de anunciar a contrata\u00e7\u00e3o do meia Nonato, de 25 anos, jogador que chega ao Alvinegro de Vila Belmiro por empr\u00e9stimo at\u00e9 31 de Julho de 2024.<\/span><br \/>\n<span style=\"font-family: arial, helvetica, sans-serif; font-size: 14pt;\">O per\u00edodo de transfer\u00eancias para o futebol brasileiro encerrou na quarta-feira, (03), mas os dirigentes do Santos se anteciparam ao fechamento e para n\u00e3o correr o risco de perder o jogador, foi feito um pr\u00e9-registro do novo refor\u00e7o junto \u00e0 CBF antes do prazo final.<\/span><\/p>\n<p style=\"text-align: justify;\"><img data-recalc-dims=\"1\" loading=\"lazy\" decoding=\"async\" class=\"aligncenter wp-image-5488 size-full\" src=\"https:\/\/i0.wp.com\/sergiobertoldi.com\/wp-content\/uploads\/2023\/08\/Meia-Nonato-02.jpg?resize=500%2C333&#038;ssl=1\" alt=\"\" width=\"500\" height=\"333\" srcset=\"https:\/\/i0.wp.com\/sergiobertoldi.com\/wp-content\/uploads\/2023\/08\/Meia-Nonato-02.jpg?w=500&amp;ssl=1 500w, https:\/\/i0.wp.com\/sergiobertoldi.com\/wp-content\/uploads\/2023\/08\/Meia-Nonato-02.jpg?resize=300%2C200&amp;ssl=1 300w\" sizes=\"auto, (max-width: 500px) 100vw, 500px\" \/><\/p>\n<p style=\"text-align: justify;\"><span style=\"font-family: arial, helvetica, sans-serif; font-size: 14pt;\">Nonato, que vinha jogando pelo <strong>Ludogorets<\/strong> da <strong>Bulg\u00e1ria,<\/strong> conhece bem o futebol brasileiro. <\/span><br \/>\n<span style=\"font-family: arial, helvetica, sans-serif; font-size: 14pt;\">O jogador come\u00e7ou na base do <strong>S\u00e3o Caetano<\/strong>, clube pelo qual foi revelado e se profissionalizou, sendo Campe\u00e3o Paulista da S\u00e9rie A2 em <strong>2017<\/strong> com seu futebol ganhando destaque, o que o fez vestir as camisas de <strong>Internacional<\/strong> e <strong>Fluminense<\/strong>.<\/span><br \/>\n<span style=\"font-family: arial, helvetica, sans-serif; font-size: 14pt;\">Pelo Colorado, o jogador disputou <strong>91 jogos<\/strong>, marcou <strong>sete gols<\/strong> e deu uma assist\u00eancia.<\/span><br \/>\n<span style=\"font-family: arial, helvetica, sans-serif; font-size: 14pt;\">Pelo Tricolor Carioca o jogador disputou <strong>55 jogos<\/strong>, marcou <strong>quatro gols <\/strong>e deu <strong>seis passes <\/strong>para gol.<\/span><\/p>\n<p style=\"text-align: justify;\"><span style=\"font-family: arial, helvetica, sans-serif; font-size: 14pt;\">Nonato, que foi vendido pelo Internacional ao Ludogorets por US$ 1,7 milh\u00e3o de d\u00f3lares (equivalente a R$ 8,8 milh\u00f5es), come\u00e7ou a temporada atual como reserva.<\/span><br \/>\n<span style=\"font-family: arial, helvetica, sans-serif; font-size: 14pt;\"> Na temporada passada (22\/23), ele jogou em 39 partidas, marcou tr\u00eas gols e deu duas assist\u00eancias.<\/span><br \/>\n<span style=\"font-family: arial, helvetica, sans-serif; font-size: 14pt;\"> Durante esta janela de transfer\u00eancias, o Santos j\u00e1 contratou seis jogadores: o zagueiro <strong>Jo\u00e3o Basso<\/strong>, o lateral-esquerdo <strong>Dod\u00f4<\/strong>, o volante <strong>Jean Lucas, <\/strong>o meia<strong> Pituca <\/strong>j\u00e1 acertado com o Santos, para <strong>2024<\/strong>,\u00a0 o atacante <strong>Julio Furch, <\/strong>e agora anuncia o<strong> Nonato.<\/strong><\/span><\/p>\n<p style=\"text-align: justify;\"><span style=\"font-family: arial, helvetica, sans-serif; font-size: 14pt;\"><strong>\u00a0 \u00a0 \u00a0 \u00a0 \u00a0 \u00a0 \u00a0 \u00a0 \u00a0 \u00a0 \u00a0 \u00a0 \u00a0 \u00a0 \u00a0 \u00a0 \u00a0 \u00a0 \u00a0 \u00a0 \u00a0 \u00a0 \u00a0 \u00a0 \u00a0 \u00a0 \u00a0 \u00a0 \u00a0 \u00a0 \u00a0 \u00a0 \u00a0 \u00a0 \u00a0 \u00a0 \u00a0 \u00a0 \u00a0 \u00a0 \u00a0 \u00a0 \u00a0 \u00a0 \u00a0 \u00a0 \u00a0 \u00a0 \u00a0 \u00a0 \u00a0 \u00a0 \u00a0 \u00a0 \u00a0 \u00a0 \u00a0 \u00a0 \u00a0 \u00a0 \u00a0 \u00a0 \u00a0 \u00a0 \u00a0 \u00a0 \u00a0 \u00a0 \u00a0 \u00a0 \u00a0 \u00a0 \u00a0 \u00a0 \u00a0 \u00a0 \u00a0 \u00a0 \u00a0 \u00a0 \u00a0 \u00a0 \u00a0 \u00a0 \u00a0 \u00a0 \u00a0 <\/strong>(Cr\u00e9dito: Imagem: Raul Baretta\/Santos FC)<\/span><\/p>\n<p style=\"text-align: justify;\"><span style=\"font-family: arial, helvetica, sans-serif; font-size: 14pt;\">Falamos das coisas do Santos, sempre com a parceria e o apoio dos nossos anunciantes!<\/span><\/p>\n<p style=\"text-align: justify;\">\n","protected":false},"excerpt":{"rendered":"<p>Al\u00f4 Na\u00e7\u00e3o Santista! Sauda\u00e7\u00f5es Alvinegras! Pr\u00f3ximo do fim do final da janela de transfer\u00eancia, o Santos acertou com mais um<\/p>\n","protected":false},"author":2,"featured_media":5489,"comment_status":"open","ping_status":"open","sticky":false,"template":"","format":"standard","meta":{"colormag_page_container_layout":"default_layout","colormag_page_sidebar_layout":"default_layout","_jetpack_memberships_contains_paid_content":false,"footnotes":""},"categories":[4,30],"tags":[6],"class_list":["post-5487","post","type-post","status-publish","format-standard","has-post-thumbnail","hentry","category-bastidores-do-santos-fc","category-contratacoes","tag-santos-fc"],"jetpack_featured_media_url":"https:\/\/i0.wp.com\/sergiobertoldi.com\/wp-content\/uploads\/2023\/08\/Meia-Nonato-01.jpg?fit=640%2C427&ssl=1","jetpack_likes_enabled":true,"jetpack_sharing_enabled":true,"_links":{"self":[{"href":"https:\/\/sergiobertoldi.com\/index.php\/wp-json\/wp\/v2\/posts\/5487","targetHints":{"allow":["GET"]}}],"collection":[{"href":"https:\/\/sergiobertoldi.com\/index.php\/wp-json\/wp\/v2\/posts"}],"about":[{"href":"https:\/\/sergiobertoldi.com\/index.php\/wp-json\/wp\/v2\/types\/post"}],"author":[{"embeddable":true,"href":"https:\/\/sergiobertoldi.com\/index.php\/wp-json\/wp\/v2\/users\/2"}],"replies":[{"embeddable":true,"href":"https:\/\/sergiobertoldi.com\/index.php\/wp-json\/wp\/v2\/comments?post=5487"}],"version-history":[{"count":1,"href":"https:\/\/sergiobertoldi.com\/index.php\/wp-json\/wp\/v2\/posts\/5487\/revisions"}],"predecessor-version":[{"id":5490,"href":"https:\/\/sergiobertoldi.com\/index.php\/wp-json\/wp\/v2\/posts\/5487\/revisions\/5490"}],"wp:featuredmedia":[{"embeddable":true,"href":"https:\/\/sergiobertoldi.com\/index.php\/wp-json\/wp\/v2\/media\/5489"}],"wp:attachment":[{"href":"https:\/\/sergiobertoldi.com\/index.php\/wp-json\/wp\/v2\/media?parent=5487"}],"wp:term":[{"taxonomy":"category","embeddable":true,"href":"https:\/\/sergiobertoldi.com\/index.php\/wp-json\/wp\/v2\/categories?post=5487"},{"taxonomy":"post_tag","embeddable":true,"href":"https:\/\/sergiobertoldi.com\/index.php\/wp-json\/wp\/v2\/tags?post=5487"}],"curies":[{"name":"wp","href":"https:\/\/api.w.org\/{rel}","templated":true}]}}