{"id":5451,"date":"2023-08-06T11:00:59","date_gmt":"2023-08-06T14:00:59","guid":{"rendered":"https:\/\/sergiobertoldi.com\/?p=5451"},"modified":"2023-08-08T23:42:01","modified_gmt":"2023-08-09T02:42:01","slug":"paulo-turra-nao-resiste-a-mais-um-tropeco-e-deixa-o-comando-tecnico-do-santos","status":"publish","type":"post","link":"https:\/\/sergiobertoldi.com\/index.php\/2023\/08\/06\/paulo-turra-nao-resiste-a-mais-um-tropeco-e-deixa-o-comando-tecnico-do-santos\/","title":{"rendered":"Paulo Turra n\u00e3o resiste a mais um trope\u00e7o e deixa o comando t\u00e9cnico do Santos"},"content":{"rendered":"<p style=\"text-align: justify;\"><span style=\"font-family: helvetica, arial, sans-serif; font-size: 14pt;\"><strong><u>Al\u00f4 Na\u00e7\u00e3o Santista! Sauda\u00e7\u00f5es Alvinegras!<\/u><\/strong><\/span><\/p>\n<p style=\"text-align: justify;\"><span style=\"font-family: arial, helvetica, sans-serif; font-size: 14pt;\">No \u00faltimo s\u00e1bado, (5), o Santos recebeu em casa na Vila Belmiro, a equipe do Athletico Paranaense que veio para esse confronto sem seus principais titulares! O rubro-negro do Paran\u00e1 veio para o confronto contra o Santos, com um time alternativo por conta das oitavas de final da Libertadores na ter\u00e7a-feira, diante do Bol\u00edvar. Como perdeu no jogo de ida por 3 a 1 em La Paz, o Athletico precisa vencer por tr\u00eas gols para avan\u00e7ar na competi\u00e7\u00e3o!<\/span><\/p>\n<p style=\"text-align: justify;\"><span style=\"font-family: arial, helvetica, sans-serif; font-size: 14pt;\">Mesmo com um time bastante desfigurado o Furac\u00e3o esteve melhor na partida a qual s\u00f3 deixou de vencer com um gol do atacante Pablo, pois j\u00e1 na fase de descontos da segunda etapa, Marcos Leonardo marcou em cobran\u00e7a de penalidade, evitando mais uma derrota em casa.<br \/>\nCom o empate em casa, o Santos entrou na zona de rebaixamento do Brasileir\u00e3o.<\/span><\/p>\n<p style=\"text-align: justify;\"><span style=\"font-family: arial, helvetica, sans-serif; font-size: 14pt;\">\u00a0No entanto, mesmo evitando a derrota, com esse resultado e o p\u00e9ssimo futebol novamente apresentado, a perman\u00eancia do treinador <strong>Paulo Turra <\/strong>que j\u00e1 vinha pressionado no cargo, tornou-se insustent\u00e1vel com o treinador sendo demitido no domingo, juntamente com sua comiss\u00e3o t\u00e9cnica formada pelos auxiliares <strong>Adir Kirst<\/strong>, <strong>Felipe Endres<\/strong> e <strong>L\u00e9o Monteiro<\/strong>.<br \/>\n<\/span><\/p>\n<p><img data-recalc-dims=\"1\" loading=\"lazy\" decoding=\"async\" class=\"aligncenter wp-image-5459 size-full\" src=\"https:\/\/i0.wp.com\/sergiobertoldi.com\/wp-content\/uploads\/2023\/08\/Nota-oficial-sobre-a-Demissao-de-Paulo-Turra.jpg?resize=597%2C691&#038;ssl=1\" alt=\"\" width=\"597\" height=\"691\" srcset=\"https:\/\/i0.wp.com\/sergiobertoldi.com\/wp-content\/uploads\/2023\/08\/Nota-oficial-sobre-a-Demissao-de-Paulo-Turra.jpg?w=597&amp;ssl=1 597w, https:\/\/i0.wp.com\/sergiobertoldi.com\/wp-content\/uploads\/2023\/08\/Nota-oficial-sobre-a-Demissao-de-Paulo-Turra.jpg?resize=259%2C300&amp;ssl=1 259w\" sizes=\"auto, (max-width: 597px) 100vw, 597px\" \/><\/p>\n<p style=\"text-align: justify;\"><span style=\"font-family: arial, helvetica, sans-serif; font-size: 14pt;\">O presidente, <strong>Andr\u00e9s Rueda<\/strong>, j\u00e1 havia dado ind\u00edcios de que dependendo do resultado contra o Furac\u00e3o, o treinador poderia ser demitido logo ap\u00f3s a partida. O pr\u00f3prio treinador, que durante a coletiva de imprensa parecia desanimado com mais um trope\u00e7o da equipe, adotou um discurso conformista sobre a possibilidade de ser demitido. Turra chegou a afirmar que n\u00e3o ficaria surpreso, j\u00e1 que \u00e9 o 12\u00ba t\u00e9cnico da atual gest\u00e3o e que nenhum treinador do futebol brasileiro se sente seguro, mas que isso faz parte do trabalho.<\/span><\/p>\n<p style=\"text-align: justify;\"><span style=\"font-family: arial, helvetica, sans-serif; font-size: 14pt;\">Paulo Turra comandou o Santos por sete partidas, conseguindo apenas uma vit\u00f3ria, tr\u00eas empates e tr\u00eas derrotas, 15 gols sofridos e apenas sete marcados, um aproveitamento de <strong>29%<br \/>\n<\/strong><\/span><span style=\"font-family: arial, helvetica, sans-serif; font-size: 14pt;\">A \u00fanica vit\u00f3ria do treinador foi contra o Goi\u00e1s, em casa, com um p\u00eanalti pol\u00eamico nos acr\u00e9scimos (4 a 3).<br \/>\n<\/span><span style=\"font-family: arial, helvetica, sans-serif; font-size: 14pt;\">O Santos ocupa a preocupante <strong>17\u00aa<\/strong> posi\u00e7\u00e3o, com <strong>18 pontos<\/strong> em <strong>18 jogos<\/strong> abrindo o grupo de quatro equipes na zona de rebaixamento com uma campanha geral de <strong>quatro<\/strong> vit\u00f3rias, <strong>seis<\/strong> empates e <strong>oito<\/strong> derrotas.<\/span><\/p>\n<p style=\"text-align: justify;\"><span style=\"font-family: arial, helvetica, sans-serif; font-size: 14pt;\">Paulo Turra chegou ao Santos, contratado para substituir ao t\u00e9cnico <strong>Odair Hellmann<\/strong>, que tamb\u00e9m n\u00e3o conseguiu fazer com que houvesse uma evolu\u00e7\u00e3o na equipe Santista.<br \/>\n<\/span><span style=\"font-family: arial, helvetica, sans-serif; font-size: 14pt;\">Embora fosse considerado por muitos como inexperiente e sem o preparo necess\u00e1rio para assumir um clube como o Santos, Paulo Turra vinha de uma campanha, onde havia levado o <strong>Atl\u00e9tico Paranaense<\/strong> \u00e0 conquista invicta do <strong>Campeonato Paranaense<\/strong>, \u00e0 classifica\u00e7\u00e3o antecipada ao mata-mata da <strong>CONMEBOL Libertadores<\/strong>, \u00e0s quartas de final da <strong>Copa do Brasil<\/strong> e tamb\u00e9m \u00e0 <strong>7\u00aa posi\u00e7\u00e3o<\/strong> no <strong>Brasileir\u00e3o<\/strong>, este em <strong>2022<\/strong>.<br \/>\n<\/span><span style=\"font-family: arial, helvetica, sans-serif; font-size: 14pt;\">Ao todo, foram <strong>25 vit\u00f3rias<\/strong>, <strong>04 empates<\/strong> e <strong>07 derrotas<\/strong> em <strong>36 jogos<\/strong>, um aproveitamento de <strong>73,1%.<\/strong><\/span><\/p>\n<p style=\"text-align: justify;\"><span style=\"font-family: arial, helvetica, sans-serif; font-size: 14pt;\"><strong>\u00a0<\/strong><\/span><span style=\"font-family: arial, helvetica, sans-serif; font-size: 14pt;\"><strong><u>Neste domingo (6), Paulo Turra expressou sua gratid\u00e3o ao clube em uma postagem feita em suas redes sociais:<\/u><\/strong><\/span><span style=\"font-family: arial, helvetica, sans-serif; font-size: 14pt;\"><strong>\u00a0<\/strong><\/span><\/p>\n<p style=\"text-align: justify;\"><span style=\"font-size: 14pt;\"><strong><em>\u201cQue honra a minha em poder ter vestido e representado essa camisa t\u00e3o pesada mesmo que por pouco tempo. Quando recebi o convite, sabia da situa\u00e7\u00e3o em que o clube se encontrava, que seria um grande desafio, mas n\u00e3o pensei duas vezes diante a grandeza do Santos FC. Eu juntamente com minha comiss\u00e3o t\u00e9cnica, somos muito gratos por esse um m\u00eas e nove dias no Santos FC.<\/em><\/strong><\/span><\/p>\n<p style=\"text-align: justify;\"><span style=\"font-size: 14pt;\"><strong><em>Conhecemos profissionais de excel\u00eancia, comiss\u00e3o t\u00e9cnica do clube, atletas, diretoria, colaboradores, Staffs, pessoas humanas, que se doam por esse manto e que nos inspiravam e nos apoiavam diariamente.<\/em><\/strong><strong><em>\u00a0<\/em><\/strong><\/span><\/p>\n<p style=\"text-align: justify;\"><span style=\"font-size: 14pt;\"><strong><em>Foram 7 jogos, um pela sul-americana, e 6 pelo brasileiro. Est\u00e1vamos na fase de novas contrata\u00e7\u00f5es para o plantel onde os atletas estavam se conhecendo, se adaptando a nossa ideia de jogo, com pouco tempo de entrosamento, por\u00e9m sabedores das nossas necessidades, no caso, de vit\u00f3rias, de pontos.<\/em><\/strong><strong><em>\u00a0<\/em><\/strong><\/span><\/p>\n<p style=\"text-align: justify;\"><span style=\"font-size: 14pt;\"><strong><em>Hoje fui desligado do clube, mas saio com minha convic\u00e7\u00e3o do nosso trabalho, dos nossos m\u00e9todos, das melhorias em todos os setores realizados, de eleva\u00e7\u00f5es das m\u00e9tricas, das evolu\u00e7\u00f5es por parte dos atletas nos comportamentos sejam t\u00e1ticos, t\u00e9cnicos e individuais, do ambiente sadio entre todos os setores. Al\u00e9m de conquistas de novas amizades e troca de conhecimentos que o clube nos proporcionou.<\/em><\/strong><\/span><\/p>\n<p style=\"text-align: justify;\"><span style=\"font-size: 14pt;\"><strong><em>Em meu nome e dos integrantes da minha comiss\u00e3o t\u00e9cnica, nosso muito obrigado a todos nesses 39 dias.\u201d<br \/>\n<\/em><\/strong><strong><em>Obrigado Santos FC.<\/em><\/strong><\/span><\/p>\n<p style=\"text-align: justify;\"><span style=\"font-family: arial, helvetica, sans-serif; font-size: 14pt;\">Paulo Turra \u00e9 mais um treinador, de uma longa lista de treinadores que passaram pelo Santos nos \u00faltimos dois anos e sete meses! Ficam duas perguntas no ar:<\/span><br \/>\n<span style=\"font-family: arial, helvetica, sans-serif; font-size: 14pt;\">O mal desempenho do Santos ao longo de toda a temporada, seria mesmo uma quest\u00e3o somente de treinador?<\/span><br \/>\n<span style=\"font-family: arial, helvetica, sans-serif; font-size: 14pt;\">Faltando ainda cinco meses para o fim da gest\u00e3o \u201cRueda\u201d, quantos mais passar\u00e3o por essa lista?<\/span><\/p>\n<p style=\"text-align: justify;\"><span style=\"font-family: arial, helvetica, sans-serif; font-size: 14pt;\">(Cr\u00e9dito: Imagem: Raul Baretta\/Santos FC)<\/span><\/p>\n<p style=\"text-align: justify;\"><span style=\"font-family: arial, helvetica, sans-serif; font-size: 14pt;\">Falamos das coisas do Santos, sempre com a parceria e o apoio dos nossos anunciantes!<\/span><\/p>\n<p style=\"text-align: justify;\">\n","protected":false},"excerpt":{"rendered":"<p>Al\u00f4 Na\u00e7\u00e3o Santista! Sauda\u00e7\u00f5es Alvinegras! No \u00faltimo s\u00e1bado, (5), o Santos recebeu em casa na Vila Belmiro, a equipe do<\/p>\n","protected":false},"author":2,"featured_media":5452,"comment_status":"open","ping_status":"open","sticky":false,"template":"","format":"standard","meta":{"colormag_page_container_layout":"default_layout","colormag_page_sidebar_layout":"default_layout","_jetpack_memberships_contains_paid_content":false,"footnotes":""},"categories":[4,32],"tags":[6],"class_list":["post-5451","post","type-post","status-publish","format-standard","has-post-thumbnail","hentry","category-bastidores-do-santos-fc","category-treinador-santista","tag-santos-fc"],"jetpack_featured_media_url":"https:\/\/i0.wp.com\/sergiobertoldi.com\/wp-content\/uploads\/2023\/08\/Paulo-Turra.jpg?fit=876%2C484&ssl=1","jetpack_likes_enabled":true,"jetpack_sharing_enabled":true,"_links":{"self":[{"href":"https:\/\/sergiobertoldi.com\/index.php\/wp-json\/wp\/v2\/posts\/5451","targetHints":{"allow":["GET"]}}],"collection":[{"href":"https:\/\/sergiobertoldi.com\/index.php\/wp-json\/wp\/v2\/posts"}],"about":[{"href":"https:\/\/sergiobertoldi.com\/index.php\/wp-json\/wp\/v2\/types\/post"}],"author":[{"embeddable":true,"href":"https:\/\/sergiobertoldi.com\/index.php\/wp-json\/wp\/v2\/users\/2"}],"replies":[{"embeddable":true,"href":"https:\/\/sergiobertoldi.com\/index.php\/wp-json\/wp\/v2\/comments?post=5451"}],"version-history":[{"count":5,"href":"https:\/\/sergiobertoldi.com\/index.php\/wp-json\/wp\/v2\/posts\/5451\/revisions"}],"predecessor-version":[{"id":5460,"href":"https:\/\/sergiobertoldi.com\/index.php\/wp-json\/wp\/v2\/posts\/5451\/revisions\/5460"}],"wp:featuredmedia":[{"embeddable":true,"href":"https:\/\/sergiobertoldi.com\/index.php\/wp-json\/wp\/v2\/media\/5452"}],"wp:attachment":[{"href":"https:\/\/sergiobertoldi.com\/index.php\/wp-json\/wp\/v2\/media?parent=5451"}],"wp:term":[{"taxonomy":"category","embeddable":true,"href":"https:\/\/sergiobertoldi.com\/index.php\/wp-json\/wp\/v2\/categories?post=5451"},{"taxonomy":"post_tag","embeddable":true,"href":"https:\/\/sergiobertoldi.com\/index.php\/wp-json\/wp\/v2\/tags?post=5451"}],"curies":[{"name":"wp","href":"https:\/\/api.w.org\/{rel}","templated":true}]}}