{"id":5429,"date":"2023-08-04T18:15:05","date_gmt":"2023-08-04T21:15:05","guid":{"rendered":"https:\/\/sergiobertoldi.com\/?p=5429"},"modified":"2023-08-05T01:58:04","modified_gmt":"2023-08-05T04:58:04","slug":"acusado-de-importunacao-sexual-termina-de-forma-melancolica-a-passagem-de-paulo-roberto-falcao-pelo-santos-futebol-clube","status":"publish","type":"post","link":"https:\/\/sergiobertoldi.com\/index.php\/2023\/08\/04\/acusado-de-importunacao-sexual-termina-de-forma-melancolica-a-passagem-de-paulo-roberto-falcao-pelo-santos-futebol-clube\/","title":{"rendered":"Acusado de importuna\u00e7\u00e3o sexual termina de forma melanc\u00f3lica a passagem de Paulo Roberto Falc\u00e3o pelo Santos Futebol Clube"},"content":{"rendered":"<p><span style=\"font-family: helvetica, arial, sans-serif; font-size: 14pt;\"><strong><u>Al\u00f4 Na\u00e7\u00e3o Santista! Sauda\u00e7\u00f5es Alvinegras!<\/u><\/strong><\/span><\/p>\n<p style=\"text-align: justify;\"><span style=\"font-family: arial, helvetica, sans-serif; font-size: 14pt;\">Nessa sexta-feira, (4), encerrou-se de forma surpreendente e melanc\u00f3lica, a era <strong>Paulo Roberto Falc\u00e3o<\/strong> na hist\u00f3ria ressente, do Santos Futebol Clube!<\/span><\/p>\n<p style=\"text-align: justify;\"><span style=\"font-family: arial, helvetica, sans-serif; font-size: 14pt;\">Falc\u00e3o que convidado pelo presidente do Santos, <strong>Andres Rueda<\/strong>, assumiu o cargo de coordenador esportivo do Santos, em <strong>15 de novembro de 2022<\/strong>, tornando-se respons\u00e1vel por mediar a comunica\u00e7\u00e3o entre o elenco e a diretoria, uma esp\u00e9cie de elo de liga\u00e7\u00e3o, uma ponte entre o presidente e o elenco, bem como por negociar contrata\u00e7\u00f5es e vendas de jogadores, mas com foco na avalia\u00e7\u00e3o t\u00e9cnica e sem envolvimento direto nas quest\u00f5es financeiras, renunciou ao cargo de coordenador esportivo do Santos.<\/span><\/p>\n<p style=\"text-align: justify;\"><span style=\"font-family: arial, helvetica, sans-serif; font-size: 14pt;\">Passados quase nove meses de sua nomea\u00e7\u00e3o, a verdade \u00e9 que Paulo Roberto Falc\u00e3o jamais conseguiu desempenhar na fun\u00e7\u00e3o para a qual foi contratado, um trabalho que justificasse 10% do que o Santos investiu e esperava ter de retorno!<br \/>\n<\/span><span style=\"font-family: arial, helvetica, sans-serif; font-size: 14pt;\">Dentro das quatro linhas, Paulo Roberto Falc\u00e3o foi um craque, fosse vestindo camisas consagradas e pesadas como as camisas do <strong>Internacional<\/strong>, <strong>S\u00e3o Paulo<\/strong>, <strong>Roma<\/strong> da It\u00e1lia e <strong>Sele\u00e7\u00e3o Brasileira<\/strong>!<br \/>\nPor\u00e9m ap\u00f3s encerrar sua carreira como jogador em <strong>1985<\/strong>, tornando-se t\u00e9cnico em <strong>1990<\/strong>, tendo trabalhado com a <strong>Sele\u00e7\u00e3o Brasileira<\/strong>, <strong>Am\u00e9rica<\/strong> (M\u00e9xico), <strong>Internacional<\/strong>, <strong>sele\u00e7\u00e3o japonesa<\/strong>, <strong>Bahia<\/strong> e <strong>Sport<\/strong>, jamais obteve o mesmo sucesso fora dos gramados!<\/span><\/p>\n<p style=\"text-align: justify;\"><span style=\"font-family: arial, helvetica, sans-serif; font-size: 14pt;\">Nos meses em que esteve a frente do cargo de \u201c<strong>Coordenador Esportivo<\/strong>\u201d Falc\u00e3o n\u00e3o obteve \u00eaxito em contrata\u00e7\u00f5es de refor\u00e7os que estivessem pelo menos ao n\u00edvel das necessidades do clube, muito menos no que diz respeito a principal e talvez mais importante de suas atribui\u00e7\u00f5es, que seria ser a voz do elenco junto \u00e0 dire\u00e7\u00e3o do Clube!<\/span><\/p>\n<p style=\"text-align: justify;\"><span style=\"font-family: arial, helvetica, sans-serif; font-size: 14pt;\">Cheguei a trazer aqui mesmo no Blog, a informa\u00e7\u00e3o de que Falc\u00e3o jamais sentou-se a mesa fosse do Caf\u00e9 da manh\u00e3, almo\u00e7o ou janta, com os jogadores! Sempre fez quest\u00e3o de manter-se isolado, fazendo suas refei\u00e7\u00f5es junto a Comiss\u00e3o T\u00e9cnica, deixando transparecer nitidamente que pelo cargo que ocupava, sentia-se superior aos jogadores!<\/span><\/p>\n<p style=\"text-align: justify;\"><span style=\"font-family: arial, helvetica, sans-serif; font-size: 14pt;\">Aliado a tudo isso, alguns fatores como \u00e0 temporada inst\u00e1vel, com elimina\u00e7\u00f5es precoces em v\u00e1rias competi\u00e7\u00f5es e um desempenho ruim no Campeonato Brasileiro, o dirigente vinha sendo alvo de cobran\u00e7as e cr\u00edticas internas, por parte de Conselheiros do Clube e de membros do Grupo Gestor, al\u00e9m \u00e9 claro por parte da torcida do clube, que chegou a lan\u00e7ar uma campanha nas redes sociais, pedindo sua demiss\u00e3o como coordenador de futebol.<\/span><\/p>\n<p style=\"text-align: justify;\"><span style=\"font-family: arial, helvetica, sans-serif; font-size: 14pt;\">Em meados de julho, a press\u00e3o por uma sa\u00edda de Falc\u00e3o aumentou mais ainda, depois que uma foto do Coordenador, viralizou nas redes sociais, mostrando Falc\u00e3o calmamente sentado na sala de imprensa do Morumbi, assistindo \u00e0 final do <strong>Torneio de T\u00eanis de Wimbledon<\/strong>, pouco antes do cl\u00e1ssico contra o S\u00e3o Paulo, partida em que o Santos foi goleado por 4 a 1.<\/span><\/p>\n<p style=\"text-align: justify;\"><span style=\"font-family: arial, helvetica, sans-serif; font-size: 14pt;\">A clara demonstra\u00e7\u00e3o de total desinteresse e preocupa\u00e7\u00e3o com o momento pelo qual o clube vinha e continua passando, deixou n\u00edtido aos torcedores, conselheiros e associados, aquilo a torcida Santista sempre soube, e que o Presidente Andres Rueda se negou a enxergar: Tratava-se de uma pessoa para a qual o Santos era apenas um emprego e uma fonte de renda!<\/span><\/p>\n<p style=\"text-align: justify;\"><span style=\"font-family: arial, helvetica, sans-serif; font-size: 14pt;\">Que identifica\u00e7\u00e3o com o clube e com a cidade, o Sr Paulo Roberto Falc\u00e3o, tinha? Algu\u00e9m acredita mesmo, que o Santos estar na situa\u00e7\u00e3o em que est\u00e1, um ano vexat\u00f3rio com elimina\u00e7\u00f5es precoces, com apenas uma vit\u00f3ria nos \u00faltimos 16 jogos, pr\u00f3ximo da zona de rebaixamento do Campeonato Brasileiro, tira o sono do Falc\u00e3o?<br \/>\n<\/span><span style=\"font-family: arial, helvetica, sans-serif; font-size: 14pt;\">Se o Santos for rebaixado, o torcedor vai sofrer, vai chorar, o destino do clube sabe l\u00e1 Deus o que pode acontecer, enquanto o Sr Falc\u00e3o, para quem o Santos era s\u00f3 um emprego, simplesmente vai pegar o bon\u00e9, voltar para a sua Porto Alegre e pra ele \u00e9 apenas \u201cVida que segue&#8221;\u00a0\u00a0<\/span><\/p>\n<p style=\"text-align: justify;\"><span style=\"font-family: arial, helvetica, sans-serif; font-size: 14pt;\">Por\u00e9m n\u00e3o foram apenas as defici\u00eancias profissionais demonstradas na condu\u00e7\u00e3o do cargo de coordenador esportivo, que na data de hoje quatro de Agosto, definiram a sa\u00edda do profissional.<br \/>\n<\/span><span style=\"font-family: arial, helvetica, sans-serif; font-size: 14pt;\">Nesta sexta-feira, uma mulher cuja identidade est\u00e1 sendo preservada, registrou um boletim de ocorr\u00eancia na Delegacia da Mulher de Santos, denunciando o coordenador de futebol do Santos, Paulo Roberto Falc\u00e3o, por ter segundo a suposta v\u00edtima, cometido importuna\u00e7\u00e3o sexual.<br \/>\nA v\u00edtima prestou depoimento e dilig\u00eancias est\u00e3o em andamento para esclarecer os fatos.<\/span><\/p>\n<p style=\"text-align: justify;\"><span style=\"font-family: arial, helvetica, sans-serif; font-size: 14pt;\">\u00a0A Pol\u00edcia Civil est\u00e1 investigando o caso, mas n\u00e3o divulgou detalhes para n\u00e3o prejudicar as investiga\u00e7\u00f5es! O pouco que se sabe, \u00e9 que a v\u00edtima seria recepcionista de um hotel em Santos, local onde Falc\u00e3o vinha morando, e teria assediado a recepcionista em duas oportunidades.<br \/>\n<\/span><span style=\"font-family: arial, helvetica, sans-serif; font-size: 14pt;\">Um of\u00edcio foi enviado ao Hotel, para que o mesmo disponibilize imagens do circuito interno de seguran\u00e7a. Ap\u00f3s a divulga\u00e7\u00e3o do caso, Falc\u00e3o optou pela sa\u00edda em comum acordo com o presidente Andres Rueda que em seguida, anunciou a sa\u00edda de Falc\u00e3o do cargo.<\/span><\/p>\n<p style=\"text-align: justify;\"><span style=\"font-family: arial, helvetica, sans-serif; font-size: 14pt;\">O agora ex funcion\u00e1rio do Santos, fez uma declara\u00e7\u00e3o sobre sua sa\u00edda do clube, e nega as acusa\u00e7\u00f5es! Segundo Falc\u00e3o alega para justificar seu pedido de demiss\u00e3o, sua prioridade era proteger a imagem da institui\u00e7\u00e3o e que a acusa\u00e7\u00e3o foi uma surpresa para ele.<\/span><\/p>\n<p><img data-recalc-dims=\"1\" loading=\"lazy\" decoding=\"async\" class=\"aligncenter wp-image-5430 size-full\" src=\"https:\/\/i0.wp.com\/sergiobertoldi.com\/wp-content\/uploads\/2023\/08\/Falcao.jpg?resize=552%2C631&#038;ssl=1\" alt=\"\" width=\"552\" height=\"631\" srcset=\"https:\/\/i0.wp.com\/sergiobertoldi.com\/wp-content\/uploads\/2023\/08\/Falcao.jpg?w=552&amp;ssl=1 552w, https:\/\/i0.wp.com\/sergiobertoldi.com\/wp-content\/uploads\/2023\/08\/Falcao.jpg?resize=262%2C300&amp;ssl=1 262w\" sizes=\"auto, (max-width: 552px) 100vw, 552px\" \/><\/p>\n<p style=\"text-align: justify;\"><span style=\"font-family: arial, helvetica, sans-serif; font-size: 14pt;\">(Cr\u00e9dito: Imagem: Raul Baretta\/Santos FC)<\/span><\/p>\n<p style=\"text-align: justify;\"><span style=\"font-family: arial, helvetica, sans-serif; font-size: 14pt;\">Falamos das coisas do Santos, sempre com a parceria e o apoio dos nossos anunciantes!<\/span><\/p>\n<p>&nbsp;<\/p>\n<p>&nbsp;<\/p>\n","protected":false},"excerpt":{"rendered":"<p>Al\u00f4 Na\u00e7\u00e3o Santista! Sauda\u00e7\u00f5es Alvinegras! Nessa sexta-feira, (4), encerrou-se de forma surpreendente e melanc\u00f3lica, a era Paulo Roberto Falc\u00e3o na<\/p>\n","protected":false},"author":2,"featured_media":5431,"comment_status":"open","ping_status":"open","sticky":false,"template":"","format":"standard","meta":{"colormag_page_container_layout":"default_layout","colormag_page_sidebar_layout":"default_layout","_jetpack_memberships_contains_paid_content":false,"footnotes":""},"categories":[12,4],"tags":[6],"class_list":["post-5429","post","type-post","status-publish","format-standard","has-post-thumbnail","hentry","category-analise-e-comentario","category-bastidores-do-santos-fc","tag-santos-fc"],"jetpack_featured_media_url":"https:\/\/i0.wp.com\/sergiobertoldi.com\/wp-content\/uploads\/2023\/08\/Falcao-01-e1691211159793.jpg?fit=600%2C400&ssl=1","jetpack_likes_enabled":true,"jetpack_sharing_enabled":true,"_links":{"self":[{"href":"https:\/\/sergiobertoldi.com\/index.php\/wp-json\/wp\/v2\/posts\/5429","targetHints":{"allow":["GET"]}}],"collection":[{"href":"https:\/\/sergiobertoldi.com\/index.php\/wp-json\/wp\/v2\/posts"}],"about":[{"href":"https:\/\/sergiobertoldi.com\/index.php\/wp-json\/wp\/v2\/types\/post"}],"author":[{"embeddable":true,"href":"https:\/\/sergiobertoldi.com\/index.php\/wp-json\/wp\/v2\/users\/2"}],"replies":[{"embeddable":true,"href":"https:\/\/sergiobertoldi.com\/index.php\/wp-json\/wp\/v2\/comments?post=5429"}],"version-history":[{"count":3,"href":"https:\/\/sergiobertoldi.com\/index.php\/wp-json\/wp\/v2\/posts\/5429\/revisions"}],"predecessor-version":[{"id":5434,"href":"https:\/\/sergiobertoldi.com\/index.php\/wp-json\/wp\/v2\/posts\/5429\/revisions\/5434"}],"wp:featuredmedia":[{"embeddable":true,"href":"https:\/\/sergiobertoldi.com\/index.php\/wp-json\/wp\/v2\/media\/5431"}],"wp:attachment":[{"href":"https:\/\/sergiobertoldi.com\/index.php\/wp-json\/wp\/v2\/media?parent=5429"}],"wp:term":[{"taxonomy":"category","embeddable":true,"href":"https:\/\/sergiobertoldi.com\/index.php\/wp-json\/wp\/v2\/categories?post=5429"},{"taxonomy":"post_tag","embeddable":true,"href":"https:\/\/sergiobertoldi.com\/index.php\/wp-json\/wp\/v2\/tags?post=5429"}],"curies":[{"name":"wp","href":"https:\/\/api.w.org\/{rel}","templated":true}]}}