{"id":5401,"date":"2023-07-27T09:00:21","date_gmt":"2023-07-27T12:00:21","guid":{"rendered":"https:\/\/sergiobertoldi.com\/?p=5401"},"modified":"2023-07-31T00:22:48","modified_gmt":"2023-07-31T03:22:48","slug":"novo-camisa-11-do-santos-atacante-furch-e-apresentado-a-torcida","status":"publish","type":"post","link":"https:\/\/sergiobertoldi.com\/index.php\/2023\/07\/27\/novo-camisa-11-do-santos-atacante-furch-e-apresentado-a-torcida\/","title":{"rendered":"Novo camisa 11 do Santos atacante Furch  \u00e9 apresentado \u00e0 torcida"},"content":{"rendered":"<p><span style=\"font-family: helvetica, arial, sans-serif; font-size: 14pt;\"><strong><u>Al\u00f4 Na\u00e7\u00e3o Santista! Sauda\u00e7\u00f5es Alvinegras!<\/u><\/strong><\/span><\/p>\n<p style=\"text-align: justify;\"><span style=\"font-family: arial, helvetica, sans-serif; font-size: 14pt;\">Nesta quarta-feira (<strong>26<\/strong>), o Santos apresentou oficialmente <strong>Julio C\u00e9sar Furch<\/strong>, como seu mais novo refor\u00e7o para o restante da temporada <strong>2023<\/strong>.<\/span><br \/>\n<span style=\"font-family: arial, helvetica, sans-serif; font-size: 14pt;\">Com <strong>1,89<\/strong>m, o jogador que completa <strong>34<\/strong> anos no pr\u00f3ximo s\u00e1bado (<strong>29<\/strong>), se autodefine como um centroavante cujas principais caracter\u00edsticas, s\u00e3o a for\u00e7a f\u00edsica e jogo a\u00e9reo.<\/span><\/p>\n<p><img data-recalc-dims=\"1\" loading=\"lazy\" decoding=\"async\" class=\"aligncenter wp-image-5402\" src=\"https:\/\/i0.wp.com\/sergiobertoldi.com\/wp-content\/uploads\/2023\/07\/Apresentacao-Furch-2.jpg?resize=550%2C440&#038;ssl=1\" alt=\"\" width=\"550\" height=\"440\" srcset=\"https:\/\/i0.wp.com\/sergiobertoldi.com\/wp-content\/uploads\/2023\/07\/Apresentacao-Furch-2.jpg?w=640&amp;ssl=1 640w, https:\/\/i0.wp.com\/sergiobertoldi.com\/wp-content\/uploads\/2023\/07\/Apresentacao-Furch-2.jpg?resize=300%2C240&amp;ssl=1 300w\" sizes=\"auto, (max-width: 550px) 100vw, 550px\" \/><\/p>\n<p style=\"text-align: justify;\"><span style=\"font-family: arial, helvetica, sans-serif; font-size: 14pt;\">Durante sua primeira entrevista coletiva, o atacante fez quest\u00e3o de expressar toda a sua satisfa\u00e7\u00e3o em poder vestir a camisa do Santos, mencionando inclusive, que ao saber do interesse do Santos em contar com o seu futebol, n\u00e3o hesitou em aceitar a oportunidade que considera como \u00fanica em sua carreira.<\/span><\/p>\n<blockquote><p><span style=\"font-family: arial, helvetica, sans-serif; font-size: 14pt;\">&#8220;<em>N\u00e3o hesitei em nenhum momento, pelo que \u00e9 o Santos, pela hist\u00f3ria do clube<\/em>\u201d.<\/span><\/p><\/blockquote>\n<p style=\"text-align: justify;\"><span style=\"font-family: arial, helvetica, sans-serif; font-size: 14pt;\">Embora o Santos esteja atualmente passando por uma situa\u00e7\u00e3o delicada, estando na parte inferior da tabela de classifica\u00e7\u00e3o no Campeonato Nacional, Furch declarou que se sente preparado para enfrentar os desafios, e ajudar a equipe a terminar a competi\u00e7\u00e3o em uma posi\u00e7\u00e3o na tabela, o mais alto poss\u00edvel. O jogador tamb\u00e9m destacou sua determina\u00e7\u00e3o em se adaptar o mais r\u00e1pido poss\u00edvel ao clube, \u00e0 cidade e aos novos companheiros, para poder entregar seu melhor desempenho!<\/span><\/p>\n<p><span style=\"font-family: arial, helvetica, sans-serif; font-size: 14pt;\">Perguntado na coletiva sobre quais seriam suas principais caracter\u00edsticas, Furch respondeu:<\/span><\/p>\n<blockquote><p><span style=\"font-family: arial, helvetica, sans-serif; font-size: 14pt;\">\u201c<em>As minhas caracter\u00edsticas s\u00e3o proteger bem a bola fazendo uma fun\u00e7\u00e3o de piv\u00f4, procuro sempre com intelig\u00eancia, me movimentar, criar espa\u00e7os e puxar a marca\u00e7\u00e3o, e sou forte na bola a\u00e9rea, tanto no ataque quanto na defesa. Essas s\u00e3o minhas caracter\u00edsticas<\/em>&#8220;, declarou o jogador de 33 anos.<\/span><\/p><\/blockquote>\n<p style=\"text-align: justify;\"><span style=\"font-family: arial, helvetica, sans-serif; font-size: 14pt;\">Furch ser\u00e1 o novo camisa <strong>11<\/strong> do Alvinegro Praiano. O argentino herdou o n\u00famero que at\u00e9 pouco tempo pertencia ao jovem \u00c2ngelo, raio da Vila que foi vendido ao Chelsea. A camisa tamb\u00e9m j\u00e1 foi de \u00eddolos como <strong>Pepe<\/strong>, <strong>Abel Ver\u00f4nico<\/strong>, <strong>Jo\u00e3o Paulo<\/strong>, <strong>Z\u00e9 S\u00e9rgio<\/strong>, <strong>Eder Aleixo<\/strong>, <strong>Robert<\/strong>, <strong>Neymar<\/strong>, e etc&#8230;<\/span><\/p>\n<p><img data-recalc-dims=\"1\" loading=\"lazy\" decoding=\"async\" class=\"aligncenter wp-image-5403\" src=\"https:\/\/i0.wp.com\/sergiobertoldi.com\/wp-content\/uploads\/2023\/07\/Apresentacao-Furch-1.jpg?resize=550%2C440&#038;ssl=1\" alt=\"\" width=\"550\" height=\"440\" srcset=\"https:\/\/i0.wp.com\/sergiobertoldi.com\/wp-content\/uploads\/2023\/07\/Apresentacao-Furch-1.jpg?w=640&amp;ssl=1 640w, https:\/\/i0.wp.com\/sergiobertoldi.com\/wp-content\/uploads\/2023\/07\/Apresentacao-Furch-1.jpg?resize=300%2C240&amp;ssl=1 300w\" sizes=\"auto, (max-width: 550px) 100vw, 550px\" \/><\/p>\n<blockquote><p><span style=\"font-family: arial, helvetica, sans-serif; font-size: 14pt;\">\u201c<em>O n\u00famero 11, eu j\u00e1 usei jogando pelo Vera Cruz e fui bem. Espero que aqui tamb\u00e9m as coisas sejam boas. \u00c9 um n\u00famero lindo<\/em>\u201d.<\/span><\/p><\/blockquote>\n<p style=\"text-align: justify;\"><span style=\"font-family: arial, helvetica, sans-serif; font-size: 14pt;\"><strong>Julio Furch<\/strong> foi revelado nas categorias de base do <strong>Olimpo<\/strong>. Na sequ\u00eancia, passou por <strong>San Lorenzo<\/strong>, <strong>Arsenal<\/strong> de <strong>Sarandi<\/strong> e <strong>Belgrano<\/strong>, todos da Argentina.<\/span><br \/>\n<span style=\"font-family: arial, helvetica, sans-serif; font-size: 14pt;\">Posteriormente, mudou-se para o M\u00e9xico para atuar por <strong>Vera Cruz<\/strong>, <strong>Santos Laguna<\/strong> e <strong>Atlas<\/strong>.<\/span><br \/>\n<span style=\"font-family: arial, helvetica, sans-serif; font-size: 14pt;\">Apesar de n\u00e3o ser muito conhecido no Brasil, Furch construiu uma carreira s\u00f3lida no futebol mexicano, tendo marcado mais de <strong>100 gols<\/strong> nos torneios <strong>Apertura<\/strong> e <strong>Clausura<\/strong>, al\u00e9m da <strong>Copa Nacional.<\/strong><\/span><\/p>\n<p><span style=\"font-family: arial, helvetica, sans-serif; font-size: 14pt;\">O Santos j\u00e1 pode contar com seu novo atacante j\u00e1 neste s\u00e1bado contra o Fluminense, fora de casa em partida v\u00e1lida pela <strong>17\u00aa rodada<\/strong> do Campeonato Brasileiro, pois o jogador j\u00e1 conta com seu nome regularizado no <strong>BID<\/strong> da <strong>CBF<\/strong>.<\/span><\/p>\n<p><img data-recalc-dims=\"1\" loading=\"lazy\" decoding=\"async\" class=\"aligncenter wp-image-5404 size-full\" src=\"https:\/\/i0.wp.com\/sergiobertoldi.com\/wp-content\/uploads\/2023\/07\/Cap.jpg?resize=466%2C390&#038;ssl=1\" alt=\"\" width=\"466\" height=\"390\" srcset=\"https:\/\/i0.wp.com\/sergiobertoldi.com\/wp-content\/uploads\/2023\/07\/Cap.jpg?w=466&amp;ssl=1 466w, https:\/\/i0.wp.com\/sergiobertoldi.com\/wp-content\/uploads\/2023\/07\/Cap.jpg?resize=300%2C251&amp;ssl=1 300w\" sizes=\"auto, (max-width: 466px) 100vw, 466px\" \/><\/p>\n<p><span style=\"font-size: 14pt;\"><strong><u>Acompanhe a Coletiva de Apresenta\u00e7\u00e3o do Jogador Julio C\u00e9sar Furch<\/u><\/strong><\/span><\/p>\n<div class=\"jetpack-video-wrapper\"><iframe loading=\"lazy\" title=\"JULIO FURCH | APRESENTA\u00c7\u00c3O (26\/07\/23)\" width=\"800\" height=\"450\" src=\"https:\/\/www.youtube.com\/embed\/RqyvTv1PIng?feature=oembed\" frameborder=\"0\" allow=\"accelerometer; autoplay; clipboard-write; encrypted-media; gyroscope; picture-in-picture; web-share\" allowfullscreen><\/iframe><\/div>\n<p style=\"text-align: justify;\">\u00a0<span style=\"font-family: arial, helvetica, sans-serif; font-size: 14pt;\">(Cr\u00e9dito: Imagem: Raul Baretta\/Santos FC)<\/span><br \/>\n<span style=\"font-family: arial, helvetica, sans-serif; font-size: 14pt;\">\u00a0(Cr\u00e9dito: Imagem: SantosTV\/Divulga\u00e7\u00e3o\/Santos FC)<\/span><\/p>\n<p style=\"text-align: justify;\"><span style=\"font-family: arial, helvetica, sans-serif; font-size: 14pt;\">Falamos das coisas do Santos, sempre com a parceria e o apoio dos nossos anunciantes!<\/span><\/p>\n<p>&nbsp;<\/p>\n","protected":false},"excerpt":{"rendered":"<p>Al\u00f4 Na\u00e7\u00e3o Santista! Sauda\u00e7\u00f5es Alvinegras! Nesta quarta-feira (26), o Santos apresentou oficialmente Julio C\u00e9sar Furch, como seu mais novo refor\u00e7o<\/p>\n","protected":false},"author":2,"featured_media":5405,"comment_status":"open","ping_status":"open","sticky":false,"template":"","format":"standard","meta":{"colormag_page_container_layout":"default_layout","colormag_page_sidebar_layout":"default_layout","_jetpack_memberships_contains_paid_content":false,"footnotes":""},"categories":[68,4,30],"tags":[6],"class_list":["post-5401","post","type-post","status-publish","format-standard","has-post-thumbnail","hentry","category-apresentacao-oficial","category-bastidores-do-santos-fc","category-contratacoes","tag-santos-fc"],"jetpack_featured_media_url":"https:\/\/i0.wp.com\/sergiobertoldi.com\/wp-content\/uploads\/2023\/07\/Apresentacao-Furch.jpg?fit=640%2C512&ssl=1","jetpack_likes_enabled":true,"jetpack_sharing_enabled":true,"_links":{"self":[{"href":"https:\/\/sergiobertoldi.com\/index.php\/wp-json\/wp\/v2\/posts\/5401","targetHints":{"allow":["GET"]}}],"collection":[{"href":"https:\/\/sergiobertoldi.com\/index.php\/wp-json\/wp\/v2\/posts"}],"about":[{"href":"https:\/\/sergiobertoldi.com\/index.php\/wp-json\/wp\/v2\/types\/post"}],"author":[{"embeddable":true,"href":"https:\/\/sergiobertoldi.com\/index.php\/wp-json\/wp\/v2\/users\/2"}],"replies":[{"embeddable":true,"href":"https:\/\/sergiobertoldi.com\/index.php\/wp-json\/wp\/v2\/comments?post=5401"}],"version-history":[{"count":2,"href":"https:\/\/sergiobertoldi.com\/index.php\/wp-json\/wp\/v2\/posts\/5401\/revisions"}],"predecessor-version":[{"id":5407,"href":"https:\/\/sergiobertoldi.com\/index.php\/wp-json\/wp\/v2\/posts\/5401\/revisions\/5407"}],"wp:featuredmedia":[{"embeddable":true,"href":"https:\/\/sergiobertoldi.com\/index.php\/wp-json\/wp\/v2\/media\/5405"}],"wp:attachment":[{"href":"https:\/\/sergiobertoldi.com\/index.php\/wp-json\/wp\/v2\/media?parent=5401"}],"wp:term":[{"taxonomy":"category","embeddable":true,"href":"https:\/\/sergiobertoldi.com\/index.php\/wp-json\/wp\/v2\/categories?post=5401"},{"taxonomy":"post_tag","embeddable":true,"href":"https:\/\/sergiobertoldi.com\/index.php\/wp-json\/wp\/v2\/tags?post=5401"}],"curies":[{"name":"wp","href":"https:\/\/api.w.org\/{rel}","templated":true}]}}