{"id":5337,"date":"2023-07-10T14:00:47","date_gmt":"2023-07-10T17:00:47","guid":{"rendered":"https:\/\/sergiobertoldi.com\/?p=5337"},"modified":"2023-07-12T22:52:34","modified_gmt":"2023-07-13T01:52:34","slug":"dodo-chega-em-santos-para-realizar-exames-e-assinar-seu-contrato-com-o-alvinegro-praiano","status":"publish","type":"post","link":"https:\/\/sergiobertoldi.com\/index.php\/2023\/07\/10\/dodo-chega-em-santos-para-realizar-exames-e-assinar-seu-contrato-com-o-alvinegro-praiano\/","title":{"rendered":"Dod\u00f4 chega em Santos para realizar exames e assinar seu contrato com o Alvinegro Praiano"},"content":{"rendered":"<p style=\"text-align: justify;\"><span style=\"font-family: helvetica, arial, sans-serif; font-size: 14pt;\"><strong><u>Al\u00f4 Na\u00e7\u00e3o Santista! Sauda\u00e7\u00f5es Alvinegras!<\/u><\/strong><\/span><\/p>\n<p style=\"text-align: justify;\"><span style=\"font-family: arial, helvetica, sans-serif; font-size: 14pt;\">Na tarde desta segunda-feira (10), o Santos anunciou sua primeira contrata\u00e7\u00e3o durante a janela de transfer\u00eancias que se iniciou no \u00faltimo dia 03 de Julho, e se encerra no pr\u00f3ximo dia 02 de agosto!<\/span><\/p>\n<p style=\"text-align: justify;\"><span style=\"font-family: arial, helvetica, sans-serif; font-size: 14pt;\">\u00a0Trata-se do lateral-esquerdo Dod\u00f4, que at\u00e9 ent\u00e3o vinha jogando no Atl\u00e9tico-MG, e a partir de agora, \u00e9 o mais novo jogador do elenco Santista!<\/span><br \/>\n<span style=\"font-family: arial, helvetica, sans-serif; font-size: 14pt;\">O atleta que tinha contrato com o Galo Mineiro at\u00e9 o final da atual temporada, chega ao Alvinegro Praiano ap\u00f3s a diretoria mineira concordar em antecipar o t\u00e9rmino do v\u00ednculo do jogador, mediante uma compensa\u00e7\u00e3o financeira por parte do Santos, no valor de cerca de <strong>R$ 600 mil<\/strong>, valor a ser pago parceladamente.<\/span><\/p>\n<p style=\"text-align: justify;\"><span style=\"font-family: arial, helvetica, sans-serif; font-size: 14pt;\">Para o clube mineiro, liberar o jogador seis meses antes do t\u00e9rmino de seu contrato, foi algo ben\u00e9fico, pois haver\u00e1 um al\u00edvio na folha salarial do clube, ao se desfazer de um jogador pouco utilizado.<\/span><br \/>\n<span style=\"font-family: arial, helvetica, sans-serif; font-size: 14pt;\">Dod\u00f4 j\u00e1 acertou sua transfer\u00eancia para o Santos, e inclusive j\u00e1 se encontra na cidade de Santos para realizar exames m\u00e9dicos e assinar o contrato.<\/span><\/p>\n<p style=\"text-align: justify;\"><img data-recalc-dims=\"1\" loading=\"lazy\" decoding=\"async\" class=\"aligncenter wp-image-5340\" src=\"https:\/\/i0.wp.com\/sergiobertoldi.com\/wp-content\/uploads\/2023\/07\/santos_acerta_volta-1162465.jpg?resize=450%2C563&#038;ssl=1\" alt=\"\" width=\"450\" height=\"563\" srcset=\"https:\/\/i0.wp.com\/sergiobertoldi.com\/wp-content\/uploads\/2023\/07\/santos_acerta_volta-1162465.jpg?resize=819%2C1024&amp;ssl=1 819w, https:\/\/i0.wp.com\/sergiobertoldi.com\/wp-content\/uploads\/2023\/07\/santos_acerta_volta-1162465.jpg?resize=240%2C300&amp;ssl=1 240w, https:\/\/i0.wp.com\/sergiobertoldi.com\/wp-content\/uploads\/2023\/07\/santos_acerta_volta-1162465.jpg?resize=768%2C960&amp;ssl=1 768w, https:\/\/i0.wp.com\/sergiobertoldi.com\/wp-content\/uploads\/2023\/07\/santos_acerta_volta-1162465.jpg?resize=1229%2C1536&amp;ssl=1 1229w, https:\/\/i0.wp.com\/sergiobertoldi.com\/wp-content\/uploads\/2023\/07\/santos_acerta_volta-1162465.jpg?resize=1638%2C2048&amp;ssl=1 1638w, https:\/\/i0.wp.com\/sergiobertoldi.com\/wp-content\/uploads\/2023\/07\/santos_acerta_volta-1162465.jpg?w=1903&amp;ssl=1 1903w\" sizes=\"auto, (max-width: 450px) 100vw, 450px\" \/><\/p>\n<p style=\"text-align: justify;\"><span style=\"font-family: arial, helvetica, sans-serif; font-size: 14pt;\">Jos\u00e9 Rodolfo Pires Ribeiro, mais conhecido como <strong>Dod\u00f4<\/strong>, nasceu em Campinas no dia <strong>6 de fevereiro de 1992<\/strong>, tem atualmente <strong>31<\/strong> anos de idade, e joga na posi\u00e7\u00e3o de lateral-esquerdo! Dod\u00f4 foi revelado das categorias de base do Corinthians, e com apenas <strong>17 anos<\/strong>, em <strong>2009<\/strong> subiu ao time principal mesclando jogos na base para disputar simultaneamente a Copa S\u00e3o Paulo.<\/span><\/p>\n<p style=\"text-align: justify;\"><span style=\"font-family: arial, helvetica, sans-serif; font-size: 14pt;\">Dod\u00f4 est\u00e1 retornando ao Santos para sua segunda passagem pelo clube de Vila Belmiro, onde esteve em sua primeira passagem em <strong>2018<\/strong>, jogando por empr\u00e9stimo vindo da Italiana Sampdoria, tendo na ocasi\u00e3o envergado o manto Santista em <strong>53<\/strong> partidas!<\/span><br \/>\n<span style=\"font-family: arial, helvetica, sans-serif; font-size: 14pt;\">Agora, aos 31 anos, o novo lateral esquerdo do Santos assinou um contrato at\u00e9 dezembro de <strong>2025<\/strong>.<\/span><\/p>\n<p style=\"text-align: justify;\"><img data-recalc-dims=\"1\" loading=\"lazy\" decoding=\"async\" class=\"aligncenter wp-image-5338\" src=\"https:\/\/i0.wp.com\/sergiobertoldi.com\/wp-content\/uploads\/2023\/07\/dodo.jpg?resize=650%2C434&#038;ssl=1\" alt=\"\" width=\"650\" height=\"434\" srcset=\"https:\/\/i0.wp.com\/sergiobertoldi.com\/wp-content\/uploads\/2023\/07\/dodo.jpg?w=920&amp;ssl=1 920w, https:\/\/i0.wp.com\/sergiobertoldi.com\/wp-content\/uploads\/2023\/07\/dodo.jpg?resize=300%2C200&amp;ssl=1 300w, https:\/\/i0.wp.com\/sergiobertoldi.com\/wp-content\/uploads\/2023\/07\/dodo.jpg?resize=768%2C513&amp;ssl=1 768w\" sizes=\"auto, (max-width: 650px) 100vw, 650px\" \/><\/p>\n<p style=\"text-align: justify;\"><span style=\"font-family: arial, helvetica, sans-serif; font-size: 14pt;\">Dod\u00f4 retorna a Vila, e chega com a expectativa de assumir a titularidade da lateral esquerda, uma vez que <strong>Felipe Jonatan<\/strong> est\u00e1 machucado e n\u00e3o tem data para retornar, e <strong>Lucas Pires<\/strong> segue afastado do elenco por ter sido flagrado na sa\u00edda de uma balada em S\u00e3o Paulo horas antes do in\u00edcio de um treinamento no CT Rei Pel\u00e9. Sendo assim a \u00fanica op\u00e7\u00e3o para a lateral, ficou restrita ao jovem <strong>Kevyson<\/strong>, promessa da base para a posi\u00e7\u00e3o, jogador ainda muito jovem, que tem apenas tr\u00eas partidas na equipe principal.<\/span><\/p>\n<p style=\"text-align: justify;\"><span style=\"font-family: arial, helvetica, sans-serif; font-size: 14pt;\">Resta saber em que condi\u00e7\u00f5es chega a primeira contrata\u00e7\u00e3o do Santos para o restante da temporada, visto que pelo Atl\u00e9tico Mineiro, Dod\u00f4 foi pouco utilizado em <strong>2023<\/strong>, tendo jogado apenas <strong>15<\/strong> jogos em todas as competi\u00e7\u00f5es, sendo titular em apenas <strong>12<\/strong> delas.<\/span><br \/>\n<span style=\"font-family: arial, helvetica, sans-serif; font-size: 14pt;\">De qualquer forma, com a contrata\u00e7\u00e3o do lateral esquerdo Dod\u00f4, que chega com status de titular para refor\u00e7ar a posi\u00e7\u00e3o que estava carente de op\u00e7\u00f5es. o Santos espera refor\u00e7ar o seu elenco para a temporada e fortalecer o seu setor defensivo.<\/span><\/p>\n<p style=\"text-align: justify;\"><span style=\"font-family: arial, helvetica, sans-serif; font-size: 14pt;\">\u00a0Dod\u00f4 \u00e9 um jogador experiente e j\u00e1 teve passagens por grandes clubes do futebol brasileiro, como <strong>Corinthians<\/strong>, <strong>Santos<\/strong>, <strong>Cruzeiro<\/strong>, <strong>Atl\u00e9tico Mineiro<\/strong>.<\/span><br \/>\n<span style=\"font-family: arial, helvetica, sans-serif; font-size: 14pt;\">Al\u00e9m de passagens com bastante destaque pelo futebol italiano, jogando pela <strong>Roma<\/strong>, <strong>Internazionale<\/strong> e <strong>Sampdoria, <\/strong>experi\u00eancias que certamente aliadas a sua qualidade t\u00e9cnica, contribuir\u00e3o de maneira decisiva para o time santista, que ainda busca refor\u00e7os para outras posi\u00e7\u00f5es, como <strong>zagueiro<\/strong>, <strong>lateral-direito<\/strong>, <strong>meio-campista<\/strong> e <strong>atacante <\/strong>de velocidade.<\/span><\/p>\n<p style=\"text-align: justify;\"><span style=\"font-family: arial, helvetica, sans-serif; font-size: 14pt;\">Cr\u00e9dito: Imagem: Raul Baretta\/Santos FC)<\/span><\/p>\n<p style=\"text-align: justify;\"><span style=\"font-family: arial, helvetica, sans-serif; font-size: 14pt;\">Falamos das coisas do Santos, sempre com a parceria e o apoio dos nossos anunciantes!<\/span><\/p>\n","protected":false},"excerpt":{"rendered":"<p>Al\u00f4 Na\u00e7\u00e3o Santista! Sauda\u00e7\u00f5es Alvinegras! Na tarde desta segunda-feira (10), o Santos anunciou sua primeira contrata\u00e7\u00e3o durante a janela de<\/p>\n","protected":false},"author":2,"featured_media":5339,"comment_status":"open","ping_status":"open","sticky":false,"template":"","format":"standard","meta":{"colormag_page_container_layout":"default_layout","colormag_page_sidebar_layout":"default_layout","_jetpack_memberships_contains_paid_content":false,"footnotes":""},"categories":[4,30],"tags":[6],"class_list":["post-5337","post","type-post","status-publish","format-standard","has-post-thumbnail","hentry","category-bastidores-do-santos-fc","category-contratacoes","tag-santos-fc"],"jetpack_featured_media_url":"https:\/\/i0.wp.com\/sergiobertoldi.com\/wp-content\/uploads\/2023\/07\/santos.jpg-e1689212866378.webp?fit=850%2C567&ssl=1","jetpack_likes_enabled":true,"jetpack_sharing_enabled":true,"_links":{"self":[{"href":"https:\/\/sergiobertoldi.com\/index.php\/wp-json\/wp\/v2\/posts\/5337","targetHints":{"allow":["GET"]}}],"collection":[{"href":"https:\/\/sergiobertoldi.com\/index.php\/wp-json\/wp\/v2\/posts"}],"about":[{"href":"https:\/\/sergiobertoldi.com\/index.php\/wp-json\/wp\/v2\/types\/post"}],"author":[{"embeddable":true,"href":"https:\/\/sergiobertoldi.com\/index.php\/wp-json\/wp\/v2\/users\/2"}],"replies":[{"embeddable":true,"href":"https:\/\/sergiobertoldi.com\/index.php\/wp-json\/wp\/v2\/comments?post=5337"}],"version-history":[{"count":2,"href":"https:\/\/sergiobertoldi.com\/index.php\/wp-json\/wp\/v2\/posts\/5337\/revisions"}],"predecessor-version":[{"id":5342,"href":"https:\/\/sergiobertoldi.com\/index.php\/wp-json\/wp\/v2\/posts\/5337\/revisions\/5342"}],"wp:featuredmedia":[{"embeddable":true,"href":"https:\/\/sergiobertoldi.com\/index.php\/wp-json\/wp\/v2\/media\/5339"}],"wp:attachment":[{"href":"https:\/\/sergiobertoldi.com\/index.php\/wp-json\/wp\/v2\/media?parent=5337"}],"wp:term":[{"taxonomy":"category","embeddable":true,"href":"https:\/\/sergiobertoldi.com\/index.php\/wp-json\/wp\/v2\/categories?post=5337"},{"taxonomy":"post_tag","embeddable":true,"href":"https:\/\/sergiobertoldi.com\/index.php\/wp-json\/wp\/v2\/tags?post=5337"}],"curies":[{"name":"wp","href":"https:\/\/api.w.org\/{rel}","templated":true}]}}