{"id":5257,"date":"2023-06-27T14:38:51","date_gmt":"2023-06-27T17:38:51","guid":{"rendered":"https:\/\/sergiobertoldi.com\/?p=5257"},"modified":"2023-06-28T21:27:34","modified_gmt":"2023-06-29T00:27:34","slug":"paulo-turra-novo-treinador-do-santos-foi-apresentado-no-inicio-da-tarde-dessa-terca-feira-27","status":"publish","type":"post","link":"https:\/\/sergiobertoldi.com\/index.php\/2023\/06\/27\/paulo-turra-novo-treinador-do-santos-foi-apresentado-no-inicio-da-tarde-dessa-terca-feira-27\/","title":{"rendered":"Paulo Turra novo treinador do Santos foi apresentado no in\u00edcio da tarde dessa ter\u00e7a-feira (27)"},"content":{"rendered":"<p><span style=\"font-family: helvetica, arial, sans-serif; font-size: 14pt;\"><strong><u>Al\u00f4 Na\u00e7\u00e3o Santista! Sauda\u00e7\u00f5es Alvinegras!<\/u><\/strong><\/span><\/p>\n<p><span style=\"font-family: arial, helvetica, sans-serif; font-size: 14pt;\">Sem vencer h\u00e1 10 jogos, per\u00edodo cuja campanha n\u00e3o passou de cinco empates e cinco derrotas, com o elenco vivendo uma m\u00e1 fase tanto dentro como fora de campo, ambiente conturbado nos bastidores com grupinhos e rachas no elenco, jogadores afastados por falta de profissionalismo e comprometimento com o clube, sendo que no Campeonato Brasileiro o Santos est\u00e1 h\u00e1 apenas dois pontos da zona do rebaixamento!<\/span><\/p>\n<p><span style=\"font-family: arial, helvetica, sans-serif; font-size: 14pt;\">\u00c9 em meio a este momento ca\u00f3tico, que o novo treinador do Santos foi apresentado no in\u00edcio da tarde dessa ter\u00e7a-feira (27).<br \/>\n<\/span><span style=\"font-family: arial, helvetica, sans-serif; font-size: 14pt;\">Em um cen\u00e1rio que parece precisar mais de um \u201c<strong>Bombeiro<\/strong>\u201d, do que de um \u201c<strong>Treinador<\/strong>\u201d, tantos s\u00e3o os inc\u00eandios para apagar, o Santos Futebol Clube apresentou oficialmente: <strong>Paulo Turra<\/strong> como treinador do elenco Santista!<\/span><\/p>\n<p><span style=\"font-family: arial, helvetica, sans-serif; font-size: 14pt;\">Em sua primeira coletiva como t\u00e9cnico do Santos Futebol Clube, o treinador Paulo Turra fez quest\u00e3o expressou sua felicidade em liderar o time do Peixe, e declarou que est\u00e1 preparado para enfrentar o desafio.<\/span><\/p>\n<blockquote><p><span style=\"font-size: 14pt;\">\u201c<em>Gostaria de agradecer essa grande oportunidade de treinar um dos grandes clubes do futebol mundial. Agrade\u00e7o a todos que me recepcionaram muito bem, a torcida do Santos, aos atletas e staff. \u00c9 uma oportunidade \u00fanica. Estou muito grato. \u00c9 o pr\u00eamio que estou recebendo pelo trabalho que fiz com o Athletico. Encaro com naturalidade, responsabilidade e estou preparado para esse grande desafio<\/em>&#8220;<\/span><\/p><\/blockquote>\n<p><span style=\"font-family: arial, helvetica, sans-serif; font-size: 14pt;\">Com a miss\u00e3o de resgatar a uni\u00e3o e o bom ambiente interno no elenco, principalmente no que diz respeito ao &#8220;Vesti\u00e1rio&#8221;, e afastar a crise que se instalou na Vila Belmiro, Paulo Turra chega prometendo uma equipe competitiva durante o Brasileir\u00e3o, e sabe que o principal foco nesse momento \u00e9 buscar o fim deste jejum, interrompendo a sequ\u00eancia de derrotas e voltando a vencer o mais r\u00e1pido poss\u00edvel<\/span><\/p>\n<p><span style=\"font-family: arial, helvetica, sans-serif; font-size: 14pt;\">Apesar de n\u00e3o querer nesse primeiro momento, declarar o que viu e o que sentiu em rela\u00e7\u00e3o ao que encontrou do elenco, o t\u00e9cnico afirmou que acredita no potencial dos seus jogadores, e levantou tr\u00eas palavras-chaves: <strong>Competitividade<\/strong>, <strong>Intensidade<\/strong> e <strong>Emerg\u00eancia<\/strong>.<\/span><br \/>\n<span style=\"font-family: arial, helvetica, sans-serif; font-size: 14pt;\">Turra prometeu esquentar o vesti\u00e1rio, o que pensa ser essencial para fazer a equipe reagir.<\/span><\/p>\n<blockquote><p><span style=\"font-size: 14pt;\">\u201c<em>Vamos colocar nosso vesti\u00e1rio em ebuli\u00e7\u00e3o. Temos de comemorar uma vit\u00f3ria, um drible, um chute. Nosso vesti\u00e1rio tem de comemorar um gol. E eles t\u00eam de ser entendedores que esse \u00e9 o primeiro passo para virar a chave, sendo organizados, disciplinados, com competi\u00e7\u00e3o e intensidade<\/em>\u201d.<\/span><\/p><\/blockquote>\n<p><span style=\"font-family: arial, helvetica, sans-serif; font-size: 14pt;\">Na minha apresenta\u00e7\u00e3o aos jogadores do Santos, enfatizei que sem competi\u00e7\u00e3o, n\u00e3o h\u00e1 sentido em jogar. Se n\u00e3o competir, n\u00e3o adianta nada.<\/span><br \/>\n<span style=\"font-family: arial, helvetica, sans-serif; font-size: 14pt;\">Pode ter dez <strong>Messis<\/strong>, dez <strong>Cristianos Ronaldo<\/strong>, dez <strong>Neymares<\/strong>&#8230; Se n\u00e3o tiver intensidade, desejo de vencer, n\u00e3o se chega a lugar algum.<\/span><br \/>\n<span style=\"font-family: arial, helvetica, sans-serif; font-size: 14pt;\">Considerando a situa\u00e7\u00e3o atual do Santos, \u00e9 fundamental ter uma postura de emerg\u00eancia.<\/span><\/p>\n<p><span style=\"font-family: arial, helvetica, sans-serif; font-size: 14pt;\">Junto com o novo treinador Santista, foram apresentados os demais componentes da Comiss\u00e3o T\u00e9cnica, incluindo os profissionais que chegam com o professor Paulo Turra<\/span><\/p>\n<p><img data-recalc-dims=\"1\" loading=\"lazy\" decoding=\"async\" class=\"aligncenter wp-image-5260\" src=\"https:\/\/i0.wp.com\/sergiobertoldi.com\/wp-content\/uploads\/2023\/06\/53006312159_4694573c5e_c.jpg?resize=650%2C434&#038;ssl=1\" alt=\"\" width=\"650\" height=\"434\" srcset=\"https:\/\/i0.wp.com\/sergiobertoldi.com\/wp-content\/uploads\/2023\/06\/53006312159_4694573c5e_c.jpg?w=800&amp;ssl=1 800w, https:\/\/i0.wp.com\/sergiobertoldi.com\/wp-content\/uploads\/2023\/06\/53006312159_4694573c5e_c.jpg?resize=300%2C200&amp;ssl=1 300w, https:\/\/i0.wp.com\/sergiobertoldi.com\/wp-content\/uploads\/2023\/06\/53006312159_4694573c5e_c.jpg?resize=768%2C513&amp;ssl=1 768w\" sizes=\"auto, (max-width: 650px) 100vw, 650px\" \/><\/p>\n<p><strong><span style=\"text-decoration: underline;\"><span style=\"font-size: 14pt;\">PITACOS DO BERTOLDI<\/span><\/span><\/strong><\/p>\n<p><span style=\"font-family: arial, helvetica, sans-serif; font-size: 14pt;\">O Santos optou por contratar Paulo Turra para substituir Odair Hellmann.<\/span><br \/>\n<span style=\"font-family: arial, helvetica, sans-serif; font-size: 14pt;\">Turra chega com a promessa de tirar o Santos da situa\u00e7\u00e3o delicada em que se encontra, e evitar o vexame e a mancha, de ser rebaixado pela primeira vez em seus <strong>111 anos<\/strong> de hist\u00f3ria de conquistas e gl\u00f3rias!<\/span><\/p>\n<p><span style=\"font-family: arial, helvetica, sans-serif; font-size: 14pt;\">Sei que para muitos da torcida Santista, soa at\u00e9 como um sacril\u00e9gio ter que em face do momento, abandonar o famoso \u201c<strong>DNA<\/strong>\u201d ofensivo, marca registrada de um clube que construiu a fama de sua rica hist\u00f3ria, em cima de equipes que ao longo do tempo, sempre foram conhecidas por seu futebol ofensivo, com muitos gols e t\u00edtulos.<\/span><br \/>\n<span style=\"font-family: arial, helvetica, sans-serif; font-size: 14pt;\">Por\u00e9m para evitar o rebaixamento, que infelizmente \u00e9 hoje um perigo real perante n\u00e3o somente a campanha da equipe no Campeonato, mas a fragilidade t\u00e9cnica do elenco, Paulo Turra deixou claro que a defesa ser\u00e1 a prioridade.<\/span><\/p>\n<p><span style=\"font-family: arial, helvetica, sans-serif; font-size: 14pt;\">De tudo o que falou o novo treinador do Santos, o que mais chamou a minha aten\u00e7\u00e3o positivamente foram Tr\u00eas coisas:<\/span><\/p>\n<ol>\n<li><span style=\"font-family: arial, helvetica, sans-serif; font-size: 14pt;\">Turra quer um Santos Vibrante, Valente, Competitivo, jogadores com entrega total, lutando pela bola o tempo todo.<\/span><\/li>\n<li><span style=\"font-family: arial, helvetica, sans-serif; font-size: 14pt;\">Quer ver seus jogadores, comemorando uma vit\u00f3ria, um drible, um chute. Nosso vesti\u00e1rio tem de comemorar um gol.<\/span><\/li>\n<li><span style=\"font-family: arial, helvetica, sans-serif; font-size: 14pt;\">Paulo Turra entendeu realmente qual \u00e9 a situa\u00e7\u00e3o do Santos.<br \/>\nO elenco \u00e9 fraqu\u00edssimo! Por isso, n\u00e3o vai se aventurar em esquemas ofensivos que exponham desnecessariamente a defesa.<br \/>\nSe quiser ver seu clube do cora\u00e7\u00e3o, evitar o rebaixamento, o torcedor Santista vai ter que se acostumar a ver um santos que n\u00e3o vai abrir m\u00e3o do ataque e das vit\u00f3rias, mas certamente ter\u00e1 uma postura mas defensiva.<\/span><\/li>\n<\/ol>\n<p><span style=\"font-size: 14pt;\"><strong><u>Acompanhe a Coletiva de apresenta\u00e7\u00e3o do T\u00e9cnico Paulo Turra<\/u><\/strong><\/span><\/p>\n<div class=\"jetpack-video-wrapper\"><iframe loading=\"lazy\" title=\"PAULO TURRA | APRESENTA\u00c7\u00c3O (27\/06\/23)\" width=\"800\" height=\"450\" src=\"https:\/\/www.youtube.com\/embed\/Ss7uc1mNWQc?feature=oembed\" frameborder=\"0\" allow=\"accelerometer; autoplay; clipboard-write; encrypted-media; gyroscope; picture-in-picture; web-share\" allowfullscreen><\/iframe><\/div>\n<p><span style=\"font-family: arial, helvetica, sans-serif; font-size: 14pt;\">(Cr\u00e9dito: Imagem: Raul Baretta\/Santos FC)<\/span><br \/>\n<span style=\"font-family: arial, helvetica, sans-serif; font-size: 14pt;\">(Cr\u00e9dito: Imagem: SantosTV\/Divulga\u00e7\u00e3o\/Santos FC)<\/span><\/p>\n<p><span style=\"font-family: arial, helvetica, sans-serif; font-size: 14pt;\">Falamos das coisas do Santos, sempre com a parceria e o apoio dos nossos anunciantes!<\/span><\/p>\n<p>&nbsp;<\/p>\n","protected":false},"excerpt":{"rendered":"<p>Al\u00f4 Na\u00e7\u00e3o Santista! Sauda\u00e7\u00f5es Alvinegras! Sem vencer h\u00e1 10 jogos, per\u00edodo cuja campanha n\u00e3o passou de cinco empates e cinco<\/p>\n","protected":false},"author":2,"featured_media":5259,"comment_status":"open","ping_status":"open","sticky":false,"template":"","format":"standard","meta":{"colormag_page_container_layout":"default_layout","colormag_page_sidebar_layout":"default_layout","_jetpack_memberships_contains_paid_content":false,"footnotes":""},"categories":[68,4,32],"tags":[6],"class_list":["post-5257","post","type-post","status-publish","format-standard","has-post-thumbnail","hentry","category-apresentacao-oficial","category-bastidores-do-santos-fc","category-treinador-santista","tag-santos-fc"],"jetpack_featured_media_url":"https:\/\/i0.wp.com\/sergiobertoldi.com\/wp-content\/uploads\/2023\/06\/53006633568_0106e0312b_c-e1687998038319.jpg?fit=650%2C520&ssl=1","jetpack_likes_enabled":true,"jetpack_sharing_enabled":true,"_links":{"self":[{"href":"https:\/\/sergiobertoldi.com\/index.php\/wp-json\/wp\/v2\/posts\/5257","targetHints":{"allow":["GET"]}}],"collection":[{"href":"https:\/\/sergiobertoldi.com\/index.php\/wp-json\/wp\/v2\/posts"}],"about":[{"href":"https:\/\/sergiobertoldi.com\/index.php\/wp-json\/wp\/v2\/types\/post"}],"author":[{"embeddable":true,"href":"https:\/\/sergiobertoldi.com\/index.php\/wp-json\/wp\/v2\/users\/2"}],"replies":[{"embeddable":true,"href":"https:\/\/sergiobertoldi.com\/index.php\/wp-json\/wp\/v2\/comments?post=5257"}],"version-history":[{"count":4,"href":"https:\/\/sergiobertoldi.com\/index.php\/wp-json\/wp\/v2\/posts\/5257\/revisions"}],"predecessor-version":[{"id":5263,"href":"https:\/\/sergiobertoldi.com\/index.php\/wp-json\/wp\/v2\/posts\/5257\/revisions\/5263"}],"wp:featuredmedia":[{"embeddable":true,"href":"https:\/\/sergiobertoldi.com\/index.php\/wp-json\/wp\/v2\/media\/5259"}],"wp:attachment":[{"href":"https:\/\/sergiobertoldi.com\/index.php\/wp-json\/wp\/v2\/media?parent=5257"}],"wp:term":[{"taxonomy":"category","embeddable":true,"href":"https:\/\/sergiobertoldi.com\/index.php\/wp-json\/wp\/v2\/categories?post=5257"},{"taxonomy":"post_tag","embeddable":true,"href":"https:\/\/sergiobertoldi.com\/index.php\/wp-json\/wp\/v2\/tags?post=5257"}],"curies":[{"name":"wp","href":"https:\/\/api.w.org\/{rel}","templated":true}]}}