{"id":5066,"date":"2023-04-23T07:00:57","date_gmt":"2023-04-23T10:00:57","guid":{"rendered":"https:\/\/sergiobertoldi.com\/?p=5066"},"modified":"2023-04-23T14:43:35","modified_gmt":"2023-04-23T17:43:35","slug":"pressionado-santos-recebe-na-vila-o-galo-mineiro","status":"publish","type":"post","link":"https:\/\/sergiobertoldi.com\/index.php\/2023\/04\/23\/pressionado-santos-recebe-na-vila-o-galo-mineiro\/","title":{"rendered":"Pressionado Santos recebe na Vila o Galo Mineiro"},"content":{"rendered":"<p style=\"text-align: justify;\"><span style=\"font-family: helvetica, arial, sans-serif; font-size: 14pt;\"><strong><u>Al\u00f4 Na\u00e7\u00e3o Santista! Sauda\u00e7\u00f5es Alvinegras!<\/u><\/strong><\/span><\/p>\n<p style=\"text-align: justify;\"><span style=\"font-family: arial, helvetica, sans-serif; font-size: 14pt;\">Santos e Atl\u00e9tico Mineiro entram em campo na tarde deste domingo 23, quando a partir das 16h (hor\u00e1rio de Bras\u00edlia), na Vila Belmiro, se enfrentam em jogo v\u00e1lido pela segunda rodada da S\u00e9rie A do Campeonato Brasileiro.<br \/>\n<\/span><span style=\"font-family: arial, helvetica, sans-serif; font-size: 14pt;\">Curiosamente as duas equipes chegam para esse confronto, pressionadas em busca de uma reabilita\u00e7\u00e3o, visto que ambas estrearam com derrotas no Brasileir\u00e3o!<br \/>\n<\/span><span style=\"font-family: arial, helvetica, sans-serif; font-size: 14pt;\">O Santos foi derrotado pelo Gr\u00eamio (1 a 0) no Alfredo Jaconi, em Caxias do Sul. J\u00e1 o Atl\u00e9tico, perdeu para o Vasco (2 a 1) no Mineir\u00e3o, em Belo Horizonte.<\/span><\/p>\n<p style=\"text-align: justify;\"><span style=\"font-family: arial, helvetica, sans-serif; font-size: 14pt;\">Para piorar as coisas, Santistas e Mineiros voltaram a trope\u00e7ar em seus compromissos no meio de semana!<br \/>\n<\/span><span style=\"font-family: arial, helvetica, sans-serif; font-size: 14pt;\">O Santos mesmo jogando em casa, decepcionou sua torcida ao n\u00e3o ir al\u00e9m de um magro empate em 0 a 0 com o Audax Italiano-CHI, pela segunda rodada da fase de grupos da Copa Sul-Americana.<br \/>\n<\/span><span style=\"font-family: arial, helvetica, sans-serif; font-size: 14pt;\">O Atl\u00e9tico Mineiro comandado pelo argentino Coudet, perdeu mais uma na fase de grupos da Copa Libertadores, &#8211; derrotado pelo Athletico-PR por (2 a 1).<\/span><\/p>\n<p style=\"text-align: justify;\"><span style=\"font-family: arial, helvetica, sans-serif; font-size: 14pt;\"><strong>Odair Hellmann<\/strong> e <strong>Coudet<\/strong> chegam para esse compromisso com a corda no pesco\u00e7o! Ambos sabem que n\u00e3o gozam de prest\u00edgio junto a torcida, e mais um trope\u00e7o em um dos lados, pode significar fim da linha para o derrotado, embora pelos lados do Santos, o Presidente Rueda tenha declarado que uma derrota frente ao Galo Mineiro, n\u00e3o decretar\u00e1 a demiss\u00e3o do treinador!<\/span><\/p>\n<p style=\"text-align: justify;\"><span style=\"font-family: arial, helvetica, sans-serif; font-size: 14pt;\">O Santos do t\u00e9cnico Odair Hellmann, mais uma vez n\u00e3o contar\u00e1 com for\u00e7a m\u00e1xima nesse confronto, desfalcado por problemas de cart\u00f5es e jogadores lesionados! A lista de problemas n\u00e3o \u00e9 pequena n\u00e3o!<br \/>\n<\/span><span style=\"font-family: arial, helvetica, sans-serif; font-size: 14pt;\"><strong>Jo\u00e3o Lucas<\/strong> (edema muscular na coxa direita), <strong>Leonardo Zabala<\/strong> (les\u00e3o ligamentar no joelho esquerdo), <strong>Felipe Jonathan<\/strong> (les\u00e3o ligamentar no joelho esquerdo),<strong> Lucas Barbosa<\/strong> (les\u00e3o ligamentar no tornozelo esquerdo), <strong>Lucas Braga<\/strong> (transi\u00e7\u00e3o f\u00edsica) e <strong>Soteldo<\/strong> (expulso na primeira rodada do campeonato, s\u00e3o os desfalques do Peixe!<\/span><\/p>\n<p style=\"text-align: justify;\"><span style=\"font-family: arial, helvetica, sans-serif; font-size: 14pt;\">\u00a0Desta forma: Odair Hellmann deve mandar o 11 Santista a campo, com a prov\u00e1vel forma\u00e7\u00e3o: <strong>Jo\u00e3o Paulo<\/strong>; <strong>Nathan<\/strong>, <strong>Messias<\/strong>, <strong>Bauermann<\/strong>, <strong>Lucas Pires<\/strong> (Gabriel Inoc\u00eancio); <strong>Dodi<\/strong>, <strong>Rodrigo Fern\u00e1ndez<\/strong> (Camacho), <strong>Lucas Lima,<\/strong> <strong>Mendoza<\/strong> (Daniel Ruiz), <strong>\u00c2ngelo<\/strong> e <strong>Marcos Leonardo. <\/strong><\/span><\/p>\n<p style=\"text-align: justify;\"><span style=\"font-family: arial, helvetica, sans-serif; font-size: 14pt;\">Pelos lados do Galo Mineiro, o t\u00e9cnico <strong>Coudet <\/strong>tamb\u00e9m teve problemas para escalar seu time.<br \/>\n<\/span><span style=\"font-family: arial, helvetica, sans-serif; font-size: 14pt;\">O Zagueiro <strong>Igor Rabello<\/strong> com duas les\u00f5es, (les\u00e3o ligamentar no joelho esquerdo e no menisco medial), <strong>Guilherme Arana<\/strong> (transi\u00e7\u00e3o f\u00edsica ap\u00f3s les\u00e3o multiligamentar no joelho esquerdo), <strong>Dod\u00f4<\/strong> (inc\u00f4modo na coxa esquerda), <strong>Allan<\/strong> (fratura por estresse na coluna lombar baixa), <strong>Pedrinho <\/strong>(ruptura do m\u00fasculo e do tend\u00e3o do b\u00edceps femoral) e <strong>Alan Kardec<\/strong> (fratura por estresse no dorso do p\u00e9), s\u00e3o desfalques certos!<\/span><\/p>\n<p style=\"text-align: justify;\"><span style=\"font-family: arial, helvetica, sans-serif; font-size: 14pt;\">Sendo assim, a prov\u00e1vel Atl\u00e9tico Mineiro deve vir escalado pelo t\u00e9cnico <strong>Coudet<\/strong> com: <strong>Everson<\/strong>; <strong>Saravia<\/strong>, <strong>Mauricio Lemos<\/strong>, <strong>Bruno Fuchs<\/strong> e Rubens (Patrick); <strong>Ot\u00e1vio<\/strong> (Rodrigo Battaglia), <strong>Pav\u00f3n<\/strong>, <strong>Zaracho<\/strong> (Hyoran), <strong>Patrick<\/strong>; <strong>Paulinho <\/strong>e Hulk.<\/span><\/p>\n<p style=\"text-align: justify;\"><span style=\"font-family: arial, helvetica, sans-serif; font-size: 14pt;\"><u>Confrontos ao longo da Hist\u00f3ria<\/u><\/span><span style=\"font-family: arial, helvetica, sans-serif; font-size: 14pt;\"><strong><u>\u00a0<\/u><\/strong><\/span><\/p>\n<p style=\"text-align: justify;\"><span style=\"font-family: arial, helvetica, sans-serif; font-size: 14pt;\"><strong><u>Retrospecto<\/u><\/strong><\/span><\/p>\n<p style=\"text-align: justify;\"><span style=\"font-family: arial, helvetica, sans-serif; font-size: 14pt;\"><strong>Santos<\/strong> e <strong>Atl\u00e9tico Mineiro<\/strong> j\u00e1 se enfrentaram <strong>107 <\/strong><strong>vezes<\/strong> ao longo da hist\u00f3ria.<br \/>\n<\/span><span style=\"font-family: arial, helvetica, sans-serif; font-size: 14pt;\">Foram <strong>40<\/strong> <strong>vit\u00f3rias <\/strong>do Santos, contra <strong>42<\/strong> <strong>vit\u00f3rias<\/strong> do Atl\u00e9tico Mineiro e <strong>25<\/strong> <strong>empates<\/strong>.<br \/>\n<\/span><span style=\"font-family: arial, helvetica, sans-serif; font-size: 14pt;\">O Peixe marcou <strong>158<\/strong> <strong>gols <\/strong>e sofreu <strong>160<\/strong> <strong>Saldo<\/strong> de <strong><u>-02<\/u><\/strong><\/span><\/p>\n<p style=\"text-align: justify;\"><span style=\"font-family: arial, helvetica, sans-serif; font-size: 14pt;\">Em <strong><u>Campeonatos Brasileiros <\/u><\/strong>\u00a0Desde o primeiro confronto, foram <strong>74<\/strong> <strong>jogos<\/strong>, com <strong>26<\/strong> <strong>vit\u00f3rias<\/strong> do Santos, contra <strong>30 <\/strong><strong>vit\u00f3rias <\/strong>do Atl\u00e9tico Mineiro e <strong>18<\/strong> <strong>empates<\/strong>. O time da Baixada Santista marcou <strong>101 <\/strong><strong>gols<\/strong> e sofreu <strong>110<\/strong>.<\/span><\/p>\n<p style=\"text-align: justify;\"><span style=\"font-family: arial, helvetica, sans-serif; font-size: 14pt;\"><strong><u>O \u00faltimo Confronto<\/u><\/strong><\/span><\/p>\n<p style=\"text-align: justify;\"><span style=\"font-family: arial, helvetica, sans-serif; font-size: 14pt;\">No \u00faltimo confronto, v\u00e1lido pelo <strong><u>Campeonato Brasileiro<\/u><\/strong>\u00a0 de <strong>2022<\/strong>, a partida terminou com vit\u00f3ria do Santos pelo placar de 2X1<br \/>\n<\/span><span style=\"font-family: arial, helvetica, sans-serif; font-size: 14pt;\">O jogo foi realizado na Vila Belmiro<\/span><\/p>\n<p style=\"text-align: justify;\"><span style=\"font-family: arial, helvetica, sans-serif; font-size: 14pt;\">(Cr\u00e9dito: Imagem: Raul Baretta\/Santos FC)<\/span><\/p>\n<p style=\"text-align: justify;\"><span style=\"font-family: arial, helvetica, sans-serif; font-size: 14pt;\">Falamos das coisas do Santos, sempre com a parceria e o apoio dos nossos anunciantes!<\/span><\/p>\n<p>&nbsp;<\/p>\n<p>&nbsp;<\/p>\n","protected":false},"excerpt":{"rendered":"<p>Al\u00f4 Na\u00e7\u00e3o Santista! Sauda\u00e7\u00f5es Alvinegras! Santos e Atl\u00e9tico Mineiro entram em campo na tarde deste domingo 23, quando a partir<\/p>\n","protected":false},"author":2,"featured_media":5069,"comment_status":"open","ping_status":"open","sticky":false,"template":"","format":"standard","meta":{"colormag_page_container_layout":"default_layout","colormag_page_sidebar_layout":"default_layout","_jetpack_memberships_contains_paid_content":false,"footnotes":""},"categories":[4,11,17],"tags":[6],"class_list":["post-5066","post","type-post","status-publish","format-standard","has-post-thumbnail","hentry","category-bastidores-do-santos-fc","category-campeonato-brasileiro","category-pre-jogo","tag-santos-fc"],"jetpack_featured_media_url":"https:\/\/i0.wp.com\/sergiobertoldi.com\/wp-content\/uploads\/2023\/04\/5001580697_66d4e75756_c.jpg?fit=800%2C411&ssl=1","jetpack_likes_enabled":true,"jetpack_sharing_enabled":true,"_links":{"self":[{"href":"https:\/\/sergiobertoldi.com\/index.php\/wp-json\/wp\/v2\/posts\/5066","targetHints":{"allow":["GET"]}}],"collection":[{"href":"https:\/\/sergiobertoldi.com\/index.php\/wp-json\/wp\/v2\/posts"}],"about":[{"href":"https:\/\/sergiobertoldi.com\/index.php\/wp-json\/wp\/v2\/types\/post"}],"author":[{"embeddable":true,"href":"https:\/\/sergiobertoldi.com\/index.php\/wp-json\/wp\/v2\/users\/2"}],"replies":[{"embeddable":true,"href":"https:\/\/sergiobertoldi.com\/index.php\/wp-json\/wp\/v2\/comments?post=5066"}],"version-history":[{"count":2,"href":"https:\/\/sergiobertoldi.com\/index.php\/wp-json\/wp\/v2\/posts\/5066\/revisions"}],"predecessor-version":[{"id":5070,"href":"https:\/\/sergiobertoldi.com\/index.php\/wp-json\/wp\/v2\/posts\/5066\/revisions\/5070"}],"wp:featuredmedia":[{"embeddable":true,"href":"https:\/\/sergiobertoldi.com\/index.php\/wp-json\/wp\/v2\/media\/5069"}],"wp:attachment":[{"href":"https:\/\/sergiobertoldi.com\/index.php\/wp-json\/wp\/v2\/media?parent=5066"}],"wp:term":[{"taxonomy":"category","embeddable":true,"href":"https:\/\/sergiobertoldi.com\/index.php\/wp-json\/wp\/v2\/categories?post=5066"},{"taxonomy":"post_tag","embeddable":true,"href":"https:\/\/sergiobertoldi.com\/index.php\/wp-json\/wp\/v2\/tags?post=5066"}],"curies":[{"name":"wp","href":"https:\/\/api.w.org\/{rel}","templated":true}]}}