{"id":5059,"date":"2023-04-20T21:20:51","date_gmt":"2023-04-21T00:20:51","guid":{"rendered":"https:\/\/sergiobertoldi.com\/?p=5059"},"modified":"2023-04-22T19:58:17","modified_gmt":"2023-04-22T22:58:17","slug":"pela-sul-americana-santos-volta-a-jogar-mal-e-nao-vai-alem-de-um-empate-sem-gols-com-o-audax-do-chile","status":"publish","type":"post","link":"https:\/\/sergiobertoldi.com\/index.php\/2023\/04\/20\/pela-sul-americana-santos-volta-a-jogar-mal-e-nao-vai-alem-de-um-empate-sem-gols-com-o-audax-do-chile\/","title":{"rendered":"Pela Sul-americana Santos volta a jogar mal e n\u00e3o vai al\u00e9m de um empate sem gols com o Audax do Chile"},"content":{"rendered":"<p><span style=\"font-family: helvetica, arial, sans-serif; font-size: 14pt;\"><strong><u>Al\u00f4 Na\u00e7\u00e3o Santista! Sauda\u00e7\u00f5es Alvinegras!<\/u><\/strong><\/span><\/p>\n<p style=\"text-align: justify;\"><span style=\"font-family: arial, helvetica, sans-serif; font-size: 14pt;\">Um Santos irreconhec\u00edvel, que em nada lembrou o time que tr\u00eas dias antes, havia estreado no Campeonato Brasileiro, e jogando contra um dos favoritos ao t\u00edtulo nacional, fez uma partida que deixou a torcida Santista esperan\u00e7osa em ver seu time, jogando um futebol competitivo, longe de qualquer perigo de rebaixamento!<\/span><\/p>\n<p style=\"text-align: justify;\"><span style=\"font-family: arial, helvetica, sans-serif; font-size: 14pt;\">Inexplicavelmente o que se viu na noite desta quinta-feira em plena Vila Belmiro, foi um Santos que jogando pela segunda rodada da fase de grupos da Sul-Americana, n\u00e3o conseguiu ir al\u00e9m de um frustrante empate em 0 a 0 com o Audax Italiano-CHI, decepcionando os torcedores que ap\u00f3s apoiarem o time durante os 90 minutos, vaiaram a equipe ap\u00f3s o apito final.<\/span><\/p>\n<p style=\"text-align: justify;\"><span style=\"font-family: arial, helvetica, sans-serif; font-size: 14pt;\">Com o resultado, o Santos ocupa a segunda coloca\u00e7\u00e3o do grupo E, com quatro pontos, uma vit\u00f3ria e um empate, e segue com dois pontos a menos que o l\u00edder do grupo, <strong>Newell\u2019s Old Boys<\/strong>, que tem 6 pontos e duas vit\u00f3rias!<\/span><br \/>\n<span style=\"font-family: arial, helvetica, sans-serif; font-size: 14pt;\">O time chileno est\u00e1 em terceiro lugar com um ponto, enquanto o <strong>Blooming-BOL<\/strong>, com zero pontos ocupa a posi\u00e7\u00e3o de lanterna.<\/span><\/p>\n<p style=\"text-align: justify;\"><span style=\"font-family: arial, helvetica, sans-serif; font-size: 14pt;\">Para salvar a noite, porque n\u00e3o um pouco de saudades e nostalgia?<\/span><br \/>\n<span style=\"font-family: arial, helvetica, sans-serif; font-size: 14pt;\">Se dentro de campo a partida refletia o que vem sendo o Santos nos \u00faltimos tr\u00eas anos, fora dele algo atraia os olhares da torcida Santista!<\/span><br \/>\n<span style=\"font-family: arial, helvetica, sans-serif; font-size: 14pt;\">Dois craques! Dois g\u00eanios da bola, que contempor\u00e2neos, um nas quadras e outro nos gramados, protagonizaram os \u00faltimos dias de orgulho e alegria a Na\u00e7\u00e3o Santista quando aqui jogaram e foram Campe\u00f5es!<\/span><br \/>\n<span style=\"font-family: arial, helvetica, sans-serif; font-size: 14pt;\">\u00cddolos do Peixe, <strong>Neymar<\/strong> e <strong>Falc\u00e3o<\/strong>, ex-jogador de futsal roubaram as aten\u00e7\u00f5es da torcida, com suas presen\u00e7as ilustres, ambos prestigiando o clube do cora\u00e7\u00e3o!<\/span><\/p>\n<p><img data-recalc-dims=\"1\" loading=\"lazy\" decoding=\"async\" class=\"aligncenter wp-image-5062 size-large\" src=\"https:\/\/i0.wp.com\/sergiobertoldi.com\/wp-content\/uploads\/2023\/04\/r1162012_1296x518_5-2.jpg?resize=800%2C320&#038;ssl=1\" alt=\"\" width=\"800\" height=\"320\" srcset=\"https:\/\/i0.wp.com\/sergiobertoldi.com\/wp-content\/uploads\/2023\/04\/r1162012_1296x518_5-2.jpg?resize=1024%2C409&amp;ssl=1 1024w, https:\/\/i0.wp.com\/sergiobertoldi.com\/wp-content\/uploads\/2023\/04\/r1162012_1296x518_5-2.jpg?resize=300%2C120&amp;ssl=1 300w, https:\/\/i0.wp.com\/sergiobertoldi.com\/wp-content\/uploads\/2023\/04\/r1162012_1296x518_5-2.jpg?resize=768%2C307&amp;ssl=1 768w, https:\/\/i0.wp.com\/sergiobertoldi.com\/wp-content\/uploads\/2023\/04\/r1162012_1296x518_5-2.jpg?w=1296&amp;ssl=1 1296w\" sizes=\"auto, (max-width: 800px) 100vw, 800px\" \/><\/p>\n<p style=\"text-align: justify;\"><span style=\"font-family: arial, helvetica, sans-serif; font-size: 14pt;\">Com cerca de 10 minutos do primeiro tempo, o atacante do <strong>Paris Saint-Germain<\/strong>, chegou ao local de muleta, (Est\u00e1 se recuperando de uma cirurgia no tornozelo) e ao lado do amigo Falc\u00e3o, ficou em um dos camarotes da Vila Belmiro, onde inclusive trocou a camisa casual com a qual chegou ao est\u00e1dio, por uma camisa que ganhou do Santos!<\/span><br \/>\n<span style=\"font-family: arial, helvetica, sans-serif; font-size: 14pt;\">Ao final da partida, Neymar deixou a Vila com a alegria de quem esteve novamente em casa!<\/span><\/p>\n<p><strong><span style=\"text-decoration: underline;\"><span style=\"font-family: arial, helvetica, sans-serif; font-size: 14pt;\">Pelas Redes Sociais o \u00eddolo Santista fez quest\u00e3o de mais uma vez declarar seu sentimento pelo clube:<\/span><\/span><\/strong><\/p>\n<p><img data-recalc-dims=\"1\" loading=\"lazy\" decoding=\"async\" class=\"aligncenter wp-image-5063 size-full\" src=\"https:\/\/i0.wp.com\/sergiobertoldi.com\/wp-content\/uploads\/2023\/04\/CapturarNeymar.png?resize=800%2C174&#038;ssl=1\" alt=\"\" width=\"800\" height=\"174\" srcset=\"https:\/\/i0.wp.com\/sergiobertoldi.com\/wp-content\/uploads\/2023\/04\/CapturarNeymar.png?w=1369&amp;ssl=1 1369w, https:\/\/i0.wp.com\/sergiobertoldi.com\/wp-content\/uploads\/2023\/04\/CapturarNeymar.png?resize=300%2C65&amp;ssl=1 300w, https:\/\/i0.wp.com\/sergiobertoldi.com\/wp-content\/uploads\/2023\/04\/CapturarNeymar.png?resize=1024%2C222&amp;ssl=1 1024w, https:\/\/i0.wp.com\/sergiobertoldi.com\/wp-content\/uploads\/2023\/04\/CapturarNeymar.png?resize=768%2C167&amp;ssl=1 768w\" sizes=\"auto, (max-width: 800px) 100vw, 800px\" \/><\/p>\n<p style=\"text-align: justify;\"><span style=\"font-family: arial, helvetica, sans-serif; font-size: 14pt;\">O Santos agora volta novamente as suas aten\u00e7\u00f5es para o Campeonato Brasileiro, quando na Vila Belmiro, recebe no pr\u00f3ximo domingo, \u00e0s 16 horas (de Bras\u00edlia), o Atl\u00e9tico-MG em partida v\u00e1lida pela segunda rodada do Brasileir\u00e3o! J\u00e1 pela Sul-Americana, o pr\u00f3ximo desafio ser\u00e1 pela Sul-Americana no dia 2 de maio, contra o <strong>Newell\u2019s Old Boys<\/strong>, na Argentina.<\/span><\/p>\n<p style=\"text-align: justify;\"><span style=\"text-decoration: underline;\"><span style=\"font-family: arial, helvetica, sans-serif; font-size: 14pt;\"><strong>FICHA T\u00c9CNICA<\/strong><\/span><\/span><br \/>\n<span style=\"text-decoration: underline;\"><span style=\"font-family: arial, helvetica, sans-serif; font-size: 14pt;\"><strong>SANTOS 0 X 0 AUDAX ITALIANO<\/strong><\/span><\/span><\/p>\n<p style=\"text-align: justify;\"><span style=\"font-family: arial, helvetica, sans-serif; font-size: 14pt;\"><strong>Local:<\/strong>\u00a0Vila Belmiro, em Santos (SP)<\/span><br \/>\n<span style=\"font-family: arial, helvetica, sans-serif; font-size: 14pt;\"><strong>Data<\/strong>: 20 de abril de 2023, quinta-feira<\/span><br \/>\n<span style=\"font-family: arial, helvetica, sans-serif; font-size: 14pt;\"><strong>Hor\u00e1rio:<\/strong>\u00a019h (de Bras\u00edlia)<\/span><br \/>\n<span style=\"font-family: arial, helvetica, sans-serif; font-size: 14pt;\"><strong>\u00c1rbitro<\/strong>: Andres Rojas (COL)<\/span><br \/>\n<span style=\"font-family: arial, helvetica, sans-serif; font-size: 14pt;\"><strong>Assistentes:<\/strong>\u00a0Jorge Urrego e Tulio Moreno (VEN)<\/span><br \/>\n<span style=\"font-family: arial, helvetica, sans-serif; font-size: 14pt;\"><strong>VAR:<\/strong>\u00a0Nicolas Gallo (COL)<\/span><br \/>\n<span style=\"font-family: arial, helvetica, sans-serif; font-size: 14pt;\"><strong>P\u00fablico:<\/strong>\u00a08.866<\/span><br \/>\n<span style=\"font-family: arial, helvetica, sans-serif; font-size: 14pt;\"><strong>Renda:<\/strong>\u00a0R$ 407.607,50<\/span><br \/>\n<span style=\"font-family: arial, helvetica, sans-serif; font-size: 14pt;\"><strong>Cart\u00f5es <span style=\"background-color: #ffff00;\">amarelos<\/span>:<\/strong>\u00a0Rodrigo Fern\u00e1ndez (Santos)<\/span><br \/>\n<span style=\"font-family: arial, helvetica, sans-serif; font-size: 14pt;\"><strong>Cart\u00f5es <span style=\"background-color: #ffff00;\">amarelos<\/span>:<\/strong>\u00a0Rojas, Labrin (Audax Italiano)<\/span><\/p>\n<p style=\"text-align: justify;\"><span style=\"font-family: arial, helvetica, sans-serif; font-size: 14pt;\"><strong>SANTOS:<\/strong>\u00a0Jo\u00e3o Paulo; Nathan, Messias, Eduardo Bauermann e Felipe Jonatan (Lucas Pires); Rodrigo Fern\u00e1ndez (Miguelito), Dodi e Lucas Lima; \u00c2ngelo (Mendoza), Soteldo e Marcos Leonardo (Deivid)<\/span><br \/>\n<span style=\"font-family: arial, helvetica, sans-serif; font-size: 14pt;\"><strong>T\u00e9cnico<\/strong>: Odair Hellmann<\/span><\/p>\n<p style=\"text-align: justify;\"><span style=\"font-family: arial, helvetica, sans-serif; font-size: 14pt;\"><strong>AUDAX ITALIANO:<\/strong>\u00a0Ahumada; Rojas (Nicol\u00e1s Fern\u00e1ndez), Labr\u00edn, Bosso, Cereceda; Marcelo D\u00edaz (Sebasti\u00e1n Pereira), Gonzalo R\u00edos (Hechen), Ju\u00e1rez (Michael Fuentes); Sosa, Riveros (Gonzalo \u00c1lvarez) e Sep\u00falveda<\/span><br \/>\n<span style=\"font-family: arial, helvetica, sans-serif; font-size: 14pt;\"><strong>T\u00e9cnico:<\/strong>\u00a0Jos\u00e9 Calder\u00f3n<\/span><\/p>\n<p style=\"text-align: justify;\"><span style=\"font-family: arial, helvetica, sans-serif; font-size: 14pt;\">(Cr\u00e9dito: Imagem: Raul Baretta\/Santos FC)<\/span><br \/>\n<span style=\"font-family: arial, helvetica, sans-serif; font-size: 14pt;\">(Cr\u00e9dito: Imagem: Divulga\u00e7\u00e3o Audax &#8211; chile)<\/span><\/p>\n<p style=\"text-align: justify;\"><span style=\"font-family: arial, helvetica, sans-serif; font-size: 14pt;\">Falamos das coisas do Santos, sempre com a parceria e o apoio dos nossos anunciantes!<\/span><\/p>\n<p style=\"text-align: justify;\">\n","protected":false},"excerpt":{"rendered":"<p>Al\u00f4 Na\u00e7\u00e3o Santista! Sauda\u00e7\u00f5es Alvinegras! Um Santos irreconhec\u00edvel, que em nada lembrou o time que tr\u00eas dias antes, havia estreado<\/p>\n","protected":false},"author":2,"featured_media":5060,"comment_status":"open","ping_status":"open","sticky":false,"template":"","format":"standard","meta":{"colormag_page_container_layout":"default_layout","colormag_page_sidebar_layout":"default_layout","_jetpack_memberships_contains_paid_content":false,"footnotes":""},"categories":[12,57,16],"tags":[6],"class_list":["post-5059","post","type-post","status-publish","format-standard","has-post-thumbnail","hentry","category-analise-e-comentario","category-copa-sul-americana","category-resenha-do-jogo","tag-santos-fc"],"jetpack_featured_media_url":"https:\/\/i0.wp.com\/sergiobertoldi.com\/wp-content\/uploads\/2023\/04\/santos-nao-conseguiu-passar-pelo-sistema-defensivo-dos-chilenos-f768abee-b9e0-475c-8a5f-145667ab400e.large_.jpg?fit=1200%2C675&ssl=1","jetpack_likes_enabled":true,"jetpack_sharing_enabled":true,"_links":{"self":[{"href":"https:\/\/sergiobertoldi.com\/index.php\/wp-json\/wp\/v2\/posts\/5059","targetHints":{"allow":["GET"]}}],"collection":[{"href":"https:\/\/sergiobertoldi.com\/index.php\/wp-json\/wp\/v2\/posts"}],"about":[{"href":"https:\/\/sergiobertoldi.com\/index.php\/wp-json\/wp\/v2\/types\/post"}],"author":[{"embeddable":true,"href":"https:\/\/sergiobertoldi.com\/index.php\/wp-json\/wp\/v2\/users\/2"}],"replies":[{"embeddable":true,"href":"https:\/\/sergiobertoldi.com\/index.php\/wp-json\/wp\/v2\/comments?post=5059"}],"version-history":[{"count":3,"href":"https:\/\/sergiobertoldi.com\/index.php\/wp-json\/wp\/v2\/posts\/5059\/revisions"}],"predecessor-version":[{"id":5065,"href":"https:\/\/sergiobertoldi.com\/index.php\/wp-json\/wp\/v2\/posts\/5059\/revisions\/5065"}],"wp:featuredmedia":[{"embeddable":true,"href":"https:\/\/sergiobertoldi.com\/index.php\/wp-json\/wp\/v2\/media\/5060"}],"wp:attachment":[{"href":"https:\/\/sergiobertoldi.com\/index.php\/wp-json\/wp\/v2\/media?parent=5059"}],"wp:term":[{"taxonomy":"category","embeddable":true,"href":"https:\/\/sergiobertoldi.com\/index.php\/wp-json\/wp\/v2\/categories?post=5059"},{"taxonomy":"post_tag","embeddable":true,"href":"https:\/\/sergiobertoldi.com\/index.php\/wp-json\/wp\/v2\/tags?post=5059"}],"curies":[{"name":"wp","href":"https:\/\/api.w.org\/{rel}","templated":true}]}}