{"id":5054,"date":"2023-04-20T10:00:16","date_gmt":"2023-04-20T13:00:16","guid":{"rendered":"https:\/\/sergiobertoldi.com\/?p=5054"},"modified":"2023-04-21T02:26:04","modified_gmt":"2023-04-21T05:26:04","slug":"santos-definido-para-pegar-o-audax-italiano-pela-copa-sul-americana","status":"publish","type":"post","link":"https:\/\/sergiobertoldi.com\/index.php\/2023\/04\/20\/santos-definido-para-pegar-o-audax-italiano-pela-copa-sul-americana\/","title":{"rendered":"Santos definido para pegar o Audax Italiano pela Copa Sul-americana"},"content":{"rendered":"<p><span style=\"font-family: helvetica, arial, sans-serif; font-size: 14pt;\"><strong><u>Al\u00f4 Na\u00e7\u00e3o Santista! Sauda\u00e7\u00f5es Alvinegras!<\/u><\/strong><\/span><\/p>\n<p style=\"text-align: justify;\"><span style=\"font-family: arial, helvetica, sans-serif; font-size: 14pt;\">Pela segunda rodada da fase de grupos da Copa Sul-Americana, o Santos recebe na Vila Belmiro, nesta quinta-feira (20), a partir das 19h00 (de Bras\u00edlia), o Audax Italiano-CHI.<\/span><br \/>\n<span style=\"font-family: arial, helvetica, sans-serif; font-size: 14pt;\">Ocupando a segunda coloca\u00e7\u00e3o do \u201c<strong>Grupo E<\/strong>\u201d com tr\u00eas pontos ganhos, o Santos chega para seu segundo compromisso na Sul-americana, ap\u00f3s iniciar na competi\u00e7\u00e3o com uma vit\u00f3ria de 1 a 0 sobre o Blooming-BOL, fora de casa.<\/span><\/p>\n<p style=\"text-align: justify;\"><span style=\"font-family: arial, helvetica, sans-serif; font-size: 14pt;\">Para esse confronto de logo mais contra o Audax Italiano, o t\u00e9cnico Odair Helmann deve promover at\u00e9 tr\u00eas altera\u00e7\u00f5es na equipe, em rela\u00e7\u00e3o ao time que iniciou no \u00faltimo domingo, a partida de estreia contra o Gr\u00eamio, pelo \u00a0Campeonato Brasileiro da <strong>S\u00e9rie-A<br \/>\n<\/strong>O volante <strong>Camacho <\/strong>e o meia <strong>Daniel Ruiz<\/strong>, devem deixar a equipe titular, dando lugar ao volante <strong>Rodrigo Fern\u00e1ndez<\/strong> e o atacante <strong>\u00c2ngelo<\/strong>. <strong>Soteldo <\/strong>que suspenso no Campeonato Brasileiro, n\u00e3o enfrenta no domingo, o <strong>Clube Atl\u00e9tico Mineiro<\/strong>, est\u00e1 liberado para jogar logo mais pela Sul-americana, voltando a condi\u00e7\u00e3o de titular.<\/span><\/p>\n<p style=\"text-align: justify;\"><span style=\"font-family: arial, helvetica, sans-serif; font-size: 14pt;\">Continuam fora da equipe, entregues ao Departamento M\u00e9dico por contus\u00e3o, os jogadores: <strong>Alex<\/strong> (zagueiro), <strong>Jo\u00e3o Lucas<\/strong> (lateral-direito), <strong>Lucas Braga<\/strong> (atacante)<\/span><br \/>\n<span style=\"font-family: arial, helvetica, sans-serif; font-size: 14pt;\">J\u00e1 os refor\u00e7os rec\u00e9m contratados, <strong>Gabriel Inoc\u00eancio<\/strong> (lateral), <strong>Luan Dias<\/strong> (meia), e <strong>Bruno Mezenga<\/strong> (atacante), n\u00e3o est\u00e3o inscritos no torneio.<\/span><br \/>\n<span style=\"font-family: arial, helvetica, sans-serif; font-size: 14pt;\">\u00a0Desta forma o t\u00e9cnico Odair Hellmann deve mandar a campo o 11 Santista com a prov\u00e1vel forma\u00e7\u00e3o: <strong>Jo\u00e3o Paulo<\/strong>, <strong>Nathan<\/strong>, <strong>Messias<\/strong>, <strong>Eduardo Bauermann<\/strong> (Maicon), <strong>Felipe Jonatan<\/strong>; <strong>Rodrigo Fern\u00e1ndez<\/strong>, <strong>Dodi<\/strong>, <strong>Lucas Lima<\/strong>; <strong>\u00c2ngelo<\/strong>, <strong>Soteldo<\/strong> e <strong>Marcos Leonardo<\/strong>. T\u00e9cnico: <strong>Odair Hellmann<\/strong>. \u00a0\u00a0<\/span><\/p>\n<p style=\"text-align: justify;\"><span style=\"font-family: arial, helvetica, sans-serif; font-size: 14pt;\">Por outro lado, o Audax Italiano que est\u00e1 na lanterna do Grupo, com zero pontos, j\u00e1 que a equipe chilena perdeu o seu primeiro jogo para o <strong>Newell&#8217;s Old Boys<\/strong>, em casa vem jogar com o Santos na Vila Belmiro sem seu treinador!<\/span><br \/>\n<span style=\"font-family: arial, helvetica, sans-serif; font-size: 14pt;\">O t\u00e9cnico <strong>Manuel Fern\u00e1ndez <\/strong>foi demitido na tarde da \u00faltima segunda-feira, demiss\u00e3o que partiu do pr\u00f3prio clube que disputa a primeira divis\u00e3o do campeonato chileno. Al\u00e9m do treinador, a comiss\u00e3o t\u00e9cnica tamb\u00e9m foi demitida. Quem assumir\u00e1 o comando na partida contra o Santos logo mais \u00e0s 19:00, ser\u00e1 o interino <strong>Jos\u00e9 Calder\u00f3n<\/strong>.<\/span><br \/>\n<span style=\"font-family: arial, helvetica, sans-serif; font-size: 14pt;\">A prov\u00e1vel equipe do Audax deve vir a campo escalada dessa maneira: <strong>Ahumada, Labr\u00edn, Bosso, Sep\u00falveda, Sosa, Riveros, Ju\u00e1rez, \u00a0Rojas, \u00a0Matus, Monreal e Hachen.<\/strong><\/span><\/p>\n<p style=\"text-align: justify;\"><span style=\"font-family: arial, helvetica, sans-serif; font-size: 14pt;\">(Cr\u00e9dito: Imagem: Pedro Ernesto Guerra Azevedo\/Santos FC)<br \/>\n<\/span><span style=\"font-family: arial, helvetica, sans-serif; font-size: 14pt;\">(Cr\u00e9dito: Imagem: SantosTV\/Divulga\u00e7\u00e3o\/Santos FC)<\/span><\/p>\n<p style=\"text-align: justify;\"><span style=\"font-family: arial, helvetica, sans-serif; font-size: 14pt;\">Falamos das coisas do Santos, sempre com a parceria e o apoio dos nossos anunciantes!<\/span><\/p>\n<p style=\"text-align: justify;\">\n","protected":false},"excerpt":{"rendered":"<p>Al\u00f4 Na\u00e7\u00e3o Santista! Sauda\u00e7\u00f5es Alvinegras! Pela segunda rodada da fase de grupos da Copa Sul-Americana, o Santos recebe na Vila<\/p>\n","protected":false},"author":2,"featured_media":5055,"comment_status":"open","ping_status":"open","sticky":false,"template":"","format":"standard","meta":{"colormag_page_container_layout":"default_layout","colormag_page_sidebar_layout":"default_layout","_jetpack_memberships_contains_paid_content":false,"footnotes":""},"categories":[57,17],"tags":[6],"class_list":["post-5054","post","type-post","status-publish","format-standard","has-post-thumbnail","hentry","category-copa-sul-americana","category-pre-jogo","tag-santos-fc"],"jetpack_featured_media_url":"https:\/\/i0.wp.com\/sergiobertoldi.com\/wp-content\/uploads\/2023\/04\/r1067870_1296x518_5-2.jpg?fit=1296%2C518&ssl=1","jetpack_likes_enabled":true,"jetpack_sharing_enabled":true,"_links":{"self":[{"href":"https:\/\/sergiobertoldi.com\/index.php\/wp-json\/wp\/v2\/posts\/5054","targetHints":{"allow":["GET"]}}],"collection":[{"href":"https:\/\/sergiobertoldi.com\/index.php\/wp-json\/wp\/v2\/posts"}],"about":[{"href":"https:\/\/sergiobertoldi.com\/index.php\/wp-json\/wp\/v2\/types\/post"}],"author":[{"embeddable":true,"href":"https:\/\/sergiobertoldi.com\/index.php\/wp-json\/wp\/v2\/users\/2"}],"replies":[{"embeddable":true,"href":"https:\/\/sergiobertoldi.com\/index.php\/wp-json\/wp\/v2\/comments?post=5054"}],"version-history":[{"count":1,"href":"https:\/\/sergiobertoldi.com\/index.php\/wp-json\/wp\/v2\/posts\/5054\/revisions"}],"predecessor-version":[{"id":5056,"href":"https:\/\/sergiobertoldi.com\/index.php\/wp-json\/wp\/v2\/posts\/5054\/revisions\/5056"}],"wp:featuredmedia":[{"embeddable":true,"href":"https:\/\/sergiobertoldi.com\/index.php\/wp-json\/wp\/v2\/media\/5055"}],"wp:attachment":[{"href":"https:\/\/sergiobertoldi.com\/index.php\/wp-json\/wp\/v2\/media?parent=5054"}],"wp:term":[{"taxonomy":"category","embeddable":true,"href":"https:\/\/sergiobertoldi.com\/index.php\/wp-json\/wp\/v2\/categories?post=5054"},{"taxonomy":"post_tag","embeddable":true,"href":"https:\/\/sergiobertoldi.com\/index.php\/wp-json\/wp\/v2\/tags?post=5054"}],"curies":[{"name":"wp","href":"https:\/\/api.w.org\/{rel}","templated":true}]}}