{"id":5038,"date":"2023-04-16T21:00:45","date_gmt":"2023-04-17T00:00:45","guid":{"rendered":"https:\/\/sergiobertoldi.com\/?p=5038"},"modified":"2023-04-17T23:48:22","modified_gmt":"2023-04-18T02:48:22","slug":"santos-estreia-no-brasileirao-com-derrota-frente-ao-gremio-mas-resultado-nao-traduz-o-que-foi-a-partida","status":"publish","type":"post","link":"https:\/\/sergiobertoldi.com\/index.php\/2023\/04\/16\/santos-estreia-no-brasileirao-com-derrota-frente-ao-gremio-mas-resultado-nao-traduz-o-que-foi-a-partida\/","title":{"rendered":"Santos estreia no Brasileir\u00e3o com derrota frente ao Gr\u00eamio mas resultado n\u00e3o traduz o que foi a partida"},"content":{"rendered":"<p><span style=\"font-family: helvetica, arial, sans-serif; font-size: 14pt;\"><strong><u>Al\u00f4 Na\u00e7\u00e3o Santista! Sauda\u00e7\u00f5es Alvinegras!<\/u><\/strong><strong><u>\u00a0<\/u><\/strong><\/span><\/p>\n<p style=\"text-align: justify;\"><span style=\"font-family: arial, helvetica, sans-serif; font-size: 14pt;\">Em seu jogo de estreia do Campeonato Brasileiro de 2023, o Santos Futebol Clube foi a Caxias do Sul na Serra Ga\u00facha, e jogando no Est\u00e1dio Alfredo Jaconi, acabou logo na primeira rodada da competi\u00e7\u00e3o, sendo derrotado pelo Gr\u00eamio, pelo placar de por 1 a 0.<\/span><\/p>\n<p style=\"text-align: justify;\"><span style=\"font-family: arial, helvetica, sans-serif; font-size: 14pt;\">Engana-se por\u00e9m, quem acredita que o resultado negativo, bem no compromisso de estreia da competi\u00e7\u00e3o, tenha abalado a confian\u00e7a do torcedor Santista!<\/span><br \/>\n<span style=\"font-family: arial, helvetica, sans-serif; font-size: 14pt;\">Se antes do in\u00edcio da partida, havia uma apreens\u00e3o quanto o que o Santos poderia produzir frente a um advers\u00e1rio com um elenco mais forte, deixando na torcida Santista, at\u00e9 mesmo o receio de uma derrota por um placar mais el\u00e1stico, o que se viu ao final da partida, foi um torcedor Santista chateado com a derrota, mas confiante pelo que viu seu time produzir!<\/span><\/p>\n<p style=\"text-align: justify;\"><span style=\"font-family: arial, helvetica, sans-serif; font-size: 14pt;\">Longe da expectativa criada por se ver um cen\u00e1rio mais sombrio, na verdade o time do Santos comandado pelo t\u00e9cnico Odair Hellmann, encarou o Campe\u00e3o Ga\u00facho de igual para igual, e mesmo vendo o advers\u00e1rio inaugurar o placar com um chute de longe do lateral Jo\u00e3o Pedro, que em um rebote fora da \u00e1rea, contou com uma falha do goleiro Jo\u00e3o Paulo, foram do Santos as melhores chances para abrir o placar, momentos antes do gol gremista!\u00a0<\/span><br \/>\n<span style=\"font-family: arial, helvetica, sans-serif; font-size: 14pt;\">Mesmo assim, a equipe tentou buscar o empate, mas esbarrou em erros de finaliza\u00e7\u00e3o e pouca efici\u00eancia em suas a\u00e7\u00f5es ofensivas!<\/span><\/p>\n<p style=\"text-align: justify;\"><span style=\"font-family: arial, helvetica, sans-serif; font-size: 14pt;\">A nota negativa da noite, vai para o meia-atacante Soteldo, que voltando a equipe ap\u00f3s ficar mais de dois meses afastado da bola por conta de uma cirurgia, acabou sendo expulso infantilmente na segunda etapa!<\/span><br \/>\n<span style=\"font-family: arial, helvetica, sans-serif; font-size: 14pt;\">O baixinho que costuma ser o xod\u00f3 do torcedor Santista, deve estar passando por algum problema pessoal, pois conseguiu receber dois cart\u00f5es amarelos em apenas quatro minutos, gerando assim a sua expuls\u00e3o.<\/span><br \/>\n<span style=\"font-family: arial, helvetica, sans-serif; font-size: 14pt;\">Para piorar, o venezuelano dirigiu-se ao Arbitro da partida, <strong>Wilton Pereira Sampaio, <\/strong>de maneira acintosa proferindo xingamentos que foram relatados em s\u00famula!<\/span><\/p>\n<p style=\"text-align: justify;\"><img data-recalc-dims=\"1\" loading=\"lazy\" decoding=\"async\" class=\"aligncenter wp-image-5039 size-large\" src=\"https:\/\/i0.wp.com\/sergiobertoldi.com\/wp-content\/uploads\/2023\/04\/Captur.png?resize=800%2C173&#038;ssl=1\" alt=\"\" width=\"800\" height=\"173\" srcset=\"https:\/\/i0.wp.com\/sergiobertoldi.com\/wp-content\/uploads\/2023\/04\/Captur.png?resize=1024%2C222&amp;ssl=1 1024w, https:\/\/i0.wp.com\/sergiobertoldi.com\/wp-content\/uploads\/2023\/04\/Captur.png?resize=300%2C65&amp;ssl=1 300w, https:\/\/i0.wp.com\/sergiobertoldi.com\/wp-content\/uploads\/2023\/04\/Captur.png?resize=768%2C167&amp;ssl=1 768w, https:\/\/i0.wp.com\/sergiobertoldi.com\/wp-content\/uploads\/2023\/04\/Captur.png?w=1050&amp;ssl=1 1050w\" sizes=\"auto, (max-width: 800px) 100vw, 800px\" \/><\/p>\n<p style=\"text-align: justify;\"><span style=\"font-family: 'times new roman', times, serif; font-size: 14pt;\"><strong><u>FICHA T\u00c9CNICA<\/u><\/strong><u><br \/>\n<strong>GR\u00caMIO 1 X 0 SANTOS<\/strong><\/u><\/span><\/p>\n<p style=\"text-align: justify;\"><span style=\"font-family: 'times new roman', times, serif; font-size: 14pt;\"><strong>Local:<\/strong>\u00a0Est\u00e1dio Alfredo Jaconi, em Caxias do Sul (RS)<\/span><br \/>\n<span style=\"font-family: 'times new roman', times, serif; font-size: 14pt;\"><strong>Data:<\/strong>\u00a016 de abril de 2023, domingo<\/span><br \/>\n<span style=\"font-family: 'times new roman', times, serif; font-size: 14pt;\"><strong>Hor\u00e1rio:<\/strong>\u00a0\u00e0s 18h30 (de Bras\u00edlia)<\/span><br \/>\n<span style=\"font-family: 'times new roman', times, serif; font-size: 14pt;\"><strong>\u00c1rbitro:<\/strong>\u00a0Wilton Pereira Sampaio (GO)<\/span><br \/>\n<span style=\"font-family: 'times new roman', times, serif; font-size: 14pt;\"><strong>Assistentes:<\/strong>\u00a0Bruno Raphael Pires (GO) e Leone Carvalho Rocha (GO)<\/span><br \/>\n<span style=\"font-family: 'times new roman', times, serif; font-size: 14pt;\"><strong>VAR:<\/strong>\u00a0Rodolpho Toski Marques (PR)<\/span><br \/>\n<span style=\"font-family: 'times new roman', times, serif; font-size: 14pt;\"><strong>Cart\u00f5es <span style=\"background-color: #ffff00;\">amarelos<\/span>:\u00a0<\/strong>Vina, Kannemann e Darlan (Gr\u00eamio)<br \/>\n<\/span><span style=\"font-family: 'times new roman', times, serif; font-size: 14pt;\"><strong>Cart\u00f5es <span style=\"background-color: #ffff00;\">amarelos<\/span>:\u00a0<\/strong> Camacho, Dodi e Soteldo (Santos)<\/span><br \/>\n<span style=\"font-family: 'times new roman', times, serif; font-size: 14pt;\"><strong>Cart\u00e3o <span style=\"background-color: #ff0000;\">vermelho<\/span>:<\/strong>\u00a0Soteldo (Santos)<br \/>\n<\/span><span style=\"font-family: 'times new roman', times, serif; font-size: 14pt;\"><strong>GOL:\u00a0<\/strong>Jo\u00e3o Pedro (Gr\u00eamio), aos 43&#8242; do 1T<br \/>\n<\/span><span style=\"font-family: 'times new roman', times, serif; font-size: 14pt;\"><strong>GR\u00caMIO:<\/strong>\u00a0Adriel; Jo\u00e3o Pedro (Thomas Luciano), Bruno Alves, Kannemann e Diogo Barbosa; Villasanti (Darlan), Bitello e Cristaldo (Nathan); Zinho (Andr\u00e9), Vina (Everton Galdino) e Luis Su\u00e1rez.<\/span><br \/>\n<span style=\"font-family: 'times new roman', times, serif; font-size: 14pt;\"><strong>T\u00e9cnico:<\/strong>\u00a0Renato Ga\u00facho<br \/>\n<\/span><span style=\"font-family: 'times new roman', times, serif; font-size: 14pt;\"><strong>SANTOS:<\/strong>\u00a0Jo\u00e3o Paulo; Nathan, Messias, Eduardo Bauermann e Felipe Jonatan; Camacho (Rodrigo Fern\u00e1ndez), Dodi (Bruno Mezenga), Lucas Lima (Miguelito) e Daniel Ruiz (\u00c2ngelo); Lucas Barbosa (Soteldo) e Marcos Leonardo.<\/span><br \/>\n<span style=\"font-family: 'times new roman', times, serif; font-size: 14pt;\"><strong>T\u00e9cnico:<\/strong>\u00a0Odair Hellmann<\/span><\/p>\n<p style=\"text-align: justify;\"><span style=\"font-family: arial, helvetica, sans-serif; font-size: 14pt;\">O Santos volta a campo na quinta-feira, (20) quando as 19h (de Bras\u00edlia), recebe na Vila Belmiro, a equipe do Audax Italiano, do Chile, em partida v\u00e1lida pela segunda rodada da Copa Sul-Americana.<\/span><\/p>\n<p style=\"text-align: justify;\"><strong><u>PITACOS DO BERTOLDI<\/u><\/strong><\/p>\n<p style=\"text-align: justify;\"><span style=\"font-family: arial, helvetica, sans-serif; font-size: 14pt;\">Vou fazer uma an\u00e1lise bastante consciente, deixando qualquer sentimento meu de torcedor, de lado!<\/span><\/p>\n<p style=\"text-align: justify;\"><span style=\"font-family: arial, helvetica, sans-serif; font-size: 14pt;\">Ent\u00e3o vamos l\u00e1: Eu vi um Santos jogando fora de casa, contra um advers\u00e1rio (Gr\u00eamio), o qual acho at\u00e9 desnecess\u00e1rio dizer que tem um time individualmente, muito melhor que o nosso, um treinador (Renato Ga\u00facho), que apesar de falastr\u00e3o, \u00e9 campeon\u00edssimo, enquanto o nosso treinador nunca conquistou nada, e apesar de tudo isso jogamos de igual para igual, sendo at\u00e9 superiores a eles em grande parte da partida!<\/span><br \/>\n<span style=\"font-family: arial, helvetica, sans-serif; font-size: 14pt;\">Ah Serginho mas o que vale \u00e9 o resultado e no resultado, ta escrito l\u00e1 que perdemos! Sim! \u00c9 verdade.<\/span><\/p>\n<p style=\"text-align: justify;\"><span style=\"font-family: arial, helvetica, sans-serif; font-size: 14pt;\">\u00a0Por\u00e9m eu analiso a partida que o Santos fez contra um advers\u00e1rio forte, na minha humilde vis\u00e3o a melhor partida que j\u00e1 vi o Alvinegro Praiano jogar nesse ano!\u00a0Perdemos sim, mas foi no detalhe de uma bola!<\/span><br \/>\n<span style=\"font-family: arial, helvetica, sans-serif; font-size: 14pt;\">A verdade \u00e9 que o Gr\u00eamio achou um gol que na minha opini\u00e3o teve a contribui\u00e7\u00e3o de uma falha do nosso Goleiro!<\/span><br \/>\n<span style=\"font-family: arial, helvetica, sans-serif; font-size: 14pt;\">Fora isso, temos que ser sinceros e analisar que o Santos anulou o gr\u00eamio!<\/span><br \/>\n<span style=\"font-family: arial, helvetica, sans-serif; font-size: 14pt;\"> N\u00e3o foi nem de longe, um daqueles jogos em que \u00e9ramos massacrados, nossa defesa nem tinha tempo de respirar de t\u00e3o bombardeada, e passavam mesmo o trator!<\/span><\/p>\n<p style=\"text-align: justify;\"><span style=\"font-family: arial, helvetica, sans-serif; font-size: 14pt;\">\u00a0O que vi foi sim, finalmente uma evolu\u00e7\u00e3o no futebol da equipe, que infelizmente o resultado pode ter mascarado!<\/span><br \/>\n<span style=\"font-family: arial, helvetica, sans-serif; font-size: 14pt;\">\u00a0Meu sentimento ap\u00f3s a partida, \u00e9 muito mais de esperan\u00e7a do que preocupa\u00e7\u00e3o!<\/span><br \/>\n<span style=\"font-family: arial, helvetica, sans-serif; font-size: 14pt;\">O que eu gostaria de pontuar, \u00e9 em rela\u00e7\u00e3o aos erros que nos prejudicaram!<\/span><br \/>\n<span style=\"font-family: arial, helvetica, sans-serif; font-size: 14pt;\">Erros de finaliza\u00e7\u00e3o, s\u00e3o hoje o que entendo ser o principal problema que o treinador do Santos precisa arrumar urgentemente!<\/span><\/p>\n<p style=\"text-align: justify;\"><span style=\"font-family: arial, helvetica, sans-serif; font-size: 14pt;\">Existem partidas nas quais o advers\u00e1rio, at\u00e9 permite que voc\u00ea perca algumas chances claras de gol, porque certamente outras aparecer\u00e3o! Por\u00e9m existem jogos, que quando a oportunidade surgir, voc\u00ea tem que matar! Tem que matar, porque s\u00e3o jogos que muitas vezes, n\u00e3o te dar\u00e3o outra oportunidade para marcar!<\/span><br \/>\n<span style=\"font-family: arial, helvetica, sans-serif; font-size: 14pt;\">E \u00e9 esse o grande problema do ataque do Santos! Perdemos uma, duas, tr\u00eas chances de gol, e na primeira que o nosso advers\u00e1rio tem, eles v\u00e3o l\u00e1 e conferem! Precisamos parar de perder tantas chances como perdemos!<\/span><\/p>\n<p style=\"text-align: justify;\"><span style=\"font-family: arial, helvetica, sans-serif; font-size: 14pt;\"><strong><u>Acompanhe a Coletiva do T\u00e9cnico Odair Hellmann<\/u><\/strong><\/span><\/p>\n<div class=\"jetpack-video-wrapper\"><iframe loading=\"lazy\" title=\"ODAIR HELLMANN | COLETIVA (16\/04\/23)\" width=\"800\" height=\"450\" src=\"https:\/\/www.youtube.com\/embed\/9j5Z2T5ZsFY?feature=oembed\" frameborder=\"0\" allow=\"accelerometer; autoplay; clipboard-write; encrypted-media; gyroscope; picture-in-picture; web-share\" allowfullscreen><\/iframe><\/div>\n<p style=\"text-align: justify;\"><span style=\"font-family: arial, helvetica, sans-serif; font-size: 14pt;\">(Cr\u00e9dito: Imagem: Luiz Erbes\/AGIF)<\/span><br \/>\n<span style=\"font-family: arial, helvetica, sans-serif; font-size: 14pt;\">(Cr\u00e9dito: Imagem: SantosTV\/Divulga\u00e7\u00e3o\/Santos FC)<\/span><\/p>\n<p style=\"text-align: justify;\"><span style=\"font-family: arial, helvetica, sans-serif; font-size: 14pt;\">Falamos das coisas do Santos, sempre com a parceria e o apoio dos nossos anunciantes!<\/span><\/p>\n<p style=\"text-align: justify;\">\n","protected":false},"excerpt":{"rendered":"<p>Al\u00f4 Na\u00e7\u00e3o Santista! Sauda\u00e7\u00f5es Alvinegras!\u00a0 Em seu jogo de estreia do Campeonato Brasileiro de 2023, o Santos Futebol Clube foi<\/p>\n","protected":false},"author":2,"featured_media":5040,"comment_status":"open","ping_status":"open","sticky":false,"template":"","format":"standard","meta":{"colormag_page_container_layout":"default_layout","colormag_page_sidebar_layout":"default_layout","_jetpack_memberships_contains_paid_content":false,"footnotes":""},"categories":[12,11,16],"tags":[6],"class_list":["post-5038","post","type-post","status-publish","format-standard","has-post-thumbnail","hentry","category-analise-e-comentario","category-campeonato-brasileiro","category-resenha-do-jogo","tag-santos-fc"],"jetpack_featured_media_url":"https:\/\/i0.wp.com\/sergiobertoldi.com\/wp-content\/uploads\/2023\/04\/1681687706643c849a9ff7d_16816877.jpg?fit=1024%2C683&ssl=1","jetpack_likes_enabled":true,"jetpack_sharing_enabled":true,"_links":{"self":[{"href":"https:\/\/sergiobertoldi.com\/index.php\/wp-json\/wp\/v2\/posts\/5038","targetHints":{"allow":["GET"]}}],"collection":[{"href":"https:\/\/sergiobertoldi.com\/index.php\/wp-json\/wp\/v2\/posts"}],"about":[{"href":"https:\/\/sergiobertoldi.com\/index.php\/wp-json\/wp\/v2\/types\/post"}],"author":[{"embeddable":true,"href":"https:\/\/sergiobertoldi.com\/index.php\/wp-json\/wp\/v2\/users\/2"}],"replies":[{"embeddable":true,"href":"https:\/\/sergiobertoldi.com\/index.php\/wp-json\/wp\/v2\/comments?post=5038"}],"version-history":[{"count":3,"href":"https:\/\/sergiobertoldi.com\/index.php\/wp-json\/wp\/v2\/posts\/5038\/revisions"}],"predecessor-version":[{"id":5043,"href":"https:\/\/sergiobertoldi.com\/index.php\/wp-json\/wp\/v2\/posts\/5038\/revisions\/5043"}],"wp:featuredmedia":[{"embeddable":true,"href":"https:\/\/sergiobertoldi.com\/index.php\/wp-json\/wp\/v2\/media\/5040"}],"wp:attachment":[{"href":"https:\/\/sergiobertoldi.com\/index.php\/wp-json\/wp\/v2\/media?parent=5038"}],"wp:term":[{"taxonomy":"category","embeddable":true,"href":"https:\/\/sergiobertoldi.com\/index.php\/wp-json\/wp\/v2\/categories?post=5038"},{"taxonomy":"post_tag","embeddable":true,"href":"https:\/\/sergiobertoldi.com\/index.php\/wp-json\/wp\/v2\/tags?post=5038"}],"curies":[{"name":"wp","href":"https:\/\/api.w.org\/{rel}","templated":true}]}}