{"id":5026,"date":"2023-04-16T09:30:53","date_gmt":"2023-04-16T12:30:53","guid":{"rendered":"https:\/\/sergiobertoldi.com\/?p=5026"},"modified":"2023-04-16T16:40:21","modified_gmt":"2023-04-16T19:40:21","slug":"santos-enfrenta-o-gremio-em-sua-estreia-no-brasileirao-2023","status":"publish","type":"post","link":"https:\/\/sergiobertoldi.com\/index.php\/2023\/04\/16\/santos-enfrenta-o-gremio-em-sua-estreia-no-brasileirao-2023\/","title":{"rendered":"Santos enfrenta o Gr\u00eamio em sua estreia no Brasileir\u00e3o 2023"},"content":{"rendered":"<p><span style=\"font-family: helvetica, arial, sans-serif; font-size: 14pt;\"><strong><u>Al\u00f4 Na\u00e7\u00e3o Santista! Sauda\u00e7\u00f5es Alvinegras!<\/u><\/strong><strong><u>\u00a0<\/u><\/strong><\/span><\/p>\n<p style=\"text-align: justify;\"><span style=\"font-family: arial, helvetica, sans-serif; font-size: 14pt;\">O Santos faz sua estreia no Campeonato Brasileiro de 2023, jogando fora de casa, no in\u00edcio da noite deste domingo (<strong>16<\/strong>), quando a partir das <strong>18h30 <\/strong>(de Bras\u00edlia), o Alvinegro Praiano enfrenta a equipe do Gr\u00eamio Porto-alegrense, no Est\u00e1dio Alfredo Jaconi, em Caxias do Sul.<\/span><br \/>\n<span style=\"font-family: arial, helvetica, sans-serif; font-size: 14pt;\">A partida ser\u00e1 realizada na serra ga\u00facha, devido a uma briga generalizada nas arquibancadas da Arena Gr\u00eamio, ocorrida ano passado quando jogando na S\u00e9rie- B do Brasileiro, se encontravam Gr\u00eamio e Cruzeiro.\u00a0<\/span><br \/>\n<span style=\"font-family: arial, helvetica, sans-serif; font-size: 14pt;\">Como puni\u00e7\u00e3o, a CBF estabeleceu a perda de tr\u00eas mandos de campo ao time ga\u00facho, a serem cumpridos agora no in\u00edcio do Brasileir\u00e3o!<\/span><\/p>\n<p style=\"text-align: justify;\"><span style=\"font-family: arial, helvetica, sans-serif; font-size: 14pt;\">O Alvinegro de Vila Belmiro, chega para esse jogo de estreia do Campeonato Brasileiro, em situa\u00e7\u00e3o bem diferente da qual terminou precocemente sua participa\u00e7\u00e3o no Paulist\u00e3o 2023.<br \/>\nCom tr\u00eas vit\u00f3rias consecutivas e sem sofrer um \u00fanico gol, os pupilos do t\u00e9cnico Odair Hellmann, chegam com o moral elevado e mais confiantes!<\/span><br \/>\n<span style=\"font-family: arial, helvetica, sans-serif; font-size: 14pt;\">Contudo os jogadores ainda precisam reconquistar a confian\u00e7a no torcedor, que apesar dos \u00faltimos resultados, ainda demonstra falta de confian\u00e7a na capacidade do elenco e n\u00e3o est\u00e1 convencido sobre at\u00e9 onde esse grupo pode chegar!<\/span><\/p>\n<p style=\"text-align: justify;\"><span style=\"font-family: arial, helvetica, sans-serif; font-size: 14pt;\">A novidade boa pelos lados do Peixe, foi a volta dos jogadores que vinham lesionados e se encontravam h\u00e1 tempos afastados dos jogos, em tratamento no Departamento M\u00e9dico do Clube! <strong>Lucas Braga<\/strong> ainda permanece em est\u00e1gio de transi\u00e7\u00e3o para os gramados!<\/span><br \/>\n<span style=\"font-family: arial, helvetica, sans-serif; font-size: 14pt;\">O lateral-direito <strong>Jo\u00e3o Lucas<\/strong>, o zagueiro <strong>Joaquim<\/strong> e os atacantes <strong>Soteldo<\/strong> e <strong>Mendoza <\/strong>voltam a ficar a disposi\u00e7\u00e3o do t\u00e9cnico Odair Hellmann, que passa a contar tamb\u00e9m com os refor\u00e7os <strong>Gabriel Inoc\u00eancio<\/strong> (lateral-direito), <strong>Luan Dias <\/strong>(Meia-armador) e o atacante <strong>Bruno Mezenga<\/strong>, todos vindos do \u00c1gua Santa, cujo os nomes j\u00e1 constam no BID da CBF<\/span><\/p>\n<p style=\"text-align: justify;\"><span style=\"font-family: arial, helvetica, sans-serif; font-size: 14pt;\"><img data-recalc-dims=\"1\" loading=\"lazy\" decoding=\"async\" class=\"alignnone wp-image-5027\" src=\"https:\/\/i0.wp.com\/sergiobertoldi.com\/wp-content\/uploads\/2023\/04\/Capt02.png?resize=350%2C249&#038;ssl=1\" alt=\"\" width=\"350\" height=\"249\" srcset=\"https:\/\/i0.wp.com\/sergiobertoldi.com\/wp-content\/uploads\/2023\/04\/Capt02.png?resize=300%2C214&amp;ssl=1 300w, https:\/\/i0.wp.com\/sergiobertoldi.com\/wp-content\/uploads\/2023\/04\/Capt02.png?w=458&amp;ssl=1 458w\" sizes=\"auto, (max-width: 350px) 100vw, 350px\" \/><img data-recalc-dims=\"1\" loading=\"lazy\" decoding=\"async\" class=\"alignnone wp-image-5028\" src=\"https:\/\/i0.wp.com\/sergiobertoldi.com\/wp-content\/uploads\/2023\/04\/01.png?resize=350%2C233&#038;ssl=1\" alt=\"\" width=\"350\" height=\"233\" srcset=\"https:\/\/i0.wp.com\/sergiobertoldi.com\/wp-content\/uploads\/2023\/04\/01.png?resize=300%2C200&amp;ssl=1 300w, https:\/\/i0.wp.com\/sergiobertoldi.com\/wp-content\/uploads\/2023\/04\/01.png?w=467&amp;ssl=1 467w\" sizes=\"auto, (max-width: 350px) 100vw, 350px\" \/><img data-recalc-dims=\"1\" loading=\"lazy\" decoding=\"async\" class=\"alignnone wp-image-5029\" src=\"https:\/\/i0.wp.com\/sergiobertoldi.com\/wp-content\/uploads\/2023\/04\/Capt03.png?resize=350%2C257&#038;ssl=1\" alt=\"\" width=\"350\" height=\"257\" srcset=\"https:\/\/i0.wp.com\/sergiobertoldi.com\/wp-content\/uploads\/2023\/04\/Capt03.png?resize=300%2C220&amp;ssl=1 300w, https:\/\/i0.wp.com\/sergiobertoldi.com\/wp-content\/uploads\/2023\/04\/Capt03.png?w=461&amp;ssl=1 461w\" sizes=\"auto, (max-width: 350px) 100vw, 350px\" \/><\/span><\/p>\n<p style=\"text-align: justify;\"><span style=\"font-family: arial, helvetica, sans-serif; font-size: 14pt;\">A tend\u00eancia \u00e9 que o comandante Santista n\u00e3o mexa muito na equipe que venceu o Botafogo pela Copa do Brasil, mantendo assim o conjunto que a equipe vem criando, repetindo a mesma escala\u00e7\u00e3o dos \u00faltimos jogos!<br \/>\n<\/span><span style=\"font-family: arial, helvetica, sans-serif; font-size: 14pt;\">Sendo assim Odair Hellmann deve mandar a campo, o 11 Santista com a prov\u00e1vel forma\u00e7\u00e3o: <strong>Jo\u00e3o Paulo<\/strong>; <strong>Nathan<\/strong> (Jo\u00e3o Lucas), <strong>Messias<\/strong> (Joaquim), <strong>Eduardo Bauermann<\/strong> e <strong>Felipe Jonatan<\/strong>; <strong>Camacho<\/strong>, <strong>Dodi <\/strong>e <strong>Lucas Lima<\/strong>; <strong>Daniel Ruiz<\/strong> (Soteldo), <strong>Lucas Barbosa<\/strong> e <strong>Marcos Leonardo.<\/strong><\/span><strong style=\"font-family: arial, helvetica, sans-serif; font-size: 14pt;\">\u00a0<\/strong><\/p>\n<p style=\"text-align: justify;\"><span style=\"font-family: arial, helvetica, sans-serif; font-size: 14pt;\">J\u00e1 o Gr\u00eamio do t\u00e9cnico Renato Ga\u00facho, chega para a estreia de sua volta a <strong>S\u00e9rie-A<\/strong> do Campeonato Brasileiro ap\u00f3s uma temporada na <strong>S\u00e9rie-B<\/strong>, mas embora motivado por seu retorno, o t\u00e9cnico ga\u00facho tem problemas para escalar sua equipe!<\/span><\/p>\n<p style=\"text-align: justify;\"><span style=\"font-family: arial, helvetica, sans-serif; font-size: 14pt;\">O meia Uruguaio <strong>Felipe Carballo<\/strong>, segue fora do time, com uma pubalgia (Inflama\u00e7\u00e3o no p\u00fabis), o volante <strong>Lucas Silva<\/strong> tamb\u00e9m est\u00e1 fora do confronto por conta de dores no joelho esquerdo. Sobre o atacante <strong>Su\u00e1rez, <\/strong>em princ\u00edpio o jogador viajou com o elenco para Caxias do Sul, e embora tenha treinado normalmente, permanece como d\u00favida!<\/span><\/p>\n<p style=\"text-align: justify;\"><span style=\"font-family: arial, helvetica, sans-serif; font-size: 14pt;\"><strong>Su\u00e1rez <\/strong>carrega um problema o qual j\u00e1 vem administrando desde os tempos do<strong> Nacional do Uruguai<\/strong>, uma tendinite no joelho esquerdo, (inflama\u00e7\u00e3o por esfor\u00e7o repetitivo), que faz seu joelho inchar, sendo preciso ficar afastado de um ou dois jogos para tratar e esperar desinchar para s\u00f3 depois voltar aos treinos e jogos.<\/span><br \/>\n<span style=\"font-family: arial, helvetica, sans-serif; font-size: 14pt;\">Salvo mais algum problema de \u00faltima hora, o Gr\u00eamio deve vir a campo com: <strong>Adriel; Jo\u00e3o Pedro, Bruno Alves, Kannemann e Diogo Barbosa; Villasanti, Bitello, Nathan, Cristaldo e Vina; Su\u00e1rez.<\/strong> T\u00e9cnico <strong>Renato Ga\u00facho <\/strong><\/span><\/p>\n<p style=\"text-align: justify;\"><span style=\"font-family: arial, helvetica, sans-serif; font-size: 14pt;\">No duelo das pranchetas, o hist\u00f3rico do confronto<strong> Renato Ga\u00facho x Odair Hellmann, mostra uma vantagem para o treinador do tricolor ga\u00facho:<\/strong><\/span><\/p>\n<ul style=\"text-align: justify;\">\n<li><span style=\"font-family: arial, helvetica, sans-serif; font-size: 14pt;\"><strong><u>11\u00a0Jogos<\/u><\/strong><\/span><\/li>\n<li><span style=\"font-family: arial, helvetica, sans-serif; font-size: 14pt;\"><strong><u>5 vit\u00f3rias de Renato<\/u><\/strong><\/span><\/li>\n<li><span style=\"font-family: arial, helvetica, sans-serif; font-size: 14pt;\"><strong><u>2 vit\u00f3rias de Odair Hellmann<\/u><\/strong><\/span><\/li>\n<li><span style=\"font-family: arial, helvetica, sans-serif; font-size: 14pt;\"><strong><u>4 empates<\/u><\/strong><\/span><\/li>\n<li><span style=\"font-family: arial, helvetica, sans-serif; font-size: 14pt;\"><strong><u>Equipes do Renato \u2013 9 gols<\/u><\/strong><\/span><\/li>\n<li><span style=\"font-family: arial, helvetica, sans-serif; font-size: 14pt;\"><strong><u>Equipes do Odair \u2013 5 gols<\/u><\/strong><\/span><\/li>\n<\/ul>\n<p style=\"text-align: justify;\"><span style=\"font-family: arial, helvetica, sans-serif; font-size: 14pt;\"><strong><u>Confrontos ao longo da hist\u00f3ria<\/u><\/strong><\/span><\/p>\n<p style=\"text-align: justify;\"><span style=\"font-family: arial, helvetica, sans-serif; font-size: 14pt;\"><strong><u>Retrospecto\u00a0\u00a0\u00a0\u00a0 <\/u><\/strong><\/span><\/p>\n<p style=\"text-align: justify;\"><span style=\"font-family: arial, helvetica, sans-serif; font-size: 14pt;\"><strong>Santos<\/strong> e <strong>Gr\u00eamio<\/strong> j\u00e1 se enfrentaram <strong>95 <\/strong><strong>vezes<\/strong> ao longo da hist\u00f3ria.<br \/>\n<\/span><span style=\"font-family: arial, helvetica, sans-serif; font-size: 14pt;\">Foram <strong>39<\/strong> <strong>vit\u00f3rias <\/strong>do Santos, contra <strong>29<\/strong> <strong>vit\u00f3rias<\/strong> do Gr\u00eamio e <strong>27<\/strong> <strong>empates<\/strong>.<br \/>\n<\/span><span style=\"font-family: arial, helvetica, sans-serif; font-size: 14pt;\">O Peixe marcou <strong>131<\/strong> <strong>gols <\/strong>e sofreu <strong>107<\/strong> <strong>Saldo<\/strong> de <strong><u>+24<\/u><\/strong><\/span><\/p>\n<p style=\"text-align: justify;\"><span style=\"font-family: arial, helvetica, sans-serif; font-size: 14pt;\">Em <strong><u>Campeonatos Brasileiros <\/u><\/strong>\u00a0Desde o primeiro confronto, foram <strong>73<\/strong> <strong>jogos<\/strong>, com <strong>29<\/strong> <strong>vit\u00f3rias<\/strong> do Santos, contra <strong>21 <\/strong><strong>vit\u00f3rias <\/strong>do Gr\u00eamio e <strong>23<\/strong> <strong>empates<\/strong>.<br \/>\nO time da Baixada Santista marcou <strong>77 <\/strong><strong>gols<\/strong> e sofreu <strong>71<\/strong>.<\/span><\/p>\n<p style=\"text-align: justify;\"><span style=\"font-family: arial, helvetica, sans-serif; font-size: 14pt;\"><strong><u>O \u00faltimo Confronto<\/u><\/strong><\/span><\/p>\n<p style=\"text-align: justify;\"><span style=\"font-family: arial, helvetica, sans-serif; font-size: 14pt;\">No \u00faltimo confronto, v\u00e1lido pelo <strong><u>Campeonato Brasileiro<\/u><\/strong>\u00a0 de <strong>2021<\/strong>, a partida terminou com vit\u00f3ria do Santos pelo placar de 1X0<br \/>\nO jogo foi realizado na Vila Belmiro<\/span><\/p>\n<p style=\"text-align: justify;\"><span style=\"font-family: arial, helvetica, sans-serif; font-size: 14pt;\"><strong><u>PITACOS DO BERTOLDI<\/u><\/strong><\/span><\/p>\n<p style=\"text-align: justify;\"><span style=\"font-family: arial, helvetica, sans-serif; font-size: 14pt;\">O Santos inicia na tarde-noite deste domingo 16 de Abril, sua caminhada no Campeonato Brasileiro de 2023<br \/>\n<\/span><span style=\"font-family: arial, helvetica, sans-serif; font-size: 14pt;\">Se n\u00e3o quiser correr riscos de rebaixamento, o Alvinegro Praiano tem que ficar atento ao que precisa fazer logo nos primeiros jogos do Campeonato!<\/span><\/p>\n<p style=\"text-align: justify;\"><span style=\"font-family: arial, helvetica, sans-serif; font-size: 14pt;\">A verdade \u00e9 que ao menos no que diz respeito ao Campeonato Brasileiro, na hist\u00f3ria dos pontos corridos as <strong>10<\/strong> primeiras rodadas provaram-se essenciais para definir quem ser\u00e1 o campe\u00e3o brasileiro, assim como tamb\u00e9m os candidatos ao rebaixamento!<\/span><\/p>\n<p style=\"text-align: justify;\"><span style=\"font-family: arial, helvetica, sans-serif; font-size: 14pt;\">Recentemente foi realizado um levantamento que demonstrou que, desde 2006, quando o nacional passou a ser disputado por 20 clubes, a grande maioria dos clubes que se tornaram campe\u00f5es, lideravam o campeonato na <strong>10\u00aa rodada<\/strong>.<\/span><\/p>\n<p style=\"text-align: justify;\"><span style=\"font-family: arial, helvetica, sans-serif; font-size: 14pt;\">Por esse motivo, um resultado positivo, mesmo que seja um empate, ser\u00e1 de import\u00e2ncia fundamental para quem sabe que a perman\u00eancia na divis\u00e3o de elite do futebol brasileiro, \u00e9 hoje pelas condi\u00e7\u00f5es em que o Santos se encontra, o mesmo que \u00e9 para outras agremia\u00e7\u00f5es, o sonho com o t\u00edtulo!<\/span><\/p>\n<p style=\"text-align: justify;\"><span style=\"font-family: arial, helvetica, sans-serif; font-size: 14pt;\">Falamos das coisas do Santos, sempre com a parceria e o apoio dos nossos anunciantes!<\/span><\/p>\n","protected":false},"excerpt":{"rendered":"<p>Al\u00f4 Na\u00e7\u00e3o Santista! Sauda\u00e7\u00f5es Alvinegras!\u00a0 O Santos faz sua estreia no Campeonato Brasileiro de 2023, jogando fora de casa, no<\/p>\n","protected":false},"author":2,"featured_media":5032,"comment_status":"open","ping_status":"open","sticky":false,"template":"","format":"standard","meta":{"colormag_page_container_layout":"default_layout","colormag_page_sidebar_layout":"default_layout","_jetpack_memberships_contains_paid_content":false,"footnotes":""},"categories":[12,4,11,17],"tags":[6],"class_list":["post-5026","post","type-post","status-publish","format-standard","has-post-thumbnail","hentry","category-analise-e-comentario","category-bastidores-do-santos-fc","category-campeonato-brasileiro","category-pre-jogo","tag-santos-fc"],"jetpack_featured_media_url":"https:\/\/i0.wp.com\/sergiobertoldi.com\/wp-content\/uploads\/2023\/04\/Capurar.png?fit=847%2C497&ssl=1","jetpack_likes_enabled":true,"jetpack_sharing_enabled":true,"_links":{"self":[{"href":"https:\/\/sergiobertoldi.com\/index.php\/wp-json\/wp\/v2\/posts\/5026","targetHints":{"allow":["GET"]}}],"collection":[{"href":"https:\/\/sergiobertoldi.com\/index.php\/wp-json\/wp\/v2\/posts"}],"about":[{"href":"https:\/\/sergiobertoldi.com\/index.php\/wp-json\/wp\/v2\/types\/post"}],"author":[{"embeddable":true,"href":"https:\/\/sergiobertoldi.com\/index.php\/wp-json\/wp\/v2\/users\/2"}],"replies":[{"embeddable":true,"href":"https:\/\/sergiobertoldi.com\/index.php\/wp-json\/wp\/v2\/comments?post=5026"}],"version-history":[{"count":6,"href":"https:\/\/sergiobertoldi.com\/index.php\/wp-json\/wp\/v2\/posts\/5026\/revisions"}],"predecessor-version":[{"id":5036,"href":"https:\/\/sergiobertoldi.com\/index.php\/wp-json\/wp\/v2\/posts\/5026\/revisions\/5036"}],"wp:featuredmedia":[{"embeddable":true,"href":"https:\/\/sergiobertoldi.com\/index.php\/wp-json\/wp\/v2\/media\/5032"}],"wp:attachment":[{"href":"https:\/\/sergiobertoldi.com\/index.php\/wp-json\/wp\/v2\/media?parent=5026"}],"wp:term":[{"taxonomy":"category","embeddable":true,"href":"https:\/\/sergiobertoldi.com\/index.php\/wp-json\/wp\/v2\/categories?post=5026"},{"taxonomy":"post_tag","embeddable":true,"href":"https:\/\/sergiobertoldi.com\/index.php\/wp-json\/wp\/v2\/tags?post=5026"}],"curies":[{"name":"wp","href":"https:\/\/api.w.org\/{rel}","templated":true}]}}