{"id":4928,"date":"2023-03-29T13:00:17","date_gmt":"2023-03-29T16:00:17","guid":{"rendered":"https:\/\/sergiobertoldi.com\/?p=4928"},"modified":"2023-04-03T21:34:41","modified_gmt":"2023-04-04T00:34:41","slug":"diretoria-do-santos-empresta-atacante-para-o-vasco-e-cria-dor-de-cabeca-para-odair-hellmann","status":"publish","type":"post","link":"https:\/\/sergiobertoldi.com\/index.php\/2023\/03\/29\/diretoria-do-santos-empresta-atacante-para-o-vasco-e-cria-dor-de-cabeca-para-odair-hellmann\/","title":{"rendered":"Diretoria do Santos empresta atacante para o Vasco e cria dor de cabe\u00e7a para Odair Hellmann"},"content":{"rendered":"<p><span style=\"font-family: helvetica, arial, sans-serif; font-size: 14pt;\"><strong><u>Al\u00f4 Na\u00e7\u00e3o Santista! Sauda\u00e7\u00f5es Alvinegras!<\/u><\/strong><\/span><\/p>\n<p><span style=\"font-family: arial, helvetica, sans-serif; font-size: 14pt;\">O Santos oficializou o empr\u00e9stimo do atacante Rwan Seco para o Vasco da Gama. O atleta, de 21 anos, segue para a equipe carioca emprestado at\u00e9 o final da temporada, com valor de compra fixado.<\/span><br \/>\n<span style=\"font-family: arial, helvetica, sans-serif; font-size: 14pt;\">Os Dirigentes do Vasco aceitaram pagar <strong>R$ 500 mil<\/strong> pelo empr\u00e9stimo opera\u00e7\u00e3o e ficar\u00e1 respons\u00e1vel por <strong>100%<\/strong> dos vencimentos do centroavante.<\/span><\/p>\n<p><span style=\"font-family: arial, helvetica, sans-serif; font-size: 14pt;\">Depois de tentar sem sucesso a contrata\u00e7\u00e3o do atacante Lucas Braga, o os cariocas do Vasco da Gama n\u00e3o desistiram de levar para S\u00e3o Janu\u00e1rio, algum menino da Vila, e fizeram mais outra investida por um jogador do Santos, e o nome da vez foi o do atacante Rwan Seco.<\/span><br \/>\n<span style=\"font-family: arial, helvetica, sans-serif; font-size: 14pt;\">A proposta do clube Cruz-Maltino, foi por empr\u00e9stimo at\u00e9 o final do ano, com op\u00e7\u00e3o de compra, com o acordo prevendo uma op\u00e7\u00e3o de compra ao final do empr\u00e9stimo, op\u00e7\u00e3o avaliada em 1,5 milh\u00e3o de euros (cerca de 8,3 milh\u00f5es de reais) por 70% dos direitos econ\u00f4micos do centroavante.<\/span><\/p>\n<p><span style=\"font-family: arial, helvetica, sans-serif; font-size: 14pt;\"><strong>Rwan Seco<\/strong> foi contratado pelo Santos junto ao <strong>Flamengo de Guarulhos-SP,<\/strong> inicialmente para jogar nas categorias de base do Peixe.<\/span><br \/>\n<span style=\"font-family: arial, helvetica, sans-serif; font-size: 14pt;\">O atacante foi promovido para o time principal do clube no come\u00e7o da temporada de 2022 ap\u00f3s se destacar na <strong>Copa S\u00e3o Paulo de Futebol J\u00fanior, <\/strong>ano em que o Peixe chegou na final da competi\u00e7\u00e3o perdendo para o Palmeiras.<\/span><br \/>\n<span style=\"font-family: arial, helvetica, sans-serif; font-size: 14pt;\">Seu futebol e os gols marcados, chamaram aten\u00e7\u00e3o e o jogador acabou sendo promovido ao time principal.<\/span><\/p>\n<p><span style=\"font-family: arial, helvetica, sans-serif; font-size: 14pt;\">Com a camisa do Alvinegro Praiano, Rwan marcou quatro gols em 37 partidas realizadas.<\/span><br \/>\n<span style=\"font-family: arial, helvetica, sans-serif; font-size: 14pt;\"> Em 2023, o atacante disputou sete jogos e estufou as redes contra o S\u00e3o Paulo, pelo Paulist\u00e3o.<\/span><br \/>\n<span style=\"font-family: arial, helvetica, sans-serif; font-size: 14pt;\">Outro fator que fez com que o jogador n\u00e3o tivesse tanto espa\u00e7o no time, \u00e9 o fato da prefer\u00eancia do treinador por Marcos Leonardo que \u00e9 o titular absoluto da posi\u00e7\u00e3o. No entanto, Rwan vinha figurando no banco de reservas como substituto imediato do atacante!<\/span><\/p>\n<p><span style=\"font-size: 14pt;\"><strong><u>PITACOS DO BERTOLDI<\/u><\/strong><\/span><\/p>\n<p><span style=\"font-family: arial, helvetica, sans-serif; font-size: 14pt;\">A quest\u00e3o \u00e9 que ao emprestar o atacante <strong>Rwan Seco <\/strong>para o Vasco da Gama, \u00fanico reserva imediato que o Santos tinha para suprir uma poss\u00edvel aus\u00eancia do titular <strong>Marcos Leonardo, <\/strong>parece n\u00e3o ter lembrado que seu atacante titular, volta e meia tem seu nome figurando em convoca\u00e7\u00f5es para Sele\u00e7\u00f5es de base!<\/span><\/p>\n<p><span style=\"font-family: arial, helvetica, sans-serif; font-size: 14pt;\">E foi justamente o que ocorreu. Em prepara\u00e7\u00e3o para o Mundial da categoria <strong>Sub-20<\/strong>, mundial que ocorre no per\u00edodo de <strong>20 de maio<\/strong> a <strong>11 de junho,<\/strong> a Sele\u00e7\u00e3o Brasileira <strong>sub-20 <\/strong>comandada pelo t\u00e9cnico <strong>Ramon Menezes,<\/strong> divulgou a lista de convocados, que em prepara\u00e7\u00e3o para o torneio, realizar\u00e1 alguns amistosos, e o nome do camisa 9 do Peixe, figura na rela\u00e7\u00e3o!<\/span><\/p>\n<p><span style=\"font-family: arial, helvetica, sans-serif; font-size: 14pt;\"><strong>Marcos Leonardo<\/strong> foi convocado, e passa a ser mais um problema para o t\u00e9cnico Odair Hellmann!<br \/>\n<\/span><span style=\"font-family: arial, helvetica, sans-serif; font-size: 14pt;\"> Os convocados se apresentam no dia <strong>15 de abril<\/strong>, chegam na Espanha no dia seguinte e s\u00e3o liberados no dia <strong>27<\/strong>. O Brasil vai enfrentar a <strong>Rep\u00fablica Dominicana<\/strong>, <strong>Iraque<\/strong> e, por fim, <strong>Uzbequist\u00e3o<\/strong> ou <strong>Senegal<\/strong>.<\/span><\/p>\n<p><span style=\"font-family: arial, helvetica, sans-serif; font-size: 14pt;\">Essa ser\u00e1 a vig\u00e9sima terceira edi\u00e7\u00e3o da <strong>Copa do Mundo FIFA Sub-20<\/strong>, o torneio internacional bienal disputado por sele\u00e7\u00f5es Sub-20 desde sua primeira edi\u00e7\u00e3o em 1977. O mundial inicialmente seria disputado na Indon\u00e9sia, por\u00e9m o apoio do pa\u00eds a Palestina e o veto da participa\u00e7\u00e3o da sele\u00e7\u00e3o de Israel fez a FIFA descredenciar o pa\u00eds de sediar o evento. A entidade ainda n\u00e3o definiu onde ser\u00e1 o novo local, mas as datas foram mantidas. O Governo Argentino ofereceu o pa\u00eds para sediar o evento, e como atuais campe\u00f5es mundiais s\u00e3o vistos com bons olhos pela FIFA.<\/span><\/p>\n<p><span style=\"font-family: arial, helvetica, sans-serif; font-size: 14pt;\">Se foi convocado para os amistosos preparat\u00f3rios, \u00e9 l\u00f3gico que salvo algum problema o jogador Santista deve estar na lista definitiva para o mundial.<br \/>\n<\/span><span style=\"font-family: arial, helvetica, sans-serif; font-size: 14pt;\">Como os atacantes para a posi\u00e7\u00e3o, tanto <strong>Raniel<\/strong> quanto <strong>Rwan<\/strong>, que eram op\u00e7\u00f5es para o setor, foram negociados, resta apenas recorrer a \u00fanica alternativa, que \u00e9 utilizar o garoto <strong>Deivid Washington<\/strong>, destaque da base que atualmente est\u00e1 no <strong>sub-20<\/strong>.<br \/>\n<\/span><span style=\"font-family: arial, helvetica, sans-serif; font-size: 14pt;\">A diretora do Santos ainda pode tentar negociar com a <strong>CBF<\/strong> a libera\u00e7\u00e3o do seu centroavante pelo fato de n\u00e3o se tratar de uma \u201c<strong>Data Fifa<\/strong>\u201d, condi\u00e7\u00e3o excepcional que desobriga os clubes a \u00a0liberarem os seus jogadores.<\/span><\/p>\n<p><span style=\"font-family: arial, helvetica, sans-serif; font-size: 14pt;\">A quest\u00e3o \u00e9 que um clube que precisa fazer caixa, e levantar recursos para saldar suas d\u00edvidas e honrar com seus compromissos, n\u00e3o pode se dar ao luxo de toda hora, abrir m\u00e3o de uma vitrine como a Sele\u00e7\u00e3o Brasileira!<\/span><\/p>\n<p><span style=\"font-family: arial, helvetica, sans-serif; font-size: 14pt;\">Como diz o velho ditado: \u201c<strong><em>Quando a cabe\u00e7a n\u00e3o pensa, o corpo padece<\/em><\/strong>\u201d \u00a0<\/span><\/p>\n<p><span style=\"font-family: arial, helvetica, sans-serif; font-size: 14pt;\">(Cr\u00e9dito: Imagem: Ivan Storti\/Divulga\u00e7\u00e3o\/Santos FC)<\/span><\/p>\n","protected":false},"excerpt":{"rendered":"<p>Al\u00f4 Na\u00e7\u00e3o Santista! Sauda\u00e7\u00f5es Alvinegras! O Santos oficializou o empr\u00e9stimo do atacante Rwan Seco para o Vasco da Gama. O<\/p>\n","protected":false},"author":2,"featured_media":4929,"comment_status":"open","ping_status":"open","sticky":false,"template":"","format":"standard","meta":{"colormag_page_container_layout":"default_layout","colormag_page_sidebar_layout":"default_layout","_jetpack_memberships_contains_paid_content":false,"footnotes":""},"categories":[12,4],"tags":[6],"class_list":["post-4928","post","type-post","status-publish","format-standard","has-post-thumbnail","hentry","category-analise-e-comentario","category-bastidores-do-santos-fc","tag-santos-fc"],"jetpack_featured_media_url":"https:\/\/i0.wp.com\/sergiobertoldi.com\/wp-content\/uploads\/2023\/04\/62bd14a5c99f5.jpeg?fit=846%2C564&ssl=1","jetpack_likes_enabled":true,"jetpack_sharing_enabled":true,"_links":{"self":[{"href":"https:\/\/sergiobertoldi.com\/index.php\/wp-json\/wp\/v2\/posts\/4928","targetHints":{"allow":["GET"]}}],"collection":[{"href":"https:\/\/sergiobertoldi.com\/index.php\/wp-json\/wp\/v2\/posts"}],"about":[{"href":"https:\/\/sergiobertoldi.com\/index.php\/wp-json\/wp\/v2\/types\/post"}],"author":[{"embeddable":true,"href":"https:\/\/sergiobertoldi.com\/index.php\/wp-json\/wp\/v2\/users\/2"}],"replies":[{"embeddable":true,"href":"https:\/\/sergiobertoldi.com\/index.php\/wp-json\/wp\/v2\/comments?post=4928"}],"version-history":[{"count":1,"href":"https:\/\/sergiobertoldi.com\/index.php\/wp-json\/wp\/v2\/posts\/4928\/revisions"}],"predecessor-version":[{"id":4930,"href":"https:\/\/sergiobertoldi.com\/index.php\/wp-json\/wp\/v2\/posts\/4928\/revisions\/4930"}],"wp:featuredmedia":[{"embeddable":true,"href":"https:\/\/sergiobertoldi.com\/index.php\/wp-json\/wp\/v2\/media\/4929"}],"wp:attachment":[{"href":"https:\/\/sergiobertoldi.com\/index.php\/wp-json\/wp\/v2\/media?parent=4928"}],"wp:term":[{"taxonomy":"category","embeddable":true,"href":"https:\/\/sergiobertoldi.com\/index.php\/wp-json\/wp\/v2\/categories?post=4928"},{"taxonomy":"post_tag","embeddable":true,"href":"https:\/\/sergiobertoldi.com\/index.php\/wp-json\/wp\/v2\/tags?post=4928"}],"curies":[{"name":"wp","href":"https:\/\/api.w.org\/{rel}","templated":true}]}}