{"id":4832,"date":"2023-02-07T11:15:30","date_gmt":"2023-02-07T14:15:30","guid":{"rendered":"https:\/\/sergiobertoldi.com\/?p=4832"},"modified":"2023-02-12T16:59:53","modified_gmt":"2023-02-12T19:59:53","slug":"santos-anuncia-a-contratacao-do-meia-atacante-daniel-ruiz","status":"publish","type":"post","link":"https:\/\/sergiobertoldi.com\/index.php\/2023\/02\/07\/santos-anuncia-a-contratacao-do-meia-atacante-daniel-ruiz\/","title":{"rendered":"Santos anuncia a contrata\u00e7\u00e3o do meia-atacante Daniel Ruiz"},"content":{"rendered":"<p><span style=\"font-family: helvetica, arial, sans-serif; font-size: 14pt;\"><strong><u>Al\u00f4 Na\u00e7\u00e3o Santista! Sauda\u00e7\u00f5es Alvinegras!<\/u><\/strong><strong><u>\u00a0<\/u><\/strong><\/span><\/p>\n<p style=\"text-align: justify;\"><span style=\"font-family: arial, helvetica, sans-serif; font-size: 14pt;\">O Santos oficializou nesta ter\u00e7a-feira (7) a contrata\u00e7\u00e3o do meio-campista Daniel Ruiz. O Jogador de 21 anos, jovem promessa do futebol colombiano, chega por empr\u00e9stimo junto ao Milion\u00e1rios, da Col\u00f4mbia, at\u00e9 o final de 2023, com op\u00e7\u00e3o de compra e valor fixado ao t\u00e9rmino deste per\u00edodo.<br \/>\n<\/span><span style=\"font-family: arial, helvetica, sans-serif; font-size: 14pt;\">O jogador foi uma indica\u00e7\u00e3o da comiss\u00e3o t\u00e9cnica depois de se destacar com a camisa do Milion\u00e1rios!<br \/>\n<\/span><span style=\"font-family: arial, helvetica, sans-serif; font-size: 14pt;\">Os valores envolvidos na negocia\u00e7\u00e3o, assim como o seu sal\u00e1rio n\u00e3o foram divulgados pela dire\u00e7\u00e3o do clube que mantem essas informa\u00e7\u00f5es em sigilo.<\/span><\/p>\n<p style=\"text-align: justify;\"><span style=\"font-family: arial, helvetica, sans-serif; font-size: 14pt;\">Nascido em Bogot\u00e1, Daniel Felipe Ruiz Rivera, come\u00e7ou sua carreira no CD Dinhos, time local, antes de ingressar nas categorias de base do Deportivo Cali em 2016. Depois de dois anos jogando pelo \u00faltimo, saiu e se mudou para o Fortaleza CEIF.<\/span><\/p>\n<p style=\"text-align: justify;\"><span style=\"font-family: arial, helvetica, sans-serif; font-size: 14pt;\">Ruiz fez sua estreia na equipe profissional do Fortaleza em 7 de outubro de 2018, jogando os \u00faltimos quatro minutos em um empate fora de casa por 1\u20131 contra o Deportes Quind\u00edo pela s\u00e9rie B<br \/>\n<\/span><span style=\"font-family: arial, helvetica, sans-serif; font-size: 14pt;\">Em 30 de dezembro de 2020, Ruiz transferiu-se para o Milion\u00e1rios, equipe da s\u00e9rie A, Adquirido por empr\u00e9stimo de um ano, com cl\u00e1usula de rescis\u00e3o.<br \/>\n<\/span><span style=\"font-family: arial, helvetica, sans-serif; font-size: 14pt;\">Em janeiro de 2022, a Diretoria do Milion\u00e1rios adquiriu o jogador em definitivo por US $ 350.000; com o Fortaleza ficando com 20% sobre uma venda futura<\/span><\/p>\n<p style=\"text-align: justify;\"><span style=\"font-family: arial, helvetica, sans-serif; font-size: 14pt;\">Mesmo com pouca idade, (21) anos, o jogador que atua como meia-atacante e ponta-esquerda, vem sendo o grande destaque do futebol colombiano.<br \/>\n<\/span><span style=\"font-family: arial, helvetica, sans-serif; font-size: 14pt;\">Em duas temporadas pela equipe, foram 102 jogos, 13 Gols marcados e 12 assist\u00eancias.<br \/>\n<\/span><span style=\"font-family: arial, helvetica, sans-serif; font-size: 14pt;\">Daniel Ruiz chega ao Santos em grande momento, vindo de uma \u00f3tima temporada, com nove gols e cinco assist\u00eancias em 57 partidas<br \/>\n<\/span><span style=\"font-family: arial, helvetica, sans-serif; font-size: 14pt;\">O meia tamb\u00e9m j\u00e1 soma uma partida pela sele\u00e7\u00e3o colombiana, onde atuou por cerca de 25 minutos no empate de 0 a 0 com os Estados Unidos, em amistoso realizado em janeiro deste ano.<\/span><\/p>\n<p style=\"text-align: justify;\"><span style=\"font-family: arial, helvetica, sans-serif; font-size: 14pt;\">O t\u00e9cnico Odair Hellmann que vinha buscando um meia-ofensivo, um armador que possa fazer a liga\u00e7\u00e3o da defesa e o ataque, comemorou a contrata\u00e7\u00e3o que chega para suprir essa car\u00eancia no elenco, inclusive por se tratar de um jogador que mesmo muito novo, chega com credenciais de boas atua\u00e7\u00f5es, estilo de jogo e nacionalidade, que lhe renderam compara\u00e7\u00f5es com James Rodr\u00edguez, destaque da Copa do Mundo de 2014 e ex-jogador do Real Madrid.<br \/>\n<\/span><span style=\"font-family: arial, helvetica, sans-serif; font-size: 14pt;\">Para que o jogador possa participar da primeira fase do Campeonato Paulista, o Santos precisa correr pois Ruiz precisa ser inscrito no torneio at\u00e9 esta sexta-feira. Caso o Santos n\u00e3o consiga regularizar o atleta a tempo, ele s\u00f3 poder\u00e1 atuar a partir das quartas de final.<\/span><\/p>\n<p style=\"text-align: justify;\"><span style=\"font-family: arial, helvetica, sans-serif; font-size: 14pt;\">Daniel Ruiz \u00e9 o s\u00e9timo refor\u00e7o do Peixe para a temporada. Al\u00e9m dele, chegaram o goleiro Vladimir, o lateral direito Jo\u00e3o Lucas, o zagueiro Messias, o volante Dodi, o meia Lucas Limas e o atacante Mendoza.<\/span><\/p>\n<p style=\"text-align: justify;\">\n<p style=\"text-align: justify;\">\n","protected":false},"excerpt":{"rendered":"<p>Al\u00f4 Na\u00e7\u00e3o Santista! Sauda\u00e7\u00f5es Alvinegras!\u00a0 O Santos oficializou nesta ter\u00e7a-feira (7) a contrata\u00e7\u00e3o do meio-campista Daniel Ruiz. O Jogador de<\/p>\n","protected":false},"author":2,"featured_media":4833,"comment_status":"open","ping_status":"open","sticky":false,"template":"","format":"standard","meta":{"colormag_page_container_layout":"default_layout","colormag_page_sidebar_layout":"default_layout","_jetpack_memberships_contains_paid_content":false,"footnotes":""},"categories":[4,30,31],"tags":[6],"class_list":["post-4832","post","type-post","status-publish","format-standard","has-post-thumbnail","hentry","category-bastidores-do-santos-fc","category-contratacoes","category-quem-chega-e-quem-sai","tag-santos-fc"],"jetpack_featured_media_url":"https:\/\/i0.wp.com\/sergiobertoldi.com\/wp-content\/uploads\/2023\/02\/Ruiz-JPEG.jpg?fit=1280%2C720&ssl=1","jetpack_likes_enabled":true,"jetpack_sharing_enabled":true,"_links":{"self":[{"href":"https:\/\/sergiobertoldi.com\/index.php\/wp-json\/wp\/v2\/posts\/4832","targetHints":{"allow":["GET"]}}],"collection":[{"href":"https:\/\/sergiobertoldi.com\/index.php\/wp-json\/wp\/v2\/posts"}],"about":[{"href":"https:\/\/sergiobertoldi.com\/index.php\/wp-json\/wp\/v2\/types\/post"}],"author":[{"embeddable":true,"href":"https:\/\/sergiobertoldi.com\/index.php\/wp-json\/wp\/v2\/users\/2"}],"replies":[{"embeddable":true,"href":"https:\/\/sergiobertoldi.com\/index.php\/wp-json\/wp\/v2\/comments?post=4832"}],"version-history":[{"count":1,"href":"https:\/\/sergiobertoldi.com\/index.php\/wp-json\/wp\/v2\/posts\/4832\/revisions"}],"predecessor-version":[{"id":4834,"href":"https:\/\/sergiobertoldi.com\/index.php\/wp-json\/wp\/v2\/posts\/4832\/revisions\/4834"}],"wp:featuredmedia":[{"embeddable":true,"href":"https:\/\/sergiobertoldi.com\/index.php\/wp-json\/wp\/v2\/media\/4833"}],"wp:attachment":[{"href":"https:\/\/sergiobertoldi.com\/index.php\/wp-json\/wp\/v2\/media?parent=4832"}],"wp:term":[{"taxonomy":"category","embeddable":true,"href":"https:\/\/sergiobertoldi.com\/index.php\/wp-json\/wp\/v2\/categories?post=4832"},{"taxonomy":"post_tag","embeddable":true,"href":"https:\/\/sergiobertoldi.com\/index.php\/wp-json\/wp\/v2\/tags?post=4832"}],"curies":[{"name":"wp","href":"https:\/\/api.w.org\/{rel}","templated":true}]}}