{"id":4794,"date":"2023-01-22T20:45:14","date_gmt":"2023-01-22T23:45:14","guid":{"rendered":"https:\/\/sergiobertoldi.com\/?p=4794"},"modified":"2023-01-25T00:24:36","modified_gmt":"2023-01-25T03:24:36","slug":"com-gol-contra-do-adversario-no-final-da-partida-santos-se-livra-de-mais-uma-derrota-no-paulistao-2023","status":"publish","type":"post","link":"https:\/\/sergiobertoldi.com\/index.php\/2023\/01\/22\/com-gol-contra-do-adversario-no-final-da-partida-santos-se-livra-de-mais-uma-derrota-no-paulistao-2023\/","title":{"rendered":"Com gol contra do advers\u00e1rio no final da partida Santos se livra de mais uma derrota no Paulist\u00e3o 2023"},"content":{"rendered":"<p><span style=\"font-family: helvetica, arial, sans-serif; font-size: 14pt;\"><strong><u>Al\u00f4 Na\u00e7\u00e3o Santista! Sauda\u00e7\u00f5es Alvinegras!<\/u><\/strong><\/span><\/p>\n<p><span style=\"font-family: arial, helvetica, sans-serif; font-size: 14pt;\">Ap\u00f3s dois jogos nos quais mesmo com uma vit\u00f3ria em um deles, o Santos esteve longe de mostrar ao seu torcedor uma evolu\u00e7\u00e3o t\u00e9cnica em compara\u00e7\u00e3o ao futebol jogado em 2022, a equipe comandada pelo t\u00e9cnico Odair Hellmann enfrentou como visitante, neste domingo em partida v\u00e1lida pela terceira rodada do Campeonato Paulista, a equipe do S\u00e3o Bernardo, no Est\u00e1dio Primeiro de Maio, em S\u00e3o Bernardo do Campo (SP).<\/span><\/p>\n<p><span style=\"font-family: arial, helvetica, sans-serif; font-size: 14pt;\">Mesmo jogando fora de casa, o peixe que vinha de uma derrota frente ao Guarani, tamb\u00e9m fora, em Campinas, foi em busca de uma reabilita\u00e7\u00e3o no\u00a0<strong>Campeonato Paulista<\/strong>!<\/span><br \/>\n<span style=\"font-family: arial, helvetica, sans-serif; font-size: 14pt;\">Por\u00e9m em outra m\u00e1 jornada, acabou com muita luta, conquistando apenas um empate por 1 a 1, com <strong>Chrystian Barletta<\/strong> tirando o primeiro zero do placar para os donos da casa, e <strong>Matheus Salustiano, <\/strong>assinalando (contra), no finalzinho da partida, deixou tudo igual dando n\u00fameros finais ao confronto.<\/span><\/p>\n<p><span style=\"font-family: arial, helvetica, sans-serif; font-size: 14pt;\">Com o resultado, a equipe comandada pelo t\u00e9cnico Odair Hellmann soma quatro pontos conquistados em nove disputados, ocupando a <strong>2\u00aa <\/strong>coloca\u00e7\u00e3o do <strong>Grupo A<\/strong>, estando na vice-lideran\u00e7a, atr\u00e1s do <strong>Botafogo-SP<\/strong>.e a frente de <strong>Bragantino<\/strong>, <strong>3\u00ba <\/strong>colocado, e <strong>Inter de Limeira<\/strong>, lanterna do grupo!<\/span><br \/>\n<span style=\"font-family: arial, helvetica, sans-serif; font-size: 14pt;\">Por\u00e9m \u00e9 importante ressaltar que na classifica\u00e7\u00e3o geral, o Santos ocupa apenas a <strong>10\u00aa<\/strong> coloca\u00e7\u00e3o, posi\u00e7\u00e3o que se o campeonato terminasse hoje, n\u00e3o seria suficiente para garantir ao Alvinegro de Vila Belmiro, uma vaga na <strong>Copa do Brasil<\/strong> de <strong>2024<\/strong>.<\/span><\/p>\n<p><span style=\"font-family: arial, helvetica, sans-serif; font-size: 14pt;\"><strong><u>PITACOS DO BERTOLDI<\/u><\/strong><\/span><\/p>\n<p><span style=\"font-family: arial, helvetica, sans-serif; font-size: 14pt;\">Tr\u00eas Jogos, uma vit\u00f3ria, um empate e uma derrota, e um futebol \u201cSofr\u00edvel\u201d, isso sendo bonzinho!<\/span><br \/>\n<span style=\"font-family: arial, helvetica, sans-serif; font-size: 14pt;\">O Santos jogou seis tempos de 45 minutos, e nos seis tempos, conseguiu apresentar um futebol pior do que o apresentado em 2022.<\/span><br \/>\n<span style=\"font-family: arial, helvetica, sans-serif; font-size: 14pt;\">O que mais preocupa em rela\u00e7\u00e3o ao que o Santos teria que j\u00e1 ter mostrado, e n\u00e3o mostrou at\u00e9 agora, \u00e9 o fato de que tempo para preparar essa equipe para apresentar um futebol minimamente organizado, n\u00e3o faltou!<\/span><br \/>\n<span style=\"font-family: arial, helvetica, sans-serif; font-size: 14pt;\">O T\u00e9cnico Odair Hellmann teve praticamente um m\u00eas de pr\u00e9 temporada para dar no m\u00ednimo, um padr\u00e3o de jogo para a equipe, e at\u00e9 agora o que se viu foi um Santos completamente desfigurado dentro de campo!<\/span><\/p>\n<p><span style=\"font-family: arial, helvetica, sans-serif; font-size: 14pt;\">Na pr\u00f3xima rodada, o Santos volta a jogar em casa na Vila Belmiro, quando recebe na quarta-feira, \u00e0s <strong>21h35<\/strong> (de Bras\u00edlia), a equipe do <strong>\u00c1gua Santa<\/strong>,<\/span><\/p>\n<p><span style=\"font-family: arial, helvetica, sans-serif; font-size: 14pt;\"><strong><u>FICHA T\u00c9CNICA<\/u><\/strong><u><br \/>\n<strong>S\u00c3O BERNARDO 1 X 1 SANTOS<\/strong><\/u><\/span><\/p>\n<p><span style=\"font-family: arial, helvetica, sans-serif; font-size: 14pt;\"><strong>Local:<\/strong>\u00a0Est\u00e1dio Primeiro de Maio, em S\u00e3o Bernardo do Campo (SP)<\/span><br \/>\n<span style=\"font-family: arial, helvetica, sans-serif; font-size: 14pt;\"><strong>Data:<\/strong>\u00a022 de janeiro de 2023, domingo<\/span><br \/>\n<span style=\"font-family: arial, helvetica, sans-serif; font-size: 14pt;\"><strong>Hor\u00e1rio:<\/strong>\u00a018h30 (de Bras\u00edlia)<\/span><br \/>\n<span style=\"font-family: arial, helvetica, sans-serif; font-size: 14pt;\"><strong>\u00c1rbitro:<\/strong>\u00a0Salim Fende Chavez<\/span><br \/>\n<span style=\"font-family: arial, helvetica, sans-serif; font-size: 14pt;\"><strong>Assistentes:<\/strong>\u00a0Luiz Alberto Andrini Nogueira e Robson Ferreira Oliveira<\/span><br \/>\n<span style=\"font-family: arial, helvetica, sans-serif; font-size: 14pt;\"><strong>VAR:<\/strong>\u00a0Adriano de Assis Miranda<\/span><br \/>\n<span style=\"font-family: arial, helvetica, sans-serif; font-size: 14pt;\"><strong>Cart\u00f5es <span style=\"background-color: #ffff00;\">amarelos<\/span>:\u00a0<\/strong>Matheus Salustiano, Alex Alves, Vitinho Mesquita e Rodrigo Souza (S\u00e3o Bernardo)<\/span><br \/>\n<span style=\"font-family: arial, helvetica, sans-serif; font-size: 14pt;\"><strong>Cart\u00f5es <span style=\"background-color: #ffff00;\">amarelos<\/span>: <\/strong>Rodrigo Fern\u00e1ndez, Maicon, Lucas Pires (Santos)<\/span><br \/>\n<span style=\"font-family: arial, helvetica, sans-serif; font-size: 14pt;\"><strong>Gols: <\/strong><strong>S\u00c3O BERNARDO:\u00a0<\/strong>Chrystian Barletta (8&#8242; 1\u00baT)<\/span><br \/>\n<span style=\"font-family: arial, helvetica, sans-serif; font-size: 14pt;\"><strong>Gols: SANTOS:\u00a0<\/strong>Matheus Salustiano (contra) (44&#8242; 2\u00baT)<\/span><\/p>\n<p><span style=\"font-family: arial, helvetica, sans-serif; font-size: 14pt;\"><strong>S\u00c3O BERNARDO:<\/strong>\u00a0Alex Alves; Jeferson (Alex Reinaldo), H\u00e9lder Maciel, Matheus Salustiano, Rafael Vaz e Arthur Henrique; Rodrigo Souza e Vitinho Mesquita (Matheus R\u00e9gis); Chrystian Barletta (Felipe Marques), Jo\u00e3o Carlos (Jhony Douglas) e L\u00e9o Jaba<\/span><br \/>\n<span style=\"font-family: arial, helvetica, sans-serif; font-size: 14pt;\"><strong>T\u00e9cnico:<\/strong>\u00a0M\u00e1rcio Zanardi<\/span><\/p>\n<p><span style=\"font-family: arial, helvetica, sans-serif; font-size: 14pt;\"><strong>SANTOS:<\/strong>\u00a0Jo\u00e3o Paulo; Jo\u00e3o Lucas (Nathan), Maicon, Messias (Bauermann) e Lucas Pires; Dodi, Rodrigo Fern\u00e1ndez (Lucas Braga) e Sandry; \u00c2ngelo (Lucas Barbosa), Marcos Leonardo e Mendoza (Carabajal)<\/span><br \/>\n<span style=\"font-family: arial, helvetica, sans-serif; font-size: 14pt;\"><strong>T\u00e9cnico:<\/strong>\u00a0Odair Hellmann<\/span><\/p>\n<p><span style=\"text-decoration: underline;\"><span style=\"font-family: georgia, palatino, serif; font-size: 14pt;\">Relembre como foi o gol de empate do Santos<\/span><\/span><\/p>\n<div class=\"jetpack-video-wrapper\"><iframe loading=\"lazy\" title=\"S\u00c3O BERNARDO 1 X 1 SANTOS | GOL | PAULIST\u00c3O (22\/01\/23)\" width=\"800\" height=\"450\" src=\"https:\/\/www.youtube.com\/embed\/aZ_ab7Tq0Aw?feature=oembed\" frameborder=\"0\" allow=\"accelerometer; autoplay; clipboard-write; encrypted-media; gyroscope; picture-in-picture; web-share\" allowfullscreen><\/iframe><\/div>\n<p><span style=\"text-decoration: underline;\"><span style=\"font-family: georgia, palatino, serif; font-size: 14pt;\">Acompanhe a Coletiva p\u00f3s jogo<\/span><\/span><\/p>\n<div class=\"jetpack-video-wrapper\"><iframe loading=\"lazy\" title=\"ODAIR HELLMANN E FALC\u00c3O | COLETIVA (22\/01\/23)\" width=\"800\" height=\"450\" src=\"https:\/\/www.youtube.com\/embed\/DLQE5HK6jE0?feature=oembed\" frameborder=\"0\" allow=\"accelerometer; autoplay; clipboard-write; encrypted-media; gyroscope; picture-in-picture; web-share\" allowfullscreen><\/iframe><\/div>\n<p><span style=\"font-family: arial, helvetica, sans-serif; font-size: 14pt;\">(Cr\u00e9dito: Imagem: Ivan Storti\/Divulga\u00e7\u00e3o\/Santos FC)<\/span><br \/>\n<span style=\"font-family: arial, helvetica, sans-serif; font-size: 14pt;\">(Cr\u00e9dito: Imagem: SantosTV\/Divulga\u00e7\u00e3o\/Santos FC)<\/span><\/p>\n","protected":false},"excerpt":{"rendered":"<p>Al\u00f4 Na\u00e7\u00e3o Santista! Sauda\u00e7\u00f5es Alvinegras! Ap\u00f3s dois jogos nos quais mesmo com uma vit\u00f3ria em um deles, o Santos esteve<\/p>\n","protected":false},"author":2,"featured_media":4795,"comment_status":"open","ping_status":"open","sticky":false,"template":"","format":"standard","meta":{"colormag_page_container_layout":"default_layout","colormag_page_sidebar_layout":"default_layout","_jetpack_memberships_contains_paid_content":false,"footnotes":""},"categories":[12,25,10,16],"tags":[6],"class_list":["post-4794","post","type-post","status-publish","format-standard","has-post-thumbnail","hentry","category-analise-e-comentario","category-campeonato-paulista","category-elenco-profissional","category-resenha-do-jogo","tag-santos-fc"],"jetpack_featured_media_url":"https:\/\/i0.wp.com\/sergiobertoldi.com\/wp-content\/uploads\/2023\/01\/52644411077_59b1bb3474_c.jpg?fit=799%2C533&ssl=1","jetpack_likes_enabled":true,"jetpack_sharing_enabled":true,"_links":{"self":[{"href":"https:\/\/sergiobertoldi.com\/index.php\/wp-json\/wp\/v2\/posts\/4794","targetHints":{"allow":["GET"]}}],"collection":[{"href":"https:\/\/sergiobertoldi.com\/index.php\/wp-json\/wp\/v2\/posts"}],"about":[{"href":"https:\/\/sergiobertoldi.com\/index.php\/wp-json\/wp\/v2\/types\/post"}],"author":[{"embeddable":true,"href":"https:\/\/sergiobertoldi.com\/index.php\/wp-json\/wp\/v2\/users\/2"}],"replies":[{"embeddable":true,"href":"https:\/\/sergiobertoldi.com\/index.php\/wp-json\/wp\/v2\/comments?post=4794"}],"version-history":[{"count":2,"href":"https:\/\/sergiobertoldi.com\/index.php\/wp-json\/wp\/v2\/posts\/4794\/revisions"}],"predecessor-version":[{"id":4797,"href":"https:\/\/sergiobertoldi.com\/index.php\/wp-json\/wp\/v2\/posts\/4794\/revisions\/4797"}],"wp:featuredmedia":[{"embeddable":true,"href":"https:\/\/sergiobertoldi.com\/index.php\/wp-json\/wp\/v2\/media\/4795"}],"wp:attachment":[{"href":"https:\/\/sergiobertoldi.com\/index.php\/wp-json\/wp\/v2\/media?parent=4794"}],"wp:term":[{"taxonomy":"category","embeddable":true,"href":"https:\/\/sergiobertoldi.com\/index.php\/wp-json\/wp\/v2\/categories?post=4794"},{"taxonomy":"post_tag","embeddable":true,"href":"https:\/\/sergiobertoldi.com\/index.php\/wp-json\/wp\/v2\/tags?post=4794"}],"curies":[{"name":"wp","href":"https:\/\/api.w.org\/{rel}","templated":true}]}}