{"id":4789,"date":"2023-01-20T00:32:56","date_gmt":"2023-01-20T03:32:56","guid":{"rendered":"https:\/\/sergiobertoldi.com\/?p=4789"},"modified":"2023-01-22T14:22:14","modified_gmt":"2023-01-22T17:22:14","slug":"com-gol-no-apagar-das-luzes-santos-derrota-o-fortaleza-e-esta-nas-semifinais-da-copinha","status":"publish","type":"post","link":"https:\/\/sergiobertoldi.com\/index.php\/2023\/01\/20\/com-gol-no-apagar-das-luzes-santos-derrota-o-fortaleza-e-esta-nas-semifinais-da-copinha\/","title":{"rendered":"Com gol no apagar das luzes, Santos derrota o Fortaleza e est\u00e1 nas Semifinais da Copinha"},"content":{"rendered":"<p><span style=\"font-family: helvetica, arial, sans-serif; font-size: 14pt;\"><strong><u>Al\u00f4 Na\u00e7\u00e3o Santista! Sauda\u00e7\u00f5es Alvinegras!<\/u><\/strong><\/span><\/p>\n<p style=\"text-align: justify;\"><span style=\"font-family: arial, helvetica, sans-serif; font-size: 14pt;\">N\u00e3o era um jantar a \u201cLuz de Velas\u201d, mas podemos dizer que Santos e Fortaleza, disputaram o direito de ser \u201cSemifinalista\u201d da Copa S\u00e3o Paulo de Juniores 2023\u201d, jogando literalmente: A \u201cMeia Luz\u201d<\/span><\/p>\n<p style=\"text-align: justify;\"><span style=\"font-family: arial, helvetica, sans-serif; font-size: 14pt;\">Pouco tempo antes da partida entre Santos e Fortaleza come\u00e7ar, um problema em uma das quatro torres de ilumina\u00e7\u00e3o do est\u00e1dio Bruno Jos\u00e9 Daniel, fez com que o confronto come\u00e7asse com praticamente 50 minutos de atraso.<\/span><\/p>\n<p style=\"text-align: justify;\"><span style=\"font-family: arial, helvetica, sans-serif; font-size: 14pt;\">Mesmo com a diminui\u00e7\u00e3o da ilumina\u00e7\u00e3o em parte do gramado, afetando principalmente uma das metas, houve um impasse inicial porque os jogadores de linha queriam o in\u00edcio da partida! J\u00e1 os goleiros, n\u00e3o.<\/span><br \/>\n<span style=\"font-family: arial, helvetica, sans-serif; font-size: 14pt;\">Sem condi\u00e7\u00f5es para uma outra data para marcar uma nova partida, o trio de arbitragem optou por aguardar os 30 minutos regulamentares, procedimento adotado quando h\u00e1 falta de energia nos Est\u00e1dios, e ap\u00f3s esse per\u00edodo, mesmo sem a torre de ilumina\u00e7\u00e3o ter sido ligada novamente, o trio de Arbitragem consultou as duas equipes, que em comum acordo decidiram por come\u00e7ar o jogo, por\u00e9m com uma condi\u00e7\u00e3o solicitada pelo Fortaleza, de que n\u00e3o religassem a torre caso ela fosse consertada, j\u00e1 que defenderiam durante todo o primeiro tempo, jogando pelo lado do campo onde estava o refletor apagado. Feito isso, tudo pronto e Santos e Fortaleza foram para o embate!<\/span><\/p>\n<p style=\"text-align: justify;\"><span style=\"font-family: arial, helvetica, sans-serif; font-size: 14pt;\">Jogando em Santo Andr\u00e9, (Sua casa nessa Copinha), de onde saiu apenas uma vez, quando enfrentou o \u201c\u00c1gua Santa\u201d no Est\u00e1dio Jos\u00e9 Batista Pereira Fernandes, em Diadema, o Alvinegro Praiano come\u00e7ou jogando melhor, tendo inclusive desperdi\u00e7ado uma excelente oportunidade logo aos dez minutos de jogo com o ponta Fernandinho. Novamente aos 22, o Santos chegou com perigo, desta vez com Ivonei finalizando forte para boa defesa do goleiro do Fortaleza, que mandou para escanteio.<\/span><br \/>\n<span style=\"font-family: arial, helvetica, sans-serif; font-size: 14pt;\">Por\u00e9m, o Le\u00e3o do Pici cresceu, acertou a marca\u00e7\u00e3o, e passou a levar perigo para a meta Santista, primeiro com uma bola na trave do jogador Amorim e depois em jogada de lan\u00e7amento em profundidade, Riquelme quase marcou, ap\u00f3s sair cara a cara com o Goleiro do peixe que saiu bem do gol praticando a defesa.<\/span><\/p>\n<p style=\"text-align: justify;\"><span style=\"font-family: arial, helvetica, sans-serif; font-size: 14pt;\">ap\u00f3s o intervalo o fortaleza voltou melhor para a segunda etapa e logo no in\u00edcio do segundo tempo, abriu o placar com o camisa 10 que subiu sozinho na \u00e1rea para mandar a bola pro fundo da rede.\u00a0 Os meninos da Vila n\u00e3o se deixaram abater, foram para cima do advers\u00e1rio e empataram a partida logo na sequ\u00eancia, com Thiago Balieiro, fazendo de cabe\u00e7a ap\u00f3s cobran\u00e7a de escanteio, o tento da igualdade Santista!<\/span><br \/>\n<span style=\"font-family: arial, helvetica, sans-serif; font-size: 14pt;\">Faltando apenas dois minutos para o fim da partida, uma segunda torre de ilumina\u00e7\u00e3o do est\u00e1dio apagou, com o jogo sendo novamente paralisado! Ap\u00f3s 16 minutos o problema foi resolvido, a partida recome\u00e7ou com o\u00a0 \u00e1rbitro assinalando cinco minutos de acr\u00e9scimo!<\/span><\/p>\n<p style=\"text-align: justify;\"><span style=\"font-family: arial, helvetica, sans-serif; font-size: 14pt;\">Quando tudo levava a crer que a decis\u00e3o da vaga as semifinais, seria decidida nos p\u00eanaltis, no \u00faltimo lance da partida, o camisa 8 Ivonei recebeu um cruzamento da esquerda dado por Diogo Correia, e de peixinho cabeceou a bola pro fundo do gol, decretando a virada do Peixe no placar, colocando o Santos nas semifinais da Copinha.<\/span><\/p>\n<p><strong><span style=\"text-decoration: underline;\"><span style=\"font-family: georgia, palatino, serif; font-size: 14pt;\">Acompanhe os gols do Santos<\/span><\/span><\/strong><\/p>\n<div class=\"jetpack-video-wrapper\"><iframe loading=\"lazy\" title=\"SANTOS 2 X 1 FORTALEZA | GOLS | COPINHA (19\/01\/23)\" width=\"800\" height=\"450\" src=\"https:\/\/www.youtube.com\/embed\/abFWrn-HRyQ?feature=oembed\" frameborder=\"0\" allow=\"accelerometer; autoplay; clipboard-write; encrypted-media; gyroscope; picture-in-picture; web-share\" allowfullscreen><\/iframe><\/div>\n<p style=\"text-align: justify;\"><span style=\"font-family: arial, helvetica, sans-serif; font-size: 14pt;\">O Alvinegro de Vila Belmiro ir\u00e1 enfrentar no pr\u00f3ximo domingo (22),com hor\u00e1rio ainda indefinido, o Am\u00e9rica-MG, por coincid\u00eancia o mesmo advers\u00e1rio que enfrentou na semifinal do ano passado<\/span><\/p>\n<p style=\"text-align: justify;\">\n<p style=\"text-align: justify;\"><span style=\"font-family: arial, helvetica, sans-serif; font-size: 14pt;\">(Cr\u00e9dito: Imagem: Ivan Storti\/Divulga\u00e7\u00e3o\/Santos FC)<\/span><br \/>\n<span style=\"font-family: arial, helvetica, sans-serif; font-size: 14pt;\">(Cr\u00e9dito: Imagem: SantosTV\/Divulga\u00e7\u00e3o\/Santos FC)<\/span><\/p>\n<p style=\"text-align: justify;\">\n","protected":false},"excerpt":{"rendered":"<p>Al\u00f4 Na\u00e7\u00e3o Santista! Sauda\u00e7\u00f5es Alvinegras! N\u00e3o era um jantar a \u201cLuz de Velas\u201d, mas podemos dizer que Santos e Fortaleza,<\/p>\n","protected":false},"author":2,"featured_media":4790,"comment_status":"open","ping_status":"open","sticky":false,"template":"","format":"standard","meta":{"colormag_page_container_layout":"default_layout","colormag_page_sidebar_layout":"default_layout","_jetpack_memberships_contains_paid_content":false,"footnotes":""},"categories":[7,27],"tags":[6],"class_list":["post-4789","post","type-post","status-publish","format-standard","has-post-thumbnail","hentry","category-base-santista","category-copa-sao-paulo-de-juniores","tag-santos-fc"],"jetpack_featured_media_url":"https:\/\/i0.wp.com\/sergiobertoldi.com\/wp-content\/uploads\/2023\/01\/52638647604_8d0ea55d7e_c.jpg?fit=800%2C534&ssl=1","jetpack_likes_enabled":true,"jetpack_sharing_enabled":true,"_links":{"self":[{"href":"https:\/\/sergiobertoldi.com\/index.php\/wp-json\/wp\/v2\/posts\/4789","targetHints":{"allow":["GET"]}}],"collection":[{"href":"https:\/\/sergiobertoldi.com\/index.php\/wp-json\/wp\/v2\/posts"}],"about":[{"href":"https:\/\/sergiobertoldi.com\/index.php\/wp-json\/wp\/v2\/types\/post"}],"author":[{"embeddable":true,"href":"https:\/\/sergiobertoldi.com\/index.php\/wp-json\/wp\/v2\/users\/2"}],"replies":[{"embeddable":true,"href":"https:\/\/sergiobertoldi.com\/index.php\/wp-json\/wp\/v2\/comments?post=4789"}],"version-history":[{"count":1,"href":"https:\/\/sergiobertoldi.com\/index.php\/wp-json\/wp\/v2\/posts\/4789\/revisions"}],"predecessor-version":[{"id":4791,"href":"https:\/\/sergiobertoldi.com\/index.php\/wp-json\/wp\/v2\/posts\/4789\/revisions\/4791"}],"wp:featuredmedia":[{"embeddable":true,"href":"https:\/\/sergiobertoldi.com\/index.php\/wp-json\/wp\/v2\/media\/4790"}],"wp:attachment":[{"href":"https:\/\/sergiobertoldi.com\/index.php\/wp-json\/wp\/v2\/media?parent=4789"}],"wp:term":[{"taxonomy":"category","embeddable":true,"href":"https:\/\/sergiobertoldi.com\/index.php\/wp-json\/wp\/v2\/categories?post=4789"},{"taxonomy":"post_tag","embeddable":true,"href":"https:\/\/sergiobertoldi.com\/index.php\/wp-json\/wp\/v2\/tags?post=4789"}],"curies":[{"name":"wp","href":"https:\/\/api.w.org\/{rel}","templated":true}]}}