{"id":4780,"date":"2023-01-14T22:10:47","date_gmt":"2023-01-15T01:10:47","guid":{"rendered":"https:\/\/sergiobertoldi.com\/?p=4780"},"modified":"2023-01-17T00:12:01","modified_gmt":"2023-01-17T03:12:01","slug":"santos-estreia-na-temporada-2023-vencendo-de-virada-o-mirassol-na-vila-belmiro","status":"publish","type":"post","link":"https:\/\/sergiobertoldi.com\/index.php\/2023\/01\/14\/santos-estreia-na-temporada-2023-vencendo-de-virada-o-mirassol-na-vila-belmiro\/","title":{"rendered":"Santos estreia na temporada 2023 vencendo de virada o Mirassol na Vila Belmiro"},"content":{"rendered":"<p><span style=\"font-family: helvetica, arial, sans-serif; font-size: 14pt;\"><strong><u>Al\u00f4 Na\u00e7\u00e3o Santista! Sauda\u00e7\u00f5es Alvinegras!<\/u><\/strong><\/span><\/p>\n<p style=\"text-align: justify;\"><span style=\"font-family: arial, helvetica, sans-serif; font-size: 14pt;\">Ap\u00f3s exatos 30 dias de pr\u00e9-temporada, o torcedor Santista pode enfim matar a saudade de ver seu time do cora\u00e7\u00e3o, em campo novamente!<\/span><br \/>\n<span style=\"font-family: arial, helvetica, sans-serif; font-size: 14pt;\">O Santos recebeu o Mirassol, neste s\u00e1bado (<strong>14<\/strong>), \u00e0s <strong>20h30<\/strong> (de Bras\u00edlia), em noite especial que ficou marcada n\u00e3o apenas por se tratar da estreia do Peixe no Campeonato Paulista, mas tamb\u00e9m por uma serie de homenagens ao Rei Pel\u00e9, naquela que foi a primeira partida na Vila Belmiro, desde a morte de Pel\u00e9 em dezembro do ano passado.<\/span><\/p>\n<p style=\"text-align: justify;\"><span style=\"font-family: arial, helvetica, sans-serif; font-size: 14pt;\">\u00c9 preciso destacar o trabalho impec\u00e1vel e emocionante, que o Santos Futebol Clube atrav\u00e9s de seu Presidente Andres Rueda e sua Diretoria, prepararam para as homenagens ao maior jogador da hist\u00f3ria do futebol mundial.<\/span><br \/>\n<span style=\"font-family: arial, helvetica, sans-serif; font-size: 14pt;\">Para que as homenagens programadas, pudessem ter o lindo e emocionante visual que os leitores poder\u00e3o ver em um v\u00eddeo mais abaixo, a diretoria do Santos solicitou mudan\u00e7a do hor\u00e1rio da partida, inicialmente marcada para as <strong>18h30<\/strong> (de Bras\u00edlia).<\/span><\/p>\n<p style=\"text-align: justify;\"><span style=\"font-family: arial, helvetica, sans-serif; font-size: 14pt;\">Antes da partida, todas as luzes do est\u00e1dio foram apagadas, deixando a Vila Belmiro totalmente no escuro.<br \/>\n<\/span><span style=\"font-family: arial, helvetica, sans-serif; font-size: 14pt;\">Neste momento os torcedores presentes em toda Vila Belmiro, deram um Show a parte, quando ligaram as lanternas de seus celulares, iluminando Urbano Caldeira, a casa do Rei Pel\u00e9!<br \/>\n<\/span><span style=\"font-family: arial, helvetica, sans-serif; font-size: 14pt;\">Luzes de LED desenharam as riscas, (Marca\u00e7\u00f5es do Gramado).<br \/>\n<\/span><span style=\"font-family: arial, helvetica, sans-serif; font-size: 14pt;\">Laseres desenharam no gramado, de um lado a assinatura do Rei, como se fosse um aut\u00f3grafo gigante! A silhueta do gesto de comemora\u00e7\u00e3o do famoso soco no ar de Pel\u00e9, e os dizeres &#8216;1940 \u2013 e o desenho do s\u00edmbolo de infinito! Do outro lado, formaram uma Coroa de Rei.<\/span><\/p>\n<p style=\"text-align: justify;\"><span style=\"font-family: arial, helvetica, sans-serif; font-size: 14pt;\">Com o campo completamente as escuras, uma canh\u00e3o de luz foi aceso com um foco iluminando apenas o centro do gramado, local onde havia um lindo \u201cTrono\u201d.<br \/>\n<\/span><span style=\"font-family: arial, helvetica, sans-serif; font-size: 14pt;\">Em seguida os ex companheiros de Pel\u00e9, eternos craques do passado, <strong>Manoel Maria<\/strong>, <strong>Clodoaldo<\/strong>, <strong>Edu<\/strong> e <strong>Lima<\/strong>, adentraram ao gramado da Vila Belmiro com <strong>Manoel Maria<\/strong>, amigo e compadre do Rei, vindo ao centro rodeado dos demais, carregando uma enorme coroa, que foi colocada no trono.<\/span><\/p>\n<p style=\"text-align: justify;\"><span style=\"font-family: arial, helvetica, sans-serif; font-size: 14pt;\">\u00a0Com o Trono do Rei Pel\u00e9 ao centro do gramado, de cada lado do campo foram estendidos dois bandeir\u00f5es com a imagem Pel\u00e9, um com a camisa do Santos e o outro com da Sele\u00e7\u00e3o Brasileira. Da arquibancada, tamb\u00e9m foi estendido de cima a baixo, um bandeir\u00e3o em uma das laterais!<\/span><br \/>\n<span style=\"font-family: arial, helvetica, sans-serif; font-size: 14pt;\">Um dos momentos mais marcantes, mais emocionantes e que certamente ficar\u00e3o na mem\u00f3ria dos <strong>13.152<\/strong> que estiveram presentes na Vila Belmiro na noite de <strong>14<\/strong> de <strong>Janeiro<\/strong> de <strong>2023<\/strong>, foi quando com os jogadores perfilados formando dois c\u00edrculos no centro do gramado durante o minuto de sil\u00eancio respeitado antes do in\u00edcio da partida, viram <strong>1.283<\/strong> bal\u00f5es brancos, quantidade alusiva ao n\u00famero de gols assinalados por Pel\u00e9 em sua carreira, tomaram conta do C\u00e9u de Vila Belmiro! Uma das cenas mais lindas e emocionantes de toda a homenagem!<br \/>\n<strong>M\u00e1rcia Aoki<\/strong>, esposa e vi\u00fava de Edson Arantes do Nascimento, estava presente na Vila Belmiro, e do camarote da presid\u00eancia, acompanhou todas as homenagens ao lado do Presidente do Santos, <strong>Andres Rueda<\/strong>.<\/span><br \/>\n<span style=\"font-family: arial, helvetica, sans-serif; font-size: 14pt;\">Depois que a partida com o Mirassol foi iniciada, mais comemora\u00e7\u00f5es! Quando a partida chegou aos <strong>10 <\/strong>minutos, foi interrompida com a bola retornando ao centro do gramado onde foi dada nova sa\u00edda como homenagem tamb\u00e9m.<\/span><\/p>\n<div class=\"jetpack-video-wrapper\"><iframe loading=\"lazy\" title=\"\u00c9 EMO\u00c7\u00c3O PURA! VEJA A LINDA HOMENAGEM A PEL\u00c9 NA CERIM\u00d4NIA DE ABERTURA DO JOGO DO SANTOS!\" width=\"800\" height=\"450\" src=\"https:\/\/www.youtube.com\/embed\/BD0aCMNMG9w?start=83&#038;feature=oembed\" frameborder=\"0\" allow=\"accelerometer; autoplay; clipboard-write; encrypted-media; gyroscope; picture-in-picture; web-share\" allowfullscreen><\/iframe><\/div>\n<p style=\"text-align: justify;\"><span style=\"font-family: arial, helvetica, sans-serif; font-size: 14pt;\"><strong><u>PITACOS DO BERTOLDI<\/u><\/strong><\/span><\/p>\n<p style=\"text-align: justify;\"><span style=\"font-family: arial, helvetica, sans-serif; font-size: 14pt;\">Agora vamos falar especificamente da partida, e de como foi a estreia do Santos na temporada 2023.<\/span><\/p>\n<p style=\"text-align: justify;\"><span style=\"font-family: arial, helvetica, sans-serif; font-size: 14pt;\">Passada a emo\u00e7\u00e3o das homenagens antes da partida, a verdade \u00e9 que o futebol mostrado pelo Santos no momento em que a bola rolou para valer, foi no m\u00ednimo \u201cDecepcionante\u201d.<br \/>\n<\/span><span style=\"font-family: arial, helvetica, sans-serif; font-size: 14pt;\">Mesmo tendo sido o treinador, que de todos que passaram pela gest\u00e3o atual, foi o que mais tempo teve para trabalhar o elenco antes de sua estreia no comando da equipe, a verdade \u00e9 que se havia por parte do torcedor santista, a expectativa de ver um Santos diferente do que terminou <strong>2022<\/strong> de forma melanc\u00f3lica, derrotado pelo Fortaleza em plena Vila Belmiro na \u00faltima rodada do Brasileir\u00e3o 2022, o que viu foi um time mostrando ainda que com \u201cCaras diferentes\u201d, as mesmas falhas e defici\u00eancias na marca\u00e7\u00e3o e no sistema defensivo.<\/span><\/p>\n<p style=\"text-align: justify;\"><span style=\"font-family: arial, helvetica, sans-serif; font-size: 14pt;\">Desde o in\u00edcio do jogo, o Alvinegro Praiano foi amplamente dominado pelo time do interior! O Mirassol tinha muito mais iniciativa ofensiva e posse de bola, do que os donos da casa que corriam atr\u00e1s do advers\u00e1rio!<br \/>\n<\/span><span style=\"font-family: arial, helvetica, sans-serif; font-size: 14pt;\">Ainda assim, apesar de sair inferiorizado no placar, o Santos comandado pelo t\u00e9cnico <strong>Odair Hellmann,<\/strong> se n\u00e3o apresentou um futebol empolgante, ao menos mostrou muita vontade e determina\u00e7\u00e3o para buscar a virada no placar!<br \/>\n<\/span><span style=\"font-family: arial, helvetica, sans-serif; font-size: 14pt;\">O 11 Santista formou com: <strong>Jo\u00e3o Paulo<\/strong>; <strong>Jo\u00e3o Lucas<\/strong>, <strong>Maicon<\/strong>, <strong>Eduardo Bauermann<\/strong>, <strong>Lucas Pires<\/strong>; <strong>Dodi<\/strong>, <strong>Vin\u00edcius Zanocelo<\/strong>, <strong>Soteldo<\/strong>; <strong>\u00c2ngelo<\/strong>, <strong>Marcos Leonardo<\/strong> e <strong>Mendoza<\/strong>.<\/span><\/p>\n<p style=\"text-align: justify;\"><span style=\"font-family: arial, helvetica, sans-serif; font-size: 14pt;\">Determinados a encerrar a partida de estreia no Paulist\u00e3o, com uma vit\u00f3ria de virada, de maneira a honrar a noite especial de homenagens para o Rei do Futebol, foram dos p\u00e9s de dois garotos, Marcos Leonardo, e Lucas Braga, que sa\u00edram os gols da vit\u00f3ria que marcou a rea\u00e7\u00e3o santista.<\/span><\/p>\n<p style=\"text-align: justify;\"><span style=\"font-family: arial, helvetica, sans-serif; font-size: 14pt;\">Com essa vit\u00f3ria, o Santos que est\u00e1 no <strong>Grupo \u201cA<\/strong>\u201d, ao lado de <strong>Botafogo-SP<\/strong>, <strong>RB Bragantino<\/strong> e <strong>Inter de Limeira<\/strong>, inicia o Paulist\u00e3o com tr\u00eas pontos!<br \/>\n<\/span><span style=\"font-family: arial, helvetica, sans-serif; font-size: 14pt;\">O Peixe volta a campo na quarta-feira (<strong>18<\/strong>), diante do <strong>Guarani<\/strong>, em Campinas, \u00e0s <strong>21h35<\/strong>.<\/span><\/p>\n<p style=\"text-align: justify;\"><span style=\"text-decoration: underline;\"><span style=\"font-family: georgia, palatino, serif; font-size: 14pt;\">Acompanhe a coletiva do t\u00e9cnico Odair Hellmann<\/span><\/span><\/p>\n<div class=\"jetpack-video-wrapper\"><iframe loading=\"lazy\" title=\"ODAIR HELLMANN | COLETIVA (14\/01\/23)\" width=\"800\" height=\"450\" src=\"https:\/\/www.youtube.com\/embed\/kweI0P7O9f4?feature=oembed\" frameborder=\"0\" allow=\"accelerometer; autoplay; clipboard-write; encrypted-media; gyroscope; picture-in-picture; web-share\" allowfullscreen><\/iframe><\/div>\n<div class=\"jetpack-video-wrapper\"><iframe loading=\"lazy\" title=\"SANTOS 2 X 1 MIRASSOL | MELHORES MOMENTOS | 1\u00aa RODADA | FASE DE GRUPOS |\u00a0PAULIST\u00c3O\u00a02023\" width=\"800\" height=\"450\" src=\"https:\/\/www.youtube.com\/embed\/Rw2Vjp_7Aco?feature=oembed\" frameborder=\"0\" allow=\"accelerometer; autoplay; clipboard-write; encrypted-media; gyroscope; picture-in-picture; web-share\" allowfullscreen><\/iframe><\/div>\n<p style=\"text-align: justify;\"><span style=\"font-family: arial, helvetica, sans-serif; font-size: 14pt;\">(Cr\u00e9dito: Imagem: Ivan Storti\/Divulga\u00e7\u00e3o\/Santos FC)<br \/>\n<\/span><span style=\"font-family: arial, helvetica, sans-serif; font-size: 14pt;\">(Cr\u00e9dito: Imagem: SantosTV\/Divulga\u00e7\u00e3o\/Santos FC)<br \/>\n<\/span><span style=\"font-family: arial, helvetica, sans-serif; font-size: 14pt;\">(Cr\u00e9dito: Imagem: Paulist\u00e3onoyoutube)<\/span><\/p>\n","protected":false},"excerpt":{"rendered":"<p>Al\u00f4 Na\u00e7\u00e3o Santista! Sauda\u00e7\u00f5es Alvinegras! Ap\u00f3s exatos 30 dias de pr\u00e9-temporada, o torcedor Santista pode enfim matar a saudade de<\/p>\n","protected":false},"author":2,"featured_media":4781,"comment_status":"open","ping_status":"open","sticky":false,"template":"","format":"standard","meta":{"colormag_page_container_layout":"default_layout","colormag_page_sidebar_layout":"default_layout","_jetpack_memberships_contains_paid_content":false,"footnotes":""},"categories":[12,25,35,10,19],"tags":[6],"class_list":["post-4780","post","type-post","status-publish","format-standard","has-post-thumbnail","hentry","category-analise-e-comentario","category-campeonato-paulista","category-edicao-especial","category-elenco-profissional","category-homenagem-a-historia","tag-santos-fc"],"jetpack_featured_media_url":"https:\/\/i0.wp.com\/sergiobertoldi.com\/wp-content\/uploads\/2023\/01\/fmeixhgwiaiuu79-1673747179170.jpg?fit=1280%2C853&ssl=1","jetpack_likes_enabled":true,"jetpack_sharing_enabled":true,"_links":{"self":[{"href":"https:\/\/sergiobertoldi.com\/index.php\/wp-json\/wp\/v2\/posts\/4780","targetHints":{"allow":["GET"]}}],"collection":[{"href":"https:\/\/sergiobertoldi.com\/index.php\/wp-json\/wp\/v2\/posts"}],"about":[{"href":"https:\/\/sergiobertoldi.com\/index.php\/wp-json\/wp\/v2\/types\/post"}],"author":[{"embeddable":true,"href":"https:\/\/sergiobertoldi.com\/index.php\/wp-json\/wp\/v2\/users\/2"}],"replies":[{"embeddable":true,"href":"https:\/\/sergiobertoldi.com\/index.php\/wp-json\/wp\/v2\/comments?post=4780"}],"version-history":[{"count":2,"href":"https:\/\/sergiobertoldi.com\/index.php\/wp-json\/wp\/v2\/posts\/4780\/revisions"}],"predecessor-version":[{"id":4783,"href":"https:\/\/sergiobertoldi.com\/index.php\/wp-json\/wp\/v2\/posts\/4780\/revisions\/4783"}],"wp:featuredmedia":[{"embeddable":true,"href":"https:\/\/sergiobertoldi.com\/index.php\/wp-json\/wp\/v2\/media\/4781"}],"wp:attachment":[{"href":"https:\/\/sergiobertoldi.com\/index.php\/wp-json\/wp\/v2\/media?parent=4780"}],"wp:term":[{"taxonomy":"category","embeddable":true,"href":"https:\/\/sergiobertoldi.com\/index.php\/wp-json\/wp\/v2\/categories?post=4780"},{"taxonomy":"post_tag","embeddable":true,"href":"https:\/\/sergiobertoldi.com\/index.php\/wp-json\/wp\/v2\/tags?post=4780"}],"curies":[{"name":"wp","href":"https:\/\/api.w.org\/{rel}","templated":true}]}}