{"id":4767,"date":"2023-01-15T13:00:25","date_gmt":"2023-01-15T16:00:25","guid":{"rendered":"https:\/\/sergiobertoldi.com\/?p=4767"},"modified":"2023-01-15T22:38:58","modified_gmt":"2023-01-16T01:38:58","slug":"santos-vence-o-bahia-e-conquista-classificacao-as-oitavas-de-final-da-copa-sao-paulo","status":"publish","type":"post","link":"https:\/\/sergiobertoldi.com\/index.php\/2023\/01\/15\/santos-vence-o-bahia-e-conquista-classificacao-as-oitavas-de-final-da-copa-sao-paulo\/","title":{"rendered":"Santos vence o Bahia e conquista classifica\u00e7\u00e3o \u00e0s oitavas de final da Copa S\u00e3o Paulo"},"content":{"rendered":"<p><span style=\"font-family: helvetica, arial, sans-serif; font-size: 14pt;\"><strong><u>Al\u00f4 Na\u00e7\u00e3o Santista! Sauda\u00e7\u00f5es Alvinegras!<\/u><\/strong><\/span><\/p>\n<p style=\"text-align: justify;\"><span style=\"font-family: arial, helvetica, sans-serif; font-size: 14pt;\">Com direito a goleada e um futebol que fez o Santos ser conhecido no mundo inteiro, o Meninos da Vila conquistaram sob um sol escaldante na manh\u00e3 desse domingo (15), sua classifica\u00e7\u00e3o \u00e0s oitavas de final da Copa S\u00e3o Paulo de Futebol J\u00fanior, ao bater a equipe do Bahia, pelo placar de 4 a 0.<\/span><br \/>\n<span style=\"font-family: arial, helvetica, sans-serif; font-size: 14pt;\">Com gols assinalados por <strong>Ivonei<\/strong> (2x), <strong>Deivid<\/strong> e <strong>Wesley Patati<\/strong>, os \u201cPeixinhos da Vila\u201d n\u00e3o tomaram conhecimento nem do time do Bahia, nem do absurdo que foi jogar uma partida decisiva com garotos de 17, 18 anos, \u00e0s <strong>10h30<\/strong>, no est\u00e1dio <strong>Bruno Jos\u00e9 Daniel<\/strong>, em Santo Andr\u00e9.<\/span><\/p>\n<p style=\"text-align: justify;\"><span style=\"font-family: arial, helvetica, sans-serif; font-size: 14pt;\">Superior em toda a partida, principalmente no primeiro tempo quando praticamente definiu o placar a seu favor, o Santos contou com uma grande atua\u00e7\u00e3o de todo o time, que parecia inspirado pelas lindas cenas das homenagens que na noite anterior, (S\u00e1bado), ocorreram na Vila Belmiro para o Rei Pel\u00e9!<\/span><\/p>\n<p style=\"text-align: justify;\"><span style=\"font-family: arial, helvetica, sans-serif; font-size: 14pt;\">Dos quatro gols marcados pelos meninos do Peixe, dois podem ser considerados verdadeiras pinturas: O segundo marcado pelo ponta camisa 23 <strong>Wesley Patati<\/strong>, e o quarto e \u00faltimo, assinalado pelo meia camisa 8 <strong>Ivonei<\/strong>, atleta que teve uma grande atua\u00e7\u00e3o, sendo coroado com um gola\u00e7o daqueles rar\u00edssimos, que nem o Rei Pel\u00e9 consegui fazer.<\/span><\/p>\n<p style=\"text-align: justify;\"><span style=\"font-family: arial, helvetica, sans-serif; font-size: 14pt;\"><u>Confira abaixo\u00a0 <\/u><\/span><\/p>\n<div class=\"jetpack-video-wrapper\"><iframe loading=\"lazy\" title=\"SANTOS 4 X 0 BAHIA | GOLS | COPINHA (15\/01\/23)\" width=\"800\" height=\"450\" src=\"https:\/\/www.youtube.com\/embed\/dUMTaJ4s3l0?feature=oembed\" frameborder=\"0\" allow=\"accelerometer; autoplay; clipboard-write; encrypted-media; gyroscope; picture-in-picture; web-share\" allowfullscreen><\/iframe><\/div>\n<blockquote>\n<p style=\"text-align: justify;\"><span style=\"font-family: arial, helvetica, sans-serif; font-size: 14pt;\">Dedico a ele (Pel\u00e9) esse gol. N\u00f3s perdemos um \u00eddolo e uma refer\u00eancia no futebol. Creio que de onde ele estiver, est\u00e1 muito feliz. Venho tentando todo jogo, olho sempre os goleiros e tento fazer a cobertura. No primeiro tempo tentei e errei, mas na segunda vez vi que o Tiago estava adiantado e consegui fazer o gol&#8221;, disse Ivonei<\/span><\/p>\n<\/blockquote>\n<p style=\"text-align: justify;\"><span style=\"font-family: arial, helvetica, sans-serif; font-size: 14pt;\">Na segunda etapa, com o cansa\u00e7o e o calor excessivo devido ao forte sol, era natural que o Santos j\u00e1 com 3 x 0 no placar, tratasse de controlar a vantagem constru\u00edda na primeira etapa e foi o que aconteceu!<\/span><br \/>\n<span style=\"font-family: arial, helvetica, sans-serif; font-size: 14pt;\">Como a equipe do Bahia n\u00e3o conseguia chegar ao gol do peixe e n\u00e3o levava perigo algum a meta do goleiro Edu Ara\u00fajo, mesmo poupando energia e administrando o resultado, o garoto <strong>Ivonei<\/strong> anotou o quarto gol, uma pintura materializada em um chute de muita felicidade, numa batida na bola ainda no pr\u00f3prio campo de Santos, bem antes do c\u00edrculo central do meio de campo, um gola\u00e7o da joia santista na Copinha, gol que certamente ser\u00e1 o vencedor como gol mais bonito da competi\u00e7\u00e3o!<\/span><\/p>\n<p style=\"text-align: justify;\"><span style=\"font-family: arial, helvetica, sans-serif; font-size: 14pt;\">O Santos agora espera o vencedor do confronto entre <strong>Atl\u00e9tico-MG<\/strong> e <strong>\u00c1gua Santa<\/strong>, para conhecer seu advers\u00e1rio das oitavas de finais da Copinha. Os dois times se enfrentam \u00e0s <strong>15 h<\/strong> (de Bras\u00edlia), em Diadema.<\/span><\/p>\n<p style=\"text-align: justify;\"><span style=\"font-family: arial, helvetica, sans-serif; font-size: 14pt;\">(Cr\u00e9dito: Imagem: Ivan Storti\/Divulga\u00e7\u00e3o\/Santos FC)<\/span><br \/>\n<span style=\"font-family: arial, helvetica, sans-serif; font-size: 14pt;\">(Cr\u00e9dito: Imagem: SantosTV\/Divulga\u00e7\u00e3o\/Santos FC)<\/span><\/p>\n","protected":false},"excerpt":{"rendered":"<p>Al\u00f4 Na\u00e7\u00e3o Santista! Sauda\u00e7\u00f5es Alvinegras! Com direito a goleada e um futebol que fez o Santos ser conhecido no mundo<\/p>\n","protected":false},"author":2,"featured_media":4768,"comment_status":"open","ping_status":"open","sticky":false,"template":"","format":"standard","meta":{"colormag_page_container_layout":"default_layout","colormag_page_sidebar_layout":"default_layout","_jetpack_memberships_contains_paid_content":false,"footnotes":""},"categories":[7,27],"tags":[6],"class_list":["post-4767","post","type-post","status-publish","format-standard","has-post-thumbnail","hentry","category-base-santista","category-copa-sao-paulo-de-juniores","tag-santos-fc"],"jetpack_featured_media_url":"https:\/\/i0.wp.com\/sergiobertoldi.com\/wp-content\/uploads\/2023\/01\/52629768338_1531caee79_c.jpg?fit=800%2C533&ssl=1","jetpack_likes_enabled":true,"jetpack_sharing_enabled":true,"_links":{"self":[{"href":"https:\/\/sergiobertoldi.com\/index.php\/wp-json\/wp\/v2\/posts\/4767","targetHints":{"allow":["GET"]}}],"collection":[{"href":"https:\/\/sergiobertoldi.com\/index.php\/wp-json\/wp\/v2\/posts"}],"about":[{"href":"https:\/\/sergiobertoldi.com\/index.php\/wp-json\/wp\/v2\/types\/post"}],"author":[{"embeddable":true,"href":"https:\/\/sergiobertoldi.com\/index.php\/wp-json\/wp\/v2\/users\/2"}],"replies":[{"embeddable":true,"href":"https:\/\/sergiobertoldi.com\/index.php\/wp-json\/wp\/v2\/comments?post=4767"}],"version-history":[{"count":2,"href":"https:\/\/sergiobertoldi.com\/index.php\/wp-json\/wp\/v2\/posts\/4767\/revisions"}],"predecessor-version":[{"id":4770,"href":"https:\/\/sergiobertoldi.com\/index.php\/wp-json\/wp\/v2\/posts\/4767\/revisions\/4770"}],"wp:featuredmedia":[{"embeddable":true,"href":"https:\/\/sergiobertoldi.com\/index.php\/wp-json\/wp\/v2\/media\/4768"}],"wp:attachment":[{"href":"https:\/\/sergiobertoldi.com\/index.php\/wp-json\/wp\/v2\/media?parent=4767"}],"wp:term":[{"taxonomy":"category","embeddable":true,"href":"https:\/\/sergiobertoldi.com\/index.php\/wp-json\/wp\/v2\/categories?post=4767"},{"taxonomy":"post_tag","embeddable":true,"href":"https:\/\/sergiobertoldi.com\/index.php\/wp-json\/wp\/v2\/tags?post=4767"}],"curies":[{"name":"wp","href":"https:\/\/api.w.org\/{rel}","templated":true}]}}