{"id":4760,"date":"2023-01-07T17:15:25","date_gmt":"2023-01-07T20:15:25","guid":{"rendered":"https:\/\/sergiobertoldi.com\/?p=4760"},"modified":"2023-01-12T21:19:54","modified_gmt":"2023-01-13T00:19:54","slug":"com-gols-de-patati-e-ivonei-santos-vence-o-falcon-se-por-2-a-0-e-garante-classificacao-antecipada-para-a-fase-de-mata-mata-da-copinha","status":"publish","type":"post","link":"https:\/\/sergiobertoldi.com\/index.php\/2023\/01\/07\/com-gols-de-patati-e-ivonei-santos-vence-o-falcon-se-por-2-a-0-e-garante-classificacao-antecipada-para-a-fase-de-mata-mata-da-copinha\/","title":{"rendered":"Com gols de Patati e Ivonei Santos vence o Falcon-SE por 2 a 0 e garante classifica\u00e7\u00e3o antecipada para a fase de mata-mata da Copinha"},"content":{"rendered":"<p><strong><u>Al\u00f4 Na\u00e7\u00e3o Santista! Sauda\u00e7\u00f5es Alvinegras!<\/u><\/strong><\/p>\n<p>Jogando pela segunda rodada da Copa S\u00e3o Paulo de Futebol J\u00faniores, o Santos entrou em campo neste s\u00e1bado no est\u00e1dio Bruno Jos\u00e9 Daniel, em Santo Andr\u00e9 (SP), sede dos jogos do <strong>grupo 26<\/strong>, e com gols de <strong>Weslley Patati<\/strong> e <strong>Ivonei<\/strong> os Meninos da Vila venceram a equipe do Falcon-SE pelo placar de <strong>2<\/strong> a <strong>0<\/strong>.<\/p>\n<p>Com apenas um ponto somado, em duas partidas, o time do <strong>Falcon<\/strong> ocupa a terceira coloca\u00e7\u00e3o do grupo, e joga todas as suas chances de classifica\u00e7\u00e3o na \u00faltima rodada quando vai \u00a0enfrentar o j\u00e1 eliminado <strong>S\u00e3o Raimundo-RR<\/strong> (\u00faltimo colocado da chave).<br \/>\nSe quiserem continuar sonhando com a classifica\u00e7\u00e3o \u00e0 pr\u00f3xima fase, os sergipanos n\u00e3o dependem mais apenas de si, pois al\u00e9m de precisarem vencer o S\u00e3o Raimundo-RR, precisam \u00a0torcer por uma derrota do <strong>Santo Andr\u00e9<\/strong> (vice-l\u00edder) para o Santos, al\u00e9m de tirar um saldo de seis gols de diferen\u00e7a.<\/p>\n<p>J\u00e1 no Santos, os peixinhos da vila nadam em um \u201cMar de tranquilidade\u201d<br \/>\nSomando seis pontos com mais uma vit\u00f3ria, o atual vice-campe\u00e3o da competi\u00e7\u00e3o \u00e9 l\u00edder isolado do Grupo 26, mant\u00e9m os 100% de aproveitamento e garante a classifica\u00e7\u00e3o antecipada \u00e0 segunda fase da copinha.<\/p>\n<p>O Santos volta a campo na pr\u00f3xima quarta-feira, (<strong>11<\/strong>), \u00e0s <strong>19h30<\/strong> (de Bras\u00edlia), pela terceira rodada da fase de grupos, quando enfrenta o anfitri\u00e3o Santo Andr\u00e9, no Est\u00e1dio Bruno Jos\u00e9 Daniel.<br \/>\nPouco antes, a partir das <strong>17h15<\/strong>, no mesmo est\u00e1dio, a equipe do<strong> Falcon<\/strong> enfrenta o <strong>S\u00e3o Raimundo<\/strong>.<\/p>\n<p>(Cr\u00e9dito de imagem Tomz\u00e9 Fonseca\/Futura Press\/Estad\u00e3o)<\/p>\n","protected":false},"excerpt":{"rendered":"<p>Al\u00f4 Na\u00e7\u00e3o Santista! Sauda\u00e7\u00f5es Alvinegras! Jogando pela segunda rodada da Copa S\u00e3o Paulo de Futebol J\u00faniores, o Santos entrou em<\/p>\n","protected":false},"author":2,"featured_media":4761,"comment_status":"open","ping_status":"open","sticky":false,"template":"","format":"standard","meta":{"colormag_page_container_layout":"default_layout","colormag_page_sidebar_layout":"default_layout","_jetpack_memberships_contains_paid_content":false,"footnotes":""},"categories":[7,60,27],"tags":[6],"class_list":["post-4760","post","type-post","status-publish","format-standard","has-post-thumbnail","hentry","category-base-santista","category-categorias-de-base","category-copa-sao-paulo-de-juniores","tag-santos-fc"],"jetpack_featured_media_url":"https:\/\/i0.wp.com\/sergiobertoldi.com\/wp-content\/uploads\/2023\/01\/jogadores-do-santos-comemoram-gol-sobre-o-sao-raimundo-com-soco-no-ar-na-copinha-1672861448643_v2_615x300.jpg?fit=615%2C300&ssl=1","jetpack_likes_enabled":true,"jetpack_sharing_enabled":true,"_links":{"self":[{"href":"https:\/\/sergiobertoldi.com\/index.php\/wp-json\/wp\/v2\/posts\/4760","targetHints":{"allow":["GET"]}}],"collection":[{"href":"https:\/\/sergiobertoldi.com\/index.php\/wp-json\/wp\/v2\/posts"}],"about":[{"href":"https:\/\/sergiobertoldi.com\/index.php\/wp-json\/wp\/v2\/types\/post"}],"author":[{"embeddable":true,"href":"https:\/\/sergiobertoldi.com\/index.php\/wp-json\/wp\/v2\/users\/2"}],"replies":[{"embeddable":true,"href":"https:\/\/sergiobertoldi.com\/index.php\/wp-json\/wp\/v2\/comments?post=4760"}],"version-history":[{"count":2,"href":"https:\/\/sergiobertoldi.com\/index.php\/wp-json\/wp\/v2\/posts\/4760\/revisions"}],"predecessor-version":[{"id":4763,"href":"https:\/\/sergiobertoldi.com\/index.php\/wp-json\/wp\/v2\/posts\/4760\/revisions\/4763"}],"wp:featuredmedia":[{"embeddable":true,"href":"https:\/\/sergiobertoldi.com\/index.php\/wp-json\/wp\/v2\/media\/4761"}],"wp:attachment":[{"href":"https:\/\/sergiobertoldi.com\/index.php\/wp-json\/wp\/v2\/media?parent=4760"}],"wp:term":[{"taxonomy":"category","embeddable":true,"href":"https:\/\/sergiobertoldi.com\/index.php\/wp-json\/wp\/v2\/categories?post=4760"},{"taxonomy":"post_tag","embeddable":true,"href":"https:\/\/sergiobertoldi.com\/index.php\/wp-json\/wp\/v2\/tags?post=4760"}],"curies":[{"name":"wp","href":"https:\/\/api.w.org\/{rel}","templated":true}]}}