{"id":457,"date":"2019-10-17T08:00:05","date_gmt":"2019-10-17T11:00:05","guid":{"rendered":"http:\/\/sergiobertoldi.com\/?p=457"},"modified":"2019-10-17T09:04:34","modified_gmt":"2019-10-17T12:04:34","slug":"o-santos-recebe-o-ceara-e-conta-com-a-forca-da-vila","status":"publish","type":"post","link":"https:\/\/sergiobertoldi.com\/index.php\/2019\/10\/17\/o-santos-recebe-o-ceara-e-conta-com-a-forca-da-vila\/","title":{"rendered":"O Santos recebe o Cear\u00e1 e conta com a \u201cFor\u00e7a da Vila\u201d"},"content":{"rendered":"\n<p>&nbsp;&nbsp; &nbsp;&nbsp;&nbsp;&nbsp;&nbsp;Al\u00f4 Na\u00e7\u00e3o Santista! Sauda\u00e7\u00f5es Alvinegras!<\/p>\n\n\n\n<p>O Santos que entrar\u00e1 em campo logo mais para enfrentar o\nCear\u00e1, nesta quinta-feira, \u00e0s 19h15 (de Bras\u00edlia), na Vila Belmiro, em\nconfronto v\u00e1lido pela 26\u00aa rodada do Campeonato Brasileiro, estar\u00e1 muito pr\u00f3ximo\nde poder contar com sua melhor forma\u00e7\u00e3o!<\/p>\n\n\n\n<p>O t\u00e9cnico Jorge Sampaoli pode ap\u00f3s algumas rodadas,\nfinalmente contar com o retorno de tr\u00eas dos jogadores que estiveram servindo\nsuas Sele\u00e7\u00f5es: Felipe Jonathan, Derlis Gonz\u00e1lez e Soteldo.<\/p>\n\n\n\n<p>Outro que pode reaparecer no time \u00e9 o uruguaio Carlos\nS\u00e1nchez, que cumpriu suspens\u00e3o no domingo contra o Internacional em Porto\nAlegre!<\/p>\n\n\n\n<p>Apesar de terem realizado apenas um treino, Derlis e Felipe Jonathan,\nest\u00e3o \u00e0 disposi\u00e7\u00e3o para o jogo desta quinta-feira, o mesmo ocorrendo com o\nbaixinho Soteldo que n\u00e3o treinou pois chegou a Santos na madrugada de\nquarta-feira, mas est\u00e1 relacionado para a partida!<\/p>\n\n\n\n<figure class=\"wp-block-image\"><img data-recalc-dims=\"1\" height=\"600\" width=\"800\" decoding=\"async\" src=\"https:\/\/i0.wp.com\/sergiobertoldi.com\/wp-content\/uploads\/2019\/10\/img_0938-1024x768.jpg?resize=800%2C600\" alt=\"\" class=\"wp-image-458\"\/><figcaption>De volta ao Santos Derlis e Felipe Jonathan treinaram junto ao elenco<\/figcaption><\/figure>\n\n\n\n<p>Mas como nem tudo \u00e9 perfeito, o t\u00e9cnico Sampaoli ter\u00e1 os\ndesfalques de Marinho e Uribe que suspensos, n\u00e3o poder\u00e3o enfrentar o Cear\u00e1. &nbsp;<\/p>\n\n\n\n<p>A novidade nos treinos e que poder\u00e1 ser a surpresa na\nescala\u00e7\u00e3o do treinador Santista, \u00e9 o volante Jobson que foi testado entre os\ntitulares e pode finalmente fazer sua estreia com a camisa do Santos, afinal pagaram\nR$ 4 Milh\u00f5es para trazer o rapaz que est\u00e1 a\u00ed desde Mar\u00e7o e jamais estreou.<\/p>\n\n\n\n<p><span style=\"text-decoration: underline;\">Se poderemos ter estreia no Alvinegro mais famoso do mundo, uma despedida parece eminente!<\/span><\/p>\n\n\n\n<p>Bastante s\u00e9rio, sem os sorrisos e brincadeiras com as quais a imprensa est\u00e1 acostumada a v\u00ea-lo, em tom de desabafo o zagueiro Gustavo Henrique e o superintendente de futebol Paulo Autuori, estiveram reunidos em uma coletiva de imprensa na manh\u00e3 de quarta-feira, no CT Rei Pel\u00e9, para esclarecerem a situa\u00e7\u00e3o contratual do Quarto Zagueiro, e como andam as tratativas para sua renova\u00e7\u00e3o de contrato com o Santos, v\u00ednculo que vai at\u00e9 31 de janeiro de 2020.<\/p>\n\n\n\n<p>Gustavo Henrique admitiu estar incomodado com a situa\u00e7\u00e3o,\nressaltou que n\u00e3o gostou da demora no Santos para cham\u00e1-lo para conversar, e\nconfirmou ter recebido sondagens de clubes do Brasil, mas revelou que a sua\nvontade \u00e9 jogar no futebol europeu.<\/p>\n\n\n\n<p>Por sua vez, Paulo Autuori que falou com a imprensa antes do\nZagueiro, afirmou que Gustavo Henrique n\u00e3o ser\u00e1 afastado do elenco do Peixe por\nainda n\u00e3o ter chegado a um acordo para a renova\u00e7\u00e3o do contrato. O dirigente\nrevelou que ainda existe a chance de se chegar um acordo, mas criticou o clube\npela demora nas tratativas!<\/p>\n\n\n\n<p>\u201cComigo aqui ele vai jogar. A \u00fanica pessoa que pode decidir\nse ele joga ou n\u00e3o \u00e9 o treinador por quest\u00f5es t\u00e1ticas ou t\u00e9cnicas. Se ele n\u00e3o\ntiver continuidade foi por erro de planejamento do clube. Ele vai jogar por\nreconhecimento a um profissional de alto n\u00edvel que ele \u00e9\u201d<\/p>\n\n\n\n<p><span style=\"text-decoration: underline;\">Acompanhe agora a entrevista coletiva com o Zagueiro Gustavo Henrique e o Superintendente de Futebol Paulo Autuori<\/span><\/p>\n\n\n\n<figure class=\"wp-block-embed-youtube wp-block-embed is-type-video is-provider-youtube wp-embed-aspect-16-9 wp-has-aspect-ratio\"><div class=\"wp-block-embed__wrapper\">\n<iframe loading=\"lazy\" title=\"GUSTAVO HENRIQUE | COLETIVA AO VIVO (16\/10\/19)\" width=\"800\" height=\"450\" src=\"https:\/\/www.youtube.com\/embed\/gK8OzW67Rcs?feature=oembed\" frameborder=\"0\" allow=\"accelerometer; autoplay; encrypted-media; gyroscope; picture-in-picture\" allowfullscreen><\/iframe>\n<\/div><\/figure>\n\n\n\n<p><strong><span style=\"text-decoration: underline;\">Confira a lista dos 23 relacionados para a partida:<\/span><\/strong><\/p>\n\n\n\n<p><strong>Goleiros:<\/strong> Everson, Vanderlei e Jo\u00e3o Paulo;<br><strong>Laterais:<\/strong> Victor Ferraz, Par\u00e1, Jorge e Felipe Jonatan; <br><strong>Zagueiros: <\/strong>Lucas Ver\u00edssimo, Gustavo Henrique, Luan Peres, Luiz Felipe e Felipe Aguilar;<br><strong>Meio-campistas:<\/strong> Jobson, Diego Pituca, Evandro, Carlos S\u00e1nchez, Alison e Jean Mota; <br><strong>Atacantes:<\/strong> Tailson, Soteldo, Venuto, Eduardo Sasha e Derlis Gonz\u00e1lez.<\/p>\n\n\n\n<p>O prov\u00e1vel <span style=\"text-decoration: underline;\">11 Santista<\/span> para pegar o Cear\u00e1 entra em campo com: <strong>Everson; Victor Ferraz (Jobson), Lucas Ver\u00edssimo, Gustavo Henrique e Luan Peres (Jorge); Diego Pituca, Carlos S\u00e1nchez e Evandro; Tailson (Derlis Gonz\u00e1lez), Eduardo Sasha e Soteldo.<\/strong><\/p>\n\n\n\n<p>Na terceira coloca\u00e7\u00e3o do Brasileir\u00e3o, com <strong>48 pontos<\/strong>, dois a menos que o vice lider Palmeiras e dez atr\u00e1s do l\u00edder Flamengo, s\u00f3 a vit\u00f3ria na noite de hoje, ainda mantem o Sonho do t\u00edtulo!<\/p>\n\n\n\n<p><strong>Santos<\/strong> e <strong>Cear\u00e1 Sporting Club<\/strong> j\u00e1 se enfrentaram <strong>14 vezes<\/strong> ao longo da hist\u00f3ria.<br>Foram <strong>07<\/strong> <strong>vit\u00f3rias <\/strong>do Santos, contra <strong>03<\/strong> <strong>vit\u00f3rias<\/strong> do Cear\u00e1 e <strong>04<\/strong> <strong>empates<\/strong>. <br>O Peixe marcou <strong>21<\/strong> <strong>gols <\/strong>e sofreu <strong>14<\/strong> <strong>Saldo<\/strong> de <strong>+07<\/strong><\/p>\n\n\n\n<p>Em <strong>Campeonatos\nBrasileiros <\/strong>&nbsp;Desde o primeiro confronto,\nforam <strong>12<\/strong> <strong>jogos<\/strong>,\ncom <strong>05<\/strong> <strong>vit\u00f3rias<\/strong>\ndo\nSantos, contra <strong>03 <\/strong><strong>vit\u00f3rias <\/strong>do Cear\u00e1 e <strong>04<\/strong> <strong>empates<\/strong>.\nO\ntime da Baixada Santista marcou <strong>14 <\/strong><strong>gols<\/strong> e sofreu <strong>12<\/strong>.<\/p>\n\n\n\n<p>No \u00faltimo confronto, v\u00e1lido pelo <strong>Campeonato Brasileiro<\/strong>&nbsp; de <strong>2019<\/strong>, a partida terminou com (vit\u00f3ria do Santos) pelo placar de 1X0 o jogo foi realizado no (Castel\u00e3o)<\/p>\n\n\n\n<p>(Cr\u00e9dito: Imagem Marcos Ribolli)<\/p>\n\n\n\n<p><\/p>\n","protected":false},"excerpt":{"rendered":"<p>&nbsp;&nbsp; &nbsp;&nbsp;&nbsp;&nbsp;&nbsp;Al\u00f4 Na\u00e7\u00e3o Santista! Sauda\u00e7\u00f5es Alvinegras! O Santos que entrar\u00e1 em campo logo mais para enfrentar o Cear\u00e1, nesta quinta-feira,<\/p>\n","protected":false},"author":2,"featured_media":0,"comment_status":"open","ping_status":"open","sticky":false,"template":"","format":"standard","meta":{"colormag_page_container_layout":"default_layout","colormag_page_sidebar_layout":"default_layout","_jetpack_memberships_contains_paid_content":false,"footnotes":""},"categories":[4,11,22,5,17],"tags":[6],"class_list":["post-457","post","type-post","status-publish","format-standard","hentry","category-bastidores-do-santos-fc","category-campeonato-brasileiro","category-entrevista-coletiva","category-futebol","category-pre-jogo","tag-santos-fc"],"jetpack_featured_media_url":"","jetpack_likes_enabled":true,"jetpack_sharing_enabled":true,"_links":{"self":[{"href":"https:\/\/sergiobertoldi.com\/index.php\/wp-json\/wp\/v2\/posts\/457","targetHints":{"allow":["GET"]}}],"collection":[{"href":"https:\/\/sergiobertoldi.com\/index.php\/wp-json\/wp\/v2\/posts"}],"about":[{"href":"https:\/\/sergiobertoldi.com\/index.php\/wp-json\/wp\/v2\/types\/post"}],"author":[{"embeddable":true,"href":"https:\/\/sergiobertoldi.com\/index.php\/wp-json\/wp\/v2\/users\/2"}],"replies":[{"embeddable":true,"href":"https:\/\/sergiobertoldi.com\/index.php\/wp-json\/wp\/v2\/comments?post=457"}],"version-history":[{"count":2,"href":"https:\/\/sergiobertoldi.com\/index.php\/wp-json\/wp\/v2\/posts\/457\/revisions"}],"predecessor-version":[{"id":462,"href":"https:\/\/sergiobertoldi.com\/index.php\/wp-json\/wp\/v2\/posts\/457\/revisions\/462"}],"wp:attachment":[{"href":"https:\/\/sergiobertoldi.com\/index.php\/wp-json\/wp\/v2\/media?parent=457"}],"wp:term":[{"taxonomy":"category","embeddable":true,"href":"https:\/\/sergiobertoldi.com\/index.php\/wp-json\/wp\/v2\/categories?post=457"},{"taxonomy":"post_tag","embeddable":true,"href":"https:\/\/sergiobertoldi.com\/index.php\/wp-json\/wp\/v2\/tags?post=457"}],"curies":[{"name":"wp","href":"https:\/\/api.w.org\/{rel}","templated":true}]}}