{"id":4559,"date":"2022-12-08T13:00:31","date_gmt":"2022-12-08T16:00:31","guid":{"rendered":"https:\/\/sergiobertoldi.com\/?p=4559"},"modified":"2022-12-11T07:04:10","modified_gmt":"2022-12-11T10:04:10","slug":"santos-oficializa-contratacao-do-atacante-stiven-mendoza","status":"publish","type":"post","link":"https:\/\/sergiobertoldi.com\/index.php\/2022\/12\/08\/santos-oficializa-contratacao-do-atacante-stiven-mendoza\/","title":{"rendered":"Santos oficializa contrata\u00e7\u00e3o do atacante Stiven Mendoza"},"content":{"rendered":"<p><span style=\"font-family: helvetica, arial, sans-serif; font-size: 14pt;\"><strong><u>Al\u00f4 Na\u00e7\u00e3o Santista! Sauda\u00e7\u00f5es Alvinegras!<\/u><\/strong><\/span><\/p>\n<p><span style=\"font-family: arial, helvetica, sans-serif; font-size: 14pt;\">Ap\u00f3s uma novela que durou alguns cap\u00edtulos, inclusive com o perigo de n\u00e3o chegar a um final feliz, o Santos finalmente bateu o martelo e anunciou nesta quinta-feira (08), a contrata\u00e7\u00e3o de um de seus principais alvos na busca para reformular o elenco que vestir\u00e1 o Manto na temporada de <strong>2023<\/strong>.<\/span><br \/>\n<span style=\"font-family: arial, helvetica, sans-serif; font-size: 14pt;\">Trata-se do atacante colombiano Stiven Mendoza, contratado em definitivo junto ao Cear\u00e1.<\/span><\/p>\n<p><img data-recalc-dims=\"1\" loading=\"lazy\" decoding=\"async\" class=\"aligncenter wp-image-4562\" src=\"https:\/\/i0.wp.com\/sergiobertoldi.com\/wp-content\/uploads\/2022\/12\/arte-contratacao-mendoza-2.jpg?resize=400%2C400&#038;ssl=1\" alt=\"\" width=\"400\" height=\"400\" srcset=\"https:\/\/i0.wp.com\/sergiobertoldi.com\/wp-content\/uploads\/2022\/12\/arte-contratacao-mendoza-2.jpg?resize=1024%2C1024&amp;ssl=1 1024w, https:\/\/i0.wp.com\/sergiobertoldi.com\/wp-content\/uploads\/2022\/12\/arte-contratacao-mendoza-2.jpg?resize=300%2C300&amp;ssl=1 300w, https:\/\/i0.wp.com\/sergiobertoldi.com\/wp-content\/uploads\/2022\/12\/arte-contratacao-mendoza-2.jpg?resize=150%2C150&amp;ssl=1 150w, https:\/\/i0.wp.com\/sergiobertoldi.com\/wp-content\/uploads\/2022\/12\/arte-contratacao-mendoza-2.jpg?resize=768%2C768&amp;ssl=1 768w, https:\/\/i0.wp.com\/sergiobertoldi.com\/wp-content\/uploads\/2022\/12\/arte-contratacao-mendoza-2.jpg?w=1200&amp;ssl=1 1200w\" sizes=\"auto, (max-width: 400px) 100vw, 400px\" \/><\/p>\n<p><span style=\"font-family: arial, helvetica, sans-serif; font-size: 14pt;\">Com um ano de contrato ainda a cumprir, o clube cearense chegou a dificultar a sa\u00edda do jogador pois s\u00f3 aceitava negociar o atacante, mediante uma contrapartida financeira por parte do Alvinegro de Vila Belmiro. Os valores da transa\u00e7\u00e3o n\u00e3o foram revelados pelo Peixe.<\/span><br \/>\n<span style=\"font-family: arial, helvetica, sans-serif; font-size: 14pt;\">Mendoza ser\u00e1 jogador do Santos com contrato at\u00e9 o final de <strong>2025<\/strong>.<\/span><\/p>\n<p><span style=\"font-family: arial, helvetica, sans-serif; font-size: 14pt;\">\u00a0O atacante <strong>Stiven Mendoza<\/strong>, que defendeu entre <strong>2021<\/strong> e <strong>2022, <\/strong>a equipe do Cear\u00e1, chega ao Alvinegro Praiano ap\u00f3s ter sido o principal destaque na temporada do Voz\u00e3o, com <strong>20<\/strong> gols<\/span><br \/>\n<span style=\"font-family: arial, helvetica, sans-serif; font-size: 14pt;\">Mesmo com o aspecto negativo do Cear\u00e1 ter sido rebaixado para a <strong>S\u00e9rie B<\/strong> do Campeonato Brasileiro, Mendoza foi um dos poucos jogadores que se salvaram no elenco cearense, tendo disputado <strong>53 <\/strong>das <strong>63<\/strong> partidas que o Cear\u00e1 jogou na \u00faltima temporada, tendo sido titular em <strong>49<\/strong> desses jogos!<\/span><\/p>\n<p><span style=\"font-family: arial, helvetica, sans-serif; font-size: 14pt;\"><strong>Al\u00e9m do <\/strong><strong>\u201c<\/strong><strong>Faro de gol<\/strong><strong>\u201d, <\/strong><strong>o atacante<\/strong> Colombiano \u00e9 conhecido por ser um jogador muito intenso, que tem como uma de suas principais caracter\u00edsticas, a facilidade para pegar a bola e partir com ela dominada em r\u00e1pidos contra-ataques.<\/span><br \/>\n<span style=\"font-family: arial, helvetica, sans-serif; font-size: 14pt;\">Artilheiro do Cear\u00e1 na temporada, o atacante Stiven Mendoza foi o atacante de lado com mais gols do Brasileir\u00e3o de <strong>2022.<br \/>\n<\/strong>Pe\u00e7a fundamental no setor ofensivo, o atacante foi o atleta do elenco do Cear\u00e1 com mais finaliza\u00e7\u00f5es certas ao gol no Campeonato Brasileiro (<strong>26<\/strong>), e tamb\u00e9m o maior driblador do time, com <strong>32<\/strong> fintas conclu\u00eddas com sucesso, segundo dados do Footstats.<\/span><\/p>\n<p><span style=\"font-family: arial, helvetica, sans-serif; font-size: 14pt;\">(Cr\u00e9dito: Imagem: Ricardo Moreira\/GettyImages)<\/span><\/p>\n","protected":false},"excerpt":{"rendered":"<p>Al\u00f4 Na\u00e7\u00e3o Santista! Sauda\u00e7\u00f5es Alvinegras! Ap\u00f3s uma novela que durou alguns cap\u00edtulos, inclusive com o perigo de n\u00e3o chegar a<\/p>\n","protected":false},"author":2,"featured_media":4560,"comment_status":"open","ping_status":"open","sticky":false,"template":"","format":"standard","meta":{"colormag_page_container_layout":"default_layout","colormag_page_sidebar_layout":"default_layout","_jetpack_memberships_contains_paid_content":false,"footnotes":""},"categories":[4,30,10],"tags":[6],"class_list":["post-4559","post","type-post","status-publish","format-standard","has-post-thumbnail","hentry","category-bastidores-do-santos-fc","category-contratacoes","category-elenco-profissional","tag-santos-fc"],"jetpack_featured_media_url":"https:\/\/i0.wp.com\/sergiobertoldi.com\/wp-content\/uploads\/2022\/12\/AA14Vy7l.jpeg?fit=768%2C432&ssl=1","jetpack_likes_enabled":true,"jetpack_sharing_enabled":true,"_links":{"self":[{"href":"https:\/\/sergiobertoldi.com\/index.php\/wp-json\/wp\/v2\/posts\/4559","targetHints":{"allow":["GET"]}}],"collection":[{"href":"https:\/\/sergiobertoldi.com\/index.php\/wp-json\/wp\/v2\/posts"}],"about":[{"href":"https:\/\/sergiobertoldi.com\/index.php\/wp-json\/wp\/v2\/types\/post"}],"author":[{"embeddable":true,"href":"https:\/\/sergiobertoldi.com\/index.php\/wp-json\/wp\/v2\/users\/2"}],"replies":[{"embeddable":true,"href":"https:\/\/sergiobertoldi.com\/index.php\/wp-json\/wp\/v2\/comments?post=4559"}],"version-history":[{"count":2,"href":"https:\/\/sergiobertoldi.com\/index.php\/wp-json\/wp\/v2\/posts\/4559\/revisions"}],"predecessor-version":[{"id":4563,"href":"https:\/\/sergiobertoldi.com\/index.php\/wp-json\/wp\/v2\/posts\/4559\/revisions\/4563"}],"wp:featuredmedia":[{"embeddable":true,"href":"https:\/\/sergiobertoldi.com\/index.php\/wp-json\/wp\/v2\/media\/4560"}],"wp:attachment":[{"href":"https:\/\/sergiobertoldi.com\/index.php\/wp-json\/wp\/v2\/media?parent=4559"}],"wp:term":[{"taxonomy":"category","embeddable":true,"href":"https:\/\/sergiobertoldi.com\/index.php\/wp-json\/wp\/v2\/categories?post=4559"},{"taxonomy":"post_tag","embeddable":true,"href":"https:\/\/sergiobertoldi.com\/index.php\/wp-json\/wp\/v2\/tags?post=4559"}],"curies":[{"name":"wp","href":"https:\/\/api.w.org\/{rel}","templated":true}]}}