{"id":4532,"date":"2022-12-05T13:00:26","date_gmt":"2022-12-05T16:00:26","guid":{"rendered":"https:\/\/sergiobertoldi.com\/?p=4532"},"modified":"2022-12-06T20:49:54","modified_gmt":"2022-12-06T23:49:54","slug":"santos-acerta-a-compra-do-volante-rodrigo-fernandez-e-anuncia-sua-permanencia-em-definitivo","status":"publish","type":"post","link":"https:\/\/sergiobertoldi.com\/index.php\/2022\/12\/05\/santos-acerta-a-compra-do-volante-rodrigo-fernandez-e-anuncia-sua-permanencia-em-definitivo\/","title":{"rendered":"Santos acerta a compra do volante Rodrigo Fern\u00e1ndez e anuncia sua perman\u00eancia em definitivo"},"content":{"rendered":"<p><span style=\"font-family: helvetica, arial, sans-serif; font-size: 14pt;\"><strong><u>Al\u00f4 Na\u00e7\u00e3o Santista! Sauda\u00e7\u00f5es Alvinegras!<\/u><\/strong><\/span><\/p>\n<p style=\"text-align: justify;\"><span style=\"font-family: arial, helvetica, sans-serif; font-size: 14pt;\">O Santos acertou nesta segunda-feira (05), a contrata\u00e7\u00e3o em definitivo do volante Rodrigo Fern\u00e1ndez.<\/span><br \/>\n<span style=\"font-family: arial, helvetica, sans-serif; font-size: 14pt;\">O Alvinegro de Vila Belmiro fez valer a op\u00e7\u00e3o de compra que constava no contrato de empr\u00e9stimo do jogador junto ao Guaran\u00ed, do Paraguai.<\/span><br \/>\n<span style=\"font-family: arial, helvetica, sans-serif; font-size: 14pt;\">Desta forma o Santos adquiriu o volante Rodrigo Fern\u00e1ndez em definitivo, volante de <strong>26 anos<\/strong> que estava emprestado pelo Guarani-PAR at\u00e9 o final de <strong>dezembro de 2022<\/strong>, com op\u00e7\u00e3o de compra fixada em cerca de R$ <strong>8 milh\u00f5es<\/strong>.<\/span><br \/>\n<span style=\"font-family: arial, helvetica, sans-serif; font-size: 14pt;\">O contrato atual do jogador com o Alvinegro, passa agora a valer \u00a0at\u00e9 o final de <strong>2025<\/strong>.<\/span><\/p>\n<p style=\"text-align: justify;\"><span style=\"font-family: arial, helvetica, sans-serif; font-size: 14pt;\">Embora j\u00e1 tivesse afirmado h\u00e1 algum tempo, que o Santos faria valer sua cl\u00e1usula de prioridade na op\u00e7\u00e3o de compra do jogador, a verdade \u00e9 que em certo momento o neg\u00f3cio chegou a ficar amea\u00e7ado, com o jogador declarando inclusive que n\u00e3o sabia qual seu futuro!<\/span><br \/>\n<span style=\"font-family: arial, helvetica, sans-serif; font-size: 14pt;\">Os agentes de Rodrigo Fern\u00e1ndez \u00a0tiveram que vir pessoalmente ao Brasil para destravar o impasse com o Santos, pois para a perman\u00eancia em 2023 o volante e seu estafe pediram uma valoriza\u00e7\u00e3o salarial.<\/span><\/p>\n<p style=\"text-align: justify;\"><span style=\"font-family: arial, helvetica, sans-serif; font-size: 14pt;\">Consta que quando o Santos contratou o uruguaio por empr\u00e9stimo, a Diretoria j\u00e1 havia deixado acertado com o pr\u00f3prio jogador, um novo v\u00ednculo de trabalho em caso de compra, com reajuste de <strong>20%.<\/strong> \u00a0Na \u00e9poca, Fernandez aceitou o acordo, mas como acabou se tornando titular absoluto durante a temporada, resolveu reivindicar um valor maior por m\u00eas, justificando que foi valorizado!<\/span><\/p>\n<p style=\"text-align: justify;\"><span style=\"font-family: arial, helvetica, sans-serif; font-size: 14pt;\">Volante de origem revelado pelo <strong>Danubio-URU<\/strong>, ap\u00f3s boa passagem pelo clube acabou se transferindo para o <strong>Guarani<\/strong>, clube pelo qual venceu a <strong>Copa Paraguay 2019<\/strong>, <strong>Clausura 2020<\/strong> e <strong>2021<\/strong>. Ele entrou em campo em <strong>110<\/strong> oportunidades pela equipe uruguaia, marcando seis gols e dando tr\u00eas assist\u00eancias.<br \/>\nNesta temporada de <strong>2022<\/strong>, Rodrigo Fern\u00e1ndez disputou <strong>38<\/strong> jogos com a camisa do Santos e marcou um gol,<br \/>\n<\/span><\/p>\n<p style=\"text-align: justify;\"><span style=\"font-family: arial, helvetica, sans-serif; font-size: 14pt;\">(Cr\u00e9dito: Imagem: Ivan Storti\/Divulga\u00e7\u00e3o\/Santos FC)<\/span><\/p>\n","protected":false},"excerpt":{"rendered":"<p>Al\u00f4 Na\u00e7\u00e3o Santista! Sauda\u00e7\u00f5es Alvinegras! O Santos acertou nesta segunda-feira (05), a contrata\u00e7\u00e3o em definitivo do volante Rodrigo Fern\u00e1ndez. O<\/p>\n","protected":false},"author":2,"featured_media":4537,"comment_status":"open","ping_status":"open","sticky":false,"template":"","format":"standard","meta":{"colormag_page_container_layout":"default_layout","colormag_page_sidebar_layout":"default_layout","_jetpack_memberships_contains_paid_content":false,"footnotes":""},"categories":[4,30],"tags":[6],"class_list":["post-4532","post","type-post","status-publish","format-standard","has-post-thumbnail","hentry","category-bastidores-do-santos-fc","category-contratacoes","tag-santos-fc"],"jetpack_featured_media_url":"https:\/\/i0.wp.com\/sergiobertoldi.com\/wp-content\/uploads\/2022\/12\/rodrigo-fernandez-jogador-santos-el-pitbull.jpg?fit=684%2C457&ssl=1","jetpack_likes_enabled":true,"jetpack_sharing_enabled":true,"_links":{"self":[{"href":"https:\/\/sergiobertoldi.com\/index.php\/wp-json\/wp\/v2\/posts\/4532","targetHints":{"allow":["GET"]}}],"collection":[{"href":"https:\/\/sergiobertoldi.com\/index.php\/wp-json\/wp\/v2\/posts"}],"about":[{"href":"https:\/\/sergiobertoldi.com\/index.php\/wp-json\/wp\/v2\/types\/post"}],"author":[{"embeddable":true,"href":"https:\/\/sergiobertoldi.com\/index.php\/wp-json\/wp\/v2\/users\/2"}],"replies":[{"embeddable":true,"href":"https:\/\/sergiobertoldi.com\/index.php\/wp-json\/wp\/v2\/comments?post=4532"}],"version-history":[{"count":3,"href":"https:\/\/sergiobertoldi.com\/index.php\/wp-json\/wp\/v2\/posts\/4532\/revisions"}],"predecessor-version":[{"id":4538,"href":"https:\/\/sergiobertoldi.com\/index.php\/wp-json\/wp\/v2\/posts\/4532\/revisions\/4538"}],"wp:featuredmedia":[{"embeddable":true,"href":"https:\/\/sergiobertoldi.com\/index.php\/wp-json\/wp\/v2\/media\/4537"}],"wp:attachment":[{"href":"https:\/\/sergiobertoldi.com\/index.php\/wp-json\/wp\/v2\/media?parent=4532"}],"wp:term":[{"taxonomy":"category","embeddable":true,"href":"https:\/\/sergiobertoldi.com\/index.php\/wp-json\/wp\/v2\/categories?post=4532"},{"taxonomy":"post_tag","embeddable":true,"href":"https:\/\/sergiobertoldi.com\/index.php\/wp-json\/wp\/v2\/tags?post=4532"}],"curies":[{"name":"wp","href":"https:\/\/api.w.org\/{rel}","templated":true}]}}