{"id":4527,"date":"2022-12-01T23:55:41","date_gmt":"2022-12-02T02:55:41","guid":{"rendered":"https:\/\/sergiobertoldi.com\/?p=4527"},"modified":"2022-12-05T16:10:48","modified_gmt":"2022-12-05T19:10:48","slug":"conselho-deliberativo-do-santos-aprova-parceria-com-a-wtorre-para-a-construcao-da-arena-vila-belmiro","status":"publish","type":"post","link":"https:\/\/sergiobertoldi.com\/index.php\/2022\/12\/01\/conselho-deliberativo-do-santos-aprova-parceria-com-a-wtorre-para-a-construcao-da-arena-vila-belmiro\/","title":{"rendered":"Conselho Deliberativo do Santos aprova parceria com a  WTorre para a constru\u00e7\u00e3o da Arena Vila Belmiro"},"content":{"rendered":"<p><span style=\"font-family: helvetica, arial, sans-serif; font-size: 14pt;\"><strong><u>Al\u00f4 Na\u00e7\u00e3o Santista! Sauda\u00e7\u00f5es Alvinegras!<\/u><\/strong><\/span><\/p>\n<p><span style=\"font-family: arial, helvetica, sans-serif; font-size: 14pt;\">O Conselho Deliberativo do Santos, aprovou na \u00faltima quinta-feira (1), por meio de vota\u00e7\u00e3o h\u00edbrida, (Com votos presenciais e digitais), a forma\u00e7\u00e3o de uma parceria com a empresa\u00a0<strong>WTorre,<\/strong>\u00a0para a constru\u00e7\u00e3o da \u201c<strong>Arena Vila Belmiro<\/strong>\u201d.<\/span><\/p>\n<p><span style=\"font-family: arial, helvetica, sans-serif; font-size: 14pt;\">Em reuni\u00e3o que durou mais de 4h, os Conselheiros tiveram acesso ao material e explana\u00e7\u00e3o por parte dos representantes da W.Torre, quando os principais pontos do projeto foram apresentados!<\/span><br \/>\n<span style=\"font-family: arial, helvetica, sans-serif; font-size: 14pt;\">O projeto, que prev\u00ea capacidade para <strong>30.108<\/strong> torcedores, far\u00e1 com que a atual Vila Belmiro seja demolida para a constru\u00e7\u00e3o da arena no mesmo terreno.<\/span><br \/>\n<span style=\"font-family: arial, helvetica, sans-serif; font-size: 14pt;\">Atualmente, a Vila Belmiro tem capacidade para cerca de <strong>16<\/strong> mil torcedores.<\/span><br \/>\n<span style=\"font-family: arial, helvetica, sans-serif; font-size: 14pt;\">A mudan\u00e7a, portanto, quase que dobraria o n\u00famero de torcedores que poderiam comparecer aos jogos dentro de casa.<\/span><\/p>\n<p><span style=\"font-family: arial, helvetica, sans-serif; font-size: 14pt;\">Em <strong>2022<\/strong>, o Santos realizou <strong>31<\/strong> partidas como mandante, nas quais somou <strong>14 <\/strong><em>vit\u00f3rias<\/em>, <strong>9<\/strong> <em>empates<\/em> e <strong>8<\/strong> <em>derrotas<\/em>, com <strong>54,8%<\/strong> de aproveitamento. <\/span><br \/>\n<span style=\"font-family: arial, helvetica, sans-serif; font-size: 14pt;\">Ao todo, foram <strong>46 gols<\/strong> marcados e <strong>33 sofridos<\/strong>.<\/span><br \/>\n<span style=\"font-family: arial, helvetica, sans-serif; font-size: 14pt;\">O custo previsto \u00e9 de R$ <strong>300<\/strong> milh\u00f5es, com concess\u00e3o para a WTorre. O Santos seguiria com a posse da Vila Belmiro, mas a empresa teria o direito de administr\u00e1-la por um prazo de <strong>30<\/strong> anos.<\/span><\/p>\n<p><span style=\"font-family: arial, helvetica, sans-serif; font-size: 14pt;\">O escrit\u00f3rio do arquiteto Luiz Volpato \u00e9 respons\u00e1vel pelo projeto. Al\u00e9m da amplia\u00e7\u00e3o da capacidade, a nova Vila Belmiro ter\u00e1 uma \u00e1rea constru\u00edda de mais de <strong>71 mil m\u00b2<\/strong> e contar\u00e1 com <strong>100%<\/strong> de cobertura dos assentos, gramado sint\u00e9tico, camarotes, vesti\u00e1rios, salas de imprensa, estacionamento, 63 lojas e outros pontos comerciais.<\/span><br \/>\n<span style=\"font-family: arial, helvetica, sans-serif; font-size: 14pt;\">Segundo a WTorre, dos R$ <strong>300 milh\u00f5es<\/strong>, R$ <strong>100 milh\u00f5es<\/strong> sairiam do bolso da empresa e os outros R$ <strong>200 milh\u00f5es<\/strong> viriam da comercializa\u00e7\u00e3o de cadeiras, camarotes e do poss\u00edvel crescimento do programa de s\u00f3cio-torcedor, que deve ganhar destaque a partir de uma nova arena.<\/span><br \/>\n<span style=\"font-family: arial, helvetica, sans-serif; font-size: 14pt;\">Por parte do Santos, al\u00e9m de ficar com <strong>100%<\/strong> da bilheteria, apenas os gastos com energia, seguran\u00e7a e manuten\u00e7\u00e3o do local.<\/span><\/p>\n<p><span style=\"font-family: arial, helvetica, sans-serif; font-size: 14pt;\">Com a aprova\u00e7\u00e3o do conselho, o projeto passa, agora, para um nova vota\u00e7\u00e3o, aberta aos s\u00f3cios do clube, prevista para o dia <strong>17 de dezembro<\/strong>. Em caso de novo resultado positivo, a WTorre partir\u00e1 para a capta\u00e7\u00e3o dos recursos, o que deve envolver inclusive, a venda antecipada de cadeiras cativas e camarotes.<\/span><br \/>\n<span style=\"font-family: arial, helvetica, sans-serif; font-size: 14pt;\">Diante do per\u00edodo de capta\u00e7\u00e3o de recursos, uma poss\u00edvel data para o in\u00edcio das constru\u00e7\u00f5es \u00e9 no segundo semestre de<strong>\u00a02023<\/strong>.<\/span><br \/>\n<span style=\"font-family: arial, helvetica, sans-serif; font-size: 14pt;\">A previs\u00e3o \u00e9 que a WTorre levante o novo est\u00e1dio em <strong>24 meses<\/strong>. Enquanto isso, o Santos mandaria os seus jogos no est\u00e1dio do Canind\u00e9, na capital paulista, j\u00e1 que o Pacaembu tamb\u00e9m est\u00e1 em obras.<\/span><\/p>\n<p><span style=\"font-family: arial, helvetica, sans-serif; font-size: 14pt;\"><strong><u>Pitacos do Bertoldi<\/u><\/strong><\/span><\/p>\n<p><span style=\"font-family: arial, helvetica, sans-serif; font-size: 14pt;\">Um detalhe me chamou a aten\u00e7\u00e3o no que se refere ao valor que colocaram da obra, e a maneira como os recursos ser\u00e3o captados para custear a constru\u00e7\u00e3o da Arena. Prestem a aten\u00e7\u00e3o!<\/span><\/p>\n<p><span style=\"font-family: arial, helvetica, sans-serif; font-size: 14pt;\">Pergunta que agora eu fa\u00e7o:<\/span><br \/>\n<span style=\"font-family: arial, helvetica, sans-serif; font-size: 14pt;\">Se o custo previsto para a constru\u00e7\u00e3o dessa Arena, \u00e9 de R$ 300 milh\u00f5es, sendo que ser\u00e1 o Santos o respons\u00e1vel por conseguir R$ 200 milh\u00f5es, valor que teria que vir da comercializa\u00e7\u00e3o de cadeiras, camarotes e do poss\u00edvel crescimento do programa de s\u00f3cio-torcedor, ent\u00e3o na realidade, dos R$ 300 milh\u00f5es, 200 \u00e9 o Santos quem vai ter que conseguir? \u00c9 isso?<\/span><br \/>\n<span style=\"font-family: arial, helvetica, sans-serif; font-size: 14pt;\">Porque se for, ent\u00e3o estaremos entregando a explora\u00e7\u00e3o da Vila para a W.Torre por 30 anos, por apenas R$ 100 milh\u00f5es?<\/span><\/p>\n<p><span style=\"font-family: arial, helvetica, sans-serif; font-size: 14pt;\">Se for isso mesmo que eu entendi, ent\u00e3o porque \u00e9 que o pr\u00f3prio Santos n\u00e3o vai ele mesmo, atr\u00e1s desses recursos, sem ter que dar a Vila por 30 anos, para outros ganharem dinheiro? <strong>30 ANOS<\/strong>?<\/span><\/p>\n<p><span style=\"font-family: arial, helvetica, sans-serif; font-size: 14pt;\">Eu posso estar errado, mas pela minha vis\u00e3o, a contrapartida da W.Torre, me parece ser bem mais vantajosa do que a do Santos! Me parece que pelo que ir\u00e3o investir, 30 anos explorando o est\u00e1dio \u00e9 muita coisa! <\/span><br \/>\n<span style=\"font-family: arial, helvetica, sans-serif; font-size: 14pt;\">Ser\u00e1 que o desespero por ter uma Arena, \u00e9 t\u00e3o grande assim?<\/span><\/p>\n<p><span style=\"font-family: arial, helvetica, sans-serif; font-size: 14pt;\">(Cr\u00e9dito: Imagem: Escrit\u00f3rio Volpato\/Divulga\u00e7\u00e3o\/Santos FC)<\/span><\/p>\n","protected":false},"excerpt":{"rendered":"<p>Al\u00f4 Na\u00e7\u00e3o Santista! Sauda\u00e7\u00f5es Alvinegras! O Conselho Deliberativo do Santos, aprovou na \u00faltima quinta-feira (1), por meio de vota\u00e7\u00e3o h\u00edbrida,<\/p>\n","protected":false},"author":2,"featured_media":4528,"comment_status":"open","ping_status":"open","sticky":false,"template":"","format":"standard","meta":{"colormag_page_container_layout":"default_layout","colormag_page_sidebar_layout":"default_layout","_jetpack_memberships_contains_paid_content":false,"footnotes":""},"categories":[12,68,4,51,59],"tags":[6],"class_list":["post-4527","post","type-post","status-publish","format-standard","has-post-thumbnail","hentry","category-analise-e-comentario","category-apresentacao-oficial","category-bastidores-do-santos-fc","category-conselho-gestor","category-pitacos-do-bertoldi","tag-santos-fc"],"jetpack_featured_media_url":"https:\/\/i0.wp.com\/sergiobertoldi.com\/wp-content\/uploads\/2022\/12\/vila_belmiro_Easy-Resize.com_.jpg?fit=1280%2C687&ssl=1","jetpack_likes_enabled":true,"jetpack_sharing_enabled":true,"_links":{"self":[{"href":"https:\/\/sergiobertoldi.com\/index.php\/wp-json\/wp\/v2\/posts\/4527","targetHints":{"allow":["GET"]}}],"collection":[{"href":"https:\/\/sergiobertoldi.com\/index.php\/wp-json\/wp\/v2\/posts"}],"about":[{"href":"https:\/\/sergiobertoldi.com\/index.php\/wp-json\/wp\/v2\/types\/post"}],"author":[{"embeddable":true,"href":"https:\/\/sergiobertoldi.com\/index.php\/wp-json\/wp\/v2\/users\/2"}],"replies":[{"embeddable":true,"href":"https:\/\/sergiobertoldi.com\/index.php\/wp-json\/wp\/v2\/comments?post=4527"}],"version-history":[{"count":1,"href":"https:\/\/sergiobertoldi.com\/index.php\/wp-json\/wp\/v2\/posts\/4527\/revisions"}],"predecessor-version":[{"id":4529,"href":"https:\/\/sergiobertoldi.com\/index.php\/wp-json\/wp\/v2\/posts\/4527\/revisions\/4529"}],"wp:featuredmedia":[{"embeddable":true,"href":"https:\/\/sergiobertoldi.com\/index.php\/wp-json\/wp\/v2\/media\/4528"}],"wp:attachment":[{"href":"https:\/\/sergiobertoldi.com\/index.php\/wp-json\/wp\/v2\/media?parent=4527"}],"wp:term":[{"taxonomy":"category","embeddable":true,"href":"https:\/\/sergiobertoldi.com\/index.php\/wp-json\/wp\/v2\/categories?post=4527"},{"taxonomy":"post_tag","embeddable":true,"href":"https:\/\/sergiobertoldi.com\/index.php\/wp-json\/wp\/v2\/tags?post=4527"}],"curies":[{"name":"wp","href":"https:\/\/api.w.org\/{rel}","templated":true}]}}