{"id":4523,"date":"2022-11-22T13:00:12","date_gmt":"2022-11-22T16:00:12","guid":{"rendered":"https:\/\/sergiobertoldi.com\/?p=4523"},"modified":"2022-11-30T20:25:58","modified_gmt":"2022-11-30T23:25:58","slug":"com-nomes-aprovados-por-odair-hellmann-e-falcao-santos-vai-atras-de-pacotao-de-reforcos","status":"publish","type":"post","link":"https:\/\/sergiobertoldi.com\/index.php\/2022\/11\/22\/com-nomes-aprovados-por-odair-hellmann-e-falcao-santos-vai-atras-de-pacotao-de-reforcos\/","title":{"rendered":"Com nomes aprovados por Odair Hellmann e Falc\u00e3o Santos vai atr\u00e1s de pacot\u00e3o de refor\u00e7os"},"content":{"rendered":"<p><span style=\"font-family: helvetica, arial, sans-serif; font-size: 14pt;\"><strong><u>Al\u00f4 Na\u00e7\u00e3o Santista! Sauda\u00e7\u00f5es Alvinegras!<\/u><\/strong><\/span><\/p>\n<p><span style=\"font-family: arial, helvetica, sans-serif; font-size: 14pt;\">O Santos j\u00e1 come\u00e7a a esbo\u00e7ar um rascunho daquilo que pretende montar como seu plantel para a temporada 2023.<\/span><\/p>\n<p><span style=\"font-family: arial, helvetica, sans-serif; font-size: 14pt;\">Ap\u00f3s tomar as primeiras medidas para concretizar esse planejamento, realizando as contrata\u00e7\u00f5es de um Coordenador de Esportes e um Treinador, Paulo Roberto Falc\u00e3o e Odair Hellmann para cuidarem do futebol do clube, as pr\u00f3ximas provid\u00eancias que precisam ser tomadas, devem ser acerca da situa\u00e7\u00e3o do elenco para a pr\u00f3xima temporada!<\/span><\/p>\n<p><span style=\"font-family: arial, helvetica, sans-serif; font-size: 14pt;\">Falc\u00e3o tem trabalhado diretamente com o presidente Rueda, e ambos em videoconfer\u00eancia, trabalham com o treinador Odair Hellmann que se encontra assistindo os Jogos da Copa do Mundo no Qatar.<br \/>\n<\/span><span style=\"font-family: arial, helvetica, sans-serif; font-size: 14pt;\">Mesmo a dist\u00e2ncia, Hellmann tem participado ativamente das conversas principalmente sobre nomes de jogadores que possam refor\u00e7ar o Santos al\u00e9m de renova\u00e7\u00f5es de contratos e sa\u00eddas! Existe o consenso sobre a necessidade de se trazer jogadores com qualidade para chegarem j\u00e1 como titulares da posi\u00e7\u00e3o, e n\u00e3o apenas para comporem elenco ou serem meras promessas!<br \/>\n<\/span><span style=\"font-family: arial, helvetica, sans-serif; font-size: 14pt;\">Nesse sentido, dois desses casos s\u00e3o os dos meio-campistas <strong>Zanocelo <\/strong>e <strong>Rodrigo Fern\u00e1ndez<\/strong>.<\/span><\/p>\n<p><span style=\"font-family: arial, helvetica, sans-serif; font-size: 14pt;\">\u00a0O volante Rodrigo Fernandez tem contrato at\u00e9 dezembro mas sua aquisi\u00e7\u00e3o em definitivo j\u00e1 est\u00e1 apalavrada.<br \/>\n<\/span><span style=\"font-family: arial, helvetica, sans-serif; font-size: 14pt;\">Quanto a Zanocelo, esse j\u00e1 teve sua compra sacramentada!<br \/>\n<\/span><span style=\"font-family: arial, helvetica, sans-serif; font-size: 14pt;\">O Santos possui um elenco limitado e precisa urgentemente de refor\u00e7os.<br \/>\n<\/span><span style=\"font-family: arial, helvetica, sans-serif; font-size: 14pt;\">Sabendo disso, Falc\u00e3o j\u00e1 come\u00e7ou a analisar nomes dispon\u00edveis no mercado, e as negocia\u00e7\u00f5es seguem em andamento.<br \/>\n<\/span><span style=\"font-family: arial, helvetica, sans-serif; font-size: 14pt;\">Alguns jogadores v\u00eam tendo seus nomes discutidos pela Diretoria Santista e Comiss\u00e3o T\u00e9cnica, e est\u00e3o sendo avaliados como poss\u00edveis refor\u00e7os para 2023.<\/span><\/p>\n<p><span style=\"font-family: arial, helvetica, sans-serif; font-size: 14pt;\">Rueda j\u00e1 trabalha com alguns nomes para refor\u00e7ar o Alvinegro Praiano. S\u00e3o eles: o zagueiro <strong>Kannemann<\/strong>, do Gr\u00eamio, o lateral-esquerdo <strong>Jorge<\/strong>, do Palmeiras, na lateral-direita, um dos alvos do Santos \u00e9 o jogador <strong>Dudu<\/strong>, do Atl\u00e9tico-GO.<\/span><br \/>\n<span style=\"font-family: arial, helvetica, sans-serif; font-size: 14pt;\">Os volantes <strong>Jean Lucas<\/strong> e <strong>Edenilson<\/strong> e o atacante <strong>Mart\u00edn Lucero<\/strong>, do Colo Colo, do Chile, e o meio-campista <strong>Manuel Castro<\/strong>, do Independiente-ARG.<\/span><\/p>\n<p><span style=\"font-family: arial, helvetica, sans-serif; font-size: 14pt;\">Um nome bastante conhecido do torcedor Santista que inclusive j\u00e1 tem um acordo encaminhado para voltar ao Santos na pr\u00f3xima temporada, \u00e9 o do volante Alison que se recupera de les\u00e3o, e assim que estiver apto para entrar em campo, assinar\u00e1 contrato.<br \/>\n<\/span><span style=\"font-family: arial, helvetica, sans-serif; font-size: 14pt;\">Paralelamente a busca de refor\u00e7os, alguns jogadores j\u00e1 sa\u00edram e outros podem deixar o clube como os casos por exemplo, dos atletas <strong>Luan<\/strong>, que j\u00e1 deixou a Vila Belmiro e voltou para o Corinthians, e <strong>Lucas Pires<\/strong> e <strong>John<\/strong> que podem ser negociados com o S\u00e3o Paulo.<\/span><\/p>\n","protected":false},"excerpt":{"rendered":"<p>Al\u00f4 Na\u00e7\u00e3o Santista! Sauda\u00e7\u00f5es Alvinegras! O Santos j\u00e1 come\u00e7a a esbo\u00e7ar um rascunho daquilo que pretende montar como seu plantel<\/p>\n","protected":false},"author":2,"featured_media":4524,"comment_status":"open","ping_status":"open","sticky":false,"template":"","format":"standard","meta":{"colormag_page_container_layout":"default_layout","colormag_page_sidebar_layout":"default_layout","_jetpack_memberships_contains_paid_content":false,"footnotes":""},"categories":[4,30,10,31],"tags":[6],"class_list":["post-4523","post","type-post","status-publish","format-standard","has-post-thumbnail","hentry","category-bastidores-do-santos-fc","category-contratacoes","category-elenco-profissional","category-quem-chega-e-quem-sai","tag-santos-fc"],"jetpack_featured_media_url":"https:\/\/i0.wp.com\/sergiobertoldi.com\/wp-content\/uploads\/2022\/11\/1-Falcao-e-Odair-Hellmann-Foto-Montagem-1.jpg?fit=720%2C400&ssl=1","jetpack_likes_enabled":true,"jetpack_sharing_enabled":true,"_links":{"self":[{"href":"https:\/\/sergiobertoldi.com\/index.php\/wp-json\/wp\/v2\/posts\/4523","targetHints":{"allow":["GET"]}}],"collection":[{"href":"https:\/\/sergiobertoldi.com\/index.php\/wp-json\/wp\/v2\/posts"}],"about":[{"href":"https:\/\/sergiobertoldi.com\/index.php\/wp-json\/wp\/v2\/types\/post"}],"author":[{"embeddable":true,"href":"https:\/\/sergiobertoldi.com\/index.php\/wp-json\/wp\/v2\/users\/2"}],"replies":[{"embeddable":true,"href":"https:\/\/sergiobertoldi.com\/index.php\/wp-json\/wp\/v2\/comments?post=4523"}],"version-history":[{"count":1,"href":"https:\/\/sergiobertoldi.com\/index.php\/wp-json\/wp\/v2\/posts\/4523\/revisions"}],"predecessor-version":[{"id":4525,"href":"https:\/\/sergiobertoldi.com\/index.php\/wp-json\/wp\/v2\/posts\/4523\/revisions\/4525"}],"wp:featuredmedia":[{"embeddable":true,"href":"https:\/\/sergiobertoldi.com\/index.php\/wp-json\/wp\/v2\/media\/4524"}],"wp:attachment":[{"href":"https:\/\/sergiobertoldi.com\/index.php\/wp-json\/wp\/v2\/media?parent=4523"}],"wp:term":[{"taxonomy":"category","embeddable":true,"href":"https:\/\/sergiobertoldi.com\/index.php\/wp-json\/wp\/v2\/categories?post=4523"},{"taxonomy":"post_tag","embeddable":true,"href":"https:\/\/sergiobertoldi.com\/index.php\/wp-json\/wp\/v2\/tags?post=4523"}],"curies":[{"name":"wp","href":"https:\/\/api.w.org\/{rel}","templated":true}]}}