{"id":4519,"date":"2022-11-18T08:00:20","date_gmt":"2022-11-18T11:00:20","guid":{"rendered":"https:\/\/sergiobertoldi.com\/?p=4519"},"modified":"2022-11-28T01:02:27","modified_gmt":"2022-11-28T04:02:27","slug":"conheca-a-comissao-tecnica-que-chega-com-odair-hellmann-no-santos","status":"publish","type":"post","link":"https:\/\/sergiobertoldi.com\/index.php\/2022\/11\/18\/conheca-a-comissao-tecnica-que-chega-com-odair-hellmann-no-santos\/","title":{"rendered":"Conhe\u00e7a a Comiss\u00e3o T\u00e9cnica que chega com Odair Hellmann no Santos"},"content":{"rendered":"<p><span style=\"font-family: helvetica, arial, sans-serif; font-size: 14pt;\"><strong><u>Al\u00f4 Na\u00e7\u00e3o Santista! Sauda\u00e7\u00f5es Alvinegras!<\/u><\/strong><\/span><\/p>\n<p><span style=\"font-family: arial, helvetica, sans-serif; font-size: 14pt;\">Contratado junto ao no <strong>Al-Wasl FC<\/strong>, de Dubai, nos Emirados \u00c1rabes Unidos, o Santos anunciou recentemente a vinda do t\u00e9cnico Odair Hellmann para a temporada 2023.<\/span><br \/>\n<span style=\"font-family: arial, helvetica, sans-serif; font-size: 14pt;\">O novo comandante do time santista, chega junto com uma Comiss\u00e3o T\u00e9cnica formada por quatro profissionais, sendo tr\u00eas homens de confian\u00e7a do treinador mais um profissional trazido pelo Coordenador de Esportes Paulo Roberto Falc\u00e3o.<\/span><\/p>\n<p><span style=\"font-family: arial, helvetica, sans-serif; font-size: 14pt;\"><strong><u>Maur\u00edcio Dulac<\/u><\/strong> ter\u00e1 a incumb\u00eancia de\u00a0 ser o auxiliar t\u00e9cnico e o bra\u00e7o direito de Odair Hellmann.<\/span><br \/>\n<span style=\"font-family: arial, helvetica, sans-serif; font-size: 14pt;\">Dulac \u00e9 um dos profissionais da nova Comiss\u00e3o T\u00e9cnica do Santos, que acompanha o treinador catarinense desde o come\u00e7o da carreira, tendo estado com Odair no Internacional, Fluminense e Al-Wasl FC.<\/span><br \/>\n<span style=\"font-family: arial, helvetica, sans-serif; font-size: 14pt;\">Em 2016, Dulac fez parte da comiss\u00e3o de Scout da <strong>Sele\u00e7\u00e3o Brasileira<\/strong> e foi um dos precursores da an\u00e1lise de desempenho na sele\u00e7\u00e3o, quando o treinador Odair ganhou o ouro Ol\u00edmpico no mesmo ano como Auxiliar do t\u00e9cnico <strong>Rog\u00e9rio Micale<\/strong><\/span><\/p>\n<p><span style=\"font-family: arial, helvetica, sans-serif; font-size: 14pt;\"><strong><u>Rog\u00e9rio Dias<\/u><\/strong>, mais conhecido como \u00a0<strong>Rogerinho<\/strong>, chega para ser o rrespons\u00e1vel por trabalhar o preparo f\u00edsico do elenco Alvinegro.<\/span><br \/>\n<span style=\"font-family: arial, helvetica, sans-serif; font-size: 14pt;\">Tendo iniciado sua carreira no Gr\u00eamio, Rogerinho coordenou toda a prepara\u00e7\u00e3o f\u00edsica das categorias de base at\u00e9 ter seu trabalho promovido ao elenco &#8220;de cima&#8221;, em 2011, quando passou a integrar a comiss\u00e3o t\u00e9cnica principal do clube Ga\u00facho, tendo sido auxiliar de reconhecidos profissionais da \u00e1rea, como <strong>Paulo Paix\u00e3o<\/strong>, <strong>Ant\u00f4nio Mello<\/strong> e <strong>F\u00e1bio Mahseredjian<\/strong>.<\/span><br \/>\n<span style=\"font-family: arial, helvetica, sans-serif; font-size: 14pt;\">Desde o primeiro semestre de 2015, Rogerinho foi o preparador f\u00edsico principal do Tricolor, pentacampe\u00e3o da <strong>Copa do Brasil<\/strong> em <strong>2016<\/strong> e <strong>tri-campe\u00e3o da Copa Libertadores da Am\u00e9rica<\/strong> no ano seguinte. Tamb\u00e9m conquistou a <strong>Recopa Sul-Americana<\/strong>, dois <strong>Gauch\u00f5es <\/strong>e uma <strong>Recopa Ga\u00facha<\/strong>.<\/span><br \/>\n<span style=\"font-family: arial, helvetica, sans-serif; font-size: 14pt;\">Chegou \u00e0 <strong>Sele\u00e7\u00e3o Brasileira<\/strong> em <strong>2017,<\/strong> aos <strong>40 anos<\/strong>, convocado para trabalhar ao lado de <strong>Mahseredjian <\/strong>na prepara\u00e7\u00e3o do elenco para a disputa das <strong>Eliminat\u00f3rias Sul-Americanas ao Mundial da R\u00fassia-2018.<\/strong> Na mesma temporada foi eleito pela Confer\u00eancia Nacional do Futebol (<strong>CONAFUT<\/strong>) o melhor da fun\u00e7\u00e3o em atividade no pa\u00eds.<\/span><br \/>\n<span style=\"font-family: arial, helvetica, sans-serif; font-size: 14pt;\">Em <strong>2021<\/strong>, foi contratado para comandar a prepara\u00e7\u00e3o f\u00edsica do Al <strong>Wasl, dos Emirados \u00c1rabes<\/strong>, em sua primeira experi\u00eancia em clube fora do pa\u00eds.<\/span><\/p>\n<p><span style=\"font-family: arial, helvetica, sans-serif; font-size: 14pt;\">Quem chega tamb\u00e9m \u00e9 o analista <strong><u>F\u00e1bio Moreno<\/u><\/strong>, que se junta aos demais colegas de CT para trabalhar no Setor de Intelig\u00eancia\u00a0 do Santos, que j\u00e1 conta com <strong>Maickel Padilha<\/strong>, que chegou junto com o antigo treinador <strong>Lisca<\/strong> e permanece no Santos!.<\/span><\/p>\n<p><span style=\"font-family: arial, helvetica, sans-serif; font-size: 14pt;\">Por fim o \u00faltimo dos contratados, foi o profissional <strong>\u00c9lio Carravetta<\/strong>, que chega ao clube para a ger\u00eancia e o setor de an\u00e1lise de desempenho do clube.<\/span><br \/>\n<span style=\"font-family: arial, helvetica, sans-serif; font-size: 14pt;\">\u00a0\u00c9lio Carravetta, trabalhou por <strong>26<\/strong> anos no Inter de Porto Alegre, onde esteve \u00e0 frente de diversas fun\u00e7\u00f5es. No momento, era coordenador de sa\u00fade e performance. Falc\u00e3o \u201cficou muito feliz\u201d com o aceite de Carravetta para integrar o projeto do Peixe.<\/span><br \/>\n<span style=\"font-family: arial, helvetica, sans-serif; font-size: 14pt;\">Ap\u00f3s se formar em <strong>Educa\u00e7\u00e3o F\u00edsica<\/strong>, tornando-se mestre em m\u00e9todos e t\u00e9cnicas de ensino, doutor em <strong>filosofia e ci\u00eancias da educa\u00e7\u00e3o<\/strong> e <strong>MBA<\/strong> em <strong>neuroci\u00eancia e comportamento<\/strong>, \u00c9lio Carravetta se especializou em <strong>Ci\u00eancia do Esporte<\/strong>.<\/span><br \/>\n<span style=\"font-family: arial, helvetica, sans-serif; font-size: 14pt;\">Com seis livros publicados, Carravetta ser\u00e1 no Santos, um elo de liga\u00e7\u00e3o entre diretoria e departamentos de performance, m\u00e9dico e comiss\u00e3o t\u00e9cnica.<\/span><\/p>\n","protected":false},"excerpt":{"rendered":"<p>Al\u00f4 Na\u00e7\u00e3o Santista! Sauda\u00e7\u00f5es Alvinegras! Contratado junto ao no Al-Wasl FC, de Dubai, nos Emirados \u00c1rabes Unidos, o Santos anunciou<\/p>\n","protected":false},"author":2,"featured_media":4520,"comment_status":"open","ping_status":"open","sticky":false,"template":"","format":"standard","meta":{"colormag_page_container_layout":"default_layout","colormag_page_sidebar_layout":"default_layout","_jetpack_memberships_contains_paid_content":false,"footnotes":""},"categories":[4,30,10,31],"tags":[6],"class_list":["post-4519","post","type-post","status-publish","format-standard","has-post-thumbnail","hentry","category-bastidores-do-santos-fc","category-contratacoes","category-elenco-profissional","category-quem-chega-e-quem-sai","tag-santos-fc"],"jetpack_featured_media_url":"https:\/\/i0.wp.com\/sergiobertoldi.com\/wp-content\/uploads\/2022\/11\/9-comissao-tecnica-central.jpg?fit=434%2C283&ssl=1","jetpack_likes_enabled":true,"jetpack_sharing_enabled":true,"_links":{"self":[{"href":"https:\/\/sergiobertoldi.com\/index.php\/wp-json\/wp\/v2\/posts\/4519","targetHints":{"allow":["GET"]}}],"collection":[{"href":"https:\/\/sergiobertoldi.com\/index.php\/wp-json\/wp\/v2\/posts"}],"about":[{"href":"https:\/\/sergiobertoldi.com\/index.php\/wp-json\/wp\/v2\/types\/post"}],"author":[{"embeddable":true,"href":"https:\/\/sergiobertoldi.com\/index.php\/wp-json\/wp\/v2\/users\/2"}],"replies":[{"embeddable":true,"href":"https:\/\/sergiobertoldi.com\/index.php\/wp-json\/wp\/v2\/comments?post=4519"}],"version-history":[{"count":2,"href":"https:\/\/sergiobertoldi.com\/index.php\/wp-json\/wp\/v2\/posts\/4519\/revisions"}],"predecessor-version":[{"id":4522,"href":"https:\/\/sergiobertoldi.com\/index.php\/wp-json\/wp\/v2\/posts\/4519\/revisions\/4522"}],"wp:featuredmedia":[{"embeddable":true,"href":"https:\/\/sergiobertoldi.com\/index.php\/wp-json\/wp\/v2\/media\/4520"}],"wp:attachment":[{"href":"https:\/\/sergiobertoldi.com\/index.php\/wp-json\/wp\/v2\/media?parent=4519"}],"wp:term":[{"taxonomy":"category","embeddable":true,"href":"https:\/\/sergiobertoldi.com\/index.php\/wp-json\/wp\/v2\/categories?post=4519"},{"taxonomy":"post_tag","embeddable":true,"href":"https:\/\/sergiobertoldi.com\/index.php\/wp-json\/wp\/v2\/tags?post=4519"}],"curies":[{"name":"wp","href":"https:\/\/api.w.org\/{rel}","templated":true}]}}