{"id":4514,"date":"2022-11-23T09:00:57","date_gmt":"2022-11-23T12:00:57","guid":{"rendered":"https:\/\/sergiobertoldi.com\/?p=4514"},"modified":"2022-11-24T21:20:37","modified_gmt":"2022-11-25T00:20:37","slug":"odair-hellmann-ja-esta-liberado-para-comandar-o-time-do-santos","status":"publish","type":"post","link":"https:\/\/sergiobertoldi.com\/index.php\/2022\/11\/23\/odair-hellmann-ja-esta-liberado-para-comandar-o-time-do-santos\/","title":{"rendered":"Odair Hellmann j\u00e1 est\u00e1 liberado para comandar o time do Santos"},"content":{"rendered":"<p><span style=\"font-family: helvetica, arial, sans-serif; font-size: 14pt;\"><strong><u>Al\u00f4 Na\u00e7\u00e3o Santista! Sauda\u00e7\u00f5es Alvinegras!<\/u><\/strong><\/span><\/p>\n<p><span style=\"font-family: arial, helvetica, sans-serif; font-size: 14pt;\">Contratado recentemente para comandar o time do Santos at\u00e9 o final da pr\u00f3xima temporada de 2023, o t\u00e9cnico Odair Hellmann deve voltar ao Brasil na primeira semana de dezembro.<\/span><br \/>\n<span style=\"font-family: arial, helvetica, sans-serif; font-size: 14pt;\">Hellmann, est\u00e1 com a fam\u00edlia em Doha, capital do Qatar para assistir \u00e0 estreia da Sele\u00e7\u00e3o Brasileira na Copa do Mundo. Aproveitando que at\u00e9 27 de junho esteve trabalhando no <strong>Al-Wasl FC<\/strong>, de <strong>Dubai<\/strong>, nos <strong>Emirados \u00c1rabes Unidos<\/strong>, o novo treinador do Santos, quer assistir pelo menos alguns jogos da fase de grupos do Mundial antes de iniciar os trabalhos em seu novo clube!<\/span><\/p>\n<p><span style=\"font-family: arial, helvetica, sans-serif; font-size: 14pt;\">Mesmo ainda n\u00e3o estando presencialmente em Santos, o treinador do Peixe segue participando diariamente de reuni\u00f5es com o coordenador de esporte do Santos, Paulo Roberto Falc\u00e3o, e com toda a c\u00fapula santista para discutirem a reformula\u00e7\u00e3o do elenco, assim como decidirem dispensas e chegadas de refor\u00e7os.<\/span><br \/>\n<span style=\"font-family: arial, helvetica, sans-serif; font-size: 14pt;\">Um dos nomes pedidos pelo treinador \u00e9 o volante <strong>Eden\u00edlson<\/strong>, jogador com quem Odair j\u00e1 trabalhou e est\u00e1 no Internacional<\/span><\/p>\n<p><span style=\"font-family: arial, helvetica, sans-serif; font-size: 14pt;\">Mesmo n\u00e3o estando no Brasil, Odair Hellmann j\u00e1 est\u00e1 liberado para comandar o time do Santos.<\/span><br \/>\n<span style=\"font-family: arial, helvetica, sans-serif; font-size: 14pt;\">nesta quarta-feira (23), o treinador teve seu nome registrado no BID (Boletim Informativo Di\u00e1rio) da CBF, e est\u00e1 apto a comandar o time na beira do gramado!<\/span><\/p>\n<p><img data-recalc-dims=\"1\" loading=\"lazy\" decoding=\"async\" class=\"aligncenter wp-image-4515 size-full\" src=\"https:\/\/i0.wp.com\/sergiobertoldi.com\/wp-content\/uploads\/2022\/11\/Odair-01.png?resize=484%2C326&#038;ssl=1\" alt=\"\" width=\"484\" height=\"326\" srcset=\"https:\/\/i0.wp.com\/sergiobertoldi.com\/wp-content\/uploads\/2022\/11\/Odair-01.png?w=484&amp;ssl=1 484w, https:\/\/i0.wp.com\/sergiobertoldi.com\/wp-content\/uploads\/2022\/11\/Odair-01.png?resize=300%2C202&amp;ssl=1 300w\" sizes=\"auto, (max-width: 484px) 100vw, 484px\" \/><br \/>\n<span style=\"font-family: arial, helvetica, sans-serif; font-size: 14pt;\">Lembrando que a pr\u00e9-temporada do Santos come\u00e7a no dia 14 de dezembro, no CT Rei Pel\u00e9, local onde a prepara\u00e7\u00e3o para a temporada ser\u00e1 realizada!<\/span><br \/>\n<span style=\"font-family: arial, helvetica, sans-serif; font-size: 14pt;\">Em 2023 o Santos disputar\u00e1 \u00a0quatro torneios: <strong>Campeonato Paulista<\/strong>, <strong>Copa do Brasil<\/strong>, <strong>Campeonato Brasileiro<\/strong> e <strong>Copa Sul-Americana.<\/strong><\/span><\/p>\n<p>&nbsp;<\/p>\n","protected":false},"excerpt":{"rendered":"<p>Al\u00f4 Na\u00e7\u00e3o Santista! Sauda\u00e7\u00f5es Alvinegras! Contratado recentemente para comandar o time do Santos at\u00e9 o final da pr\u00f3xima temporada de<\/p>\n","protected":false},"author":2,"featured_media":4518,"comment_status":"open","ping_status":"open","sticky":false,"template":"","format":"standard","meta":{"colormag_page_container_layout":"default_layout","colormag_page_sidebar_layout":"default_layout","_jetpack_memberships_contains_paid_content":false,"footnotes":""},"categories":[12,4,32],"tags":[6],"class_list":["post-4514","post","type-post","status-publish","format-standard","has-post-thumbnail","hentry","category-analise-e-comentario","category-bastidores-do-santos-fc","category-treinador-santista","tag-santos-fc"],"jetpack_featured_media_url":"https:\/\/i0.wp.com\/sergiobertoldi.com\/wp-content\/uploads\/2022\/11\/Capt.png?fit=643%2C338&ssl=1","jetpack_likes_enabled":true,"jetpack_sharing_enabled":true,"_links":{"self":[{"href":"https:\/\/sergiobertoldi.com\/index.php\/wp-json\/wp\/v2\/posts\/4514","targetHints":{"allow":["GET"]}}],"collection":[{"href":"https:\/\/sergiobertoldi.com\/index.php\/wp-json\/wp\/v2\/posts"}],"about":[{"href":"https:\/\/sergiobertoldi.com\/index.php\/wp-json\/wp\/v2\/types\/post"}],"author":[{"embeddable":true,"href":"https:\/\/sergiobertoldi.com\/index.php\/wp-json\/wp\/v2\/users\/2"}],"replies":[{"embeddable":true,"href":"https:\/\/sergiobertoldi.com\/index.php\/wp-json\/wp\/v2\/comments?post=4514"}],"version-history":[{"count":1,"href":"https:\/\/sergiobertoldi.com\/index.php\/wp-json\/wp\/v2\/posts\/4514\/revisions"}],"predecessor-version":[{"id":4517,"href":"https:\/\/sergiobertoldi.com\/index.php\/wp-json\/wp\/v2\/posts\/4514\/revisions\/4517"}],"wp:featuredmedia":[{"embeddable":true,"href":"https:\/\/sergiobertoldi.com\/index.php\/wp-json\/wp\/v2\/media\/4518"}],"wp:attachment":[{"href":"https:\/\/sergiobertoldi.com\/index.php\/wp-json\/wp\/v2\/media?parent=4514"}],"wp:term":[{"taxonomy":"category","embeddable":true,"href":"https:\/\/sergiobertoldi.com\/index.php\/wp-json\/wp\/v2\/categories?post=4514"},{"taxonomy":"post_tag","embeddable":true,"href":"https:\/\/sergiobertoldi.com\/index.php\/wp-json\/wp\/v2\/tags?post=4514"}],"curies":[{"name":"wp","href":"https:\/\/api.w.org\/{rel}","templated":true}]}}