{"id":4493,"date":"2022-11-14T13:00:26","date_gmt":"2022-11-14T16:00:26","guid":{"rendered":"https:\/\/sergiobertoldi.com\/?p=4493"},"modified":"2022-11-23T23:55:05","modified_gmt":"2022-11-24T02:55:05","slug":"santos-anuncia-paulo-roberto-falcao-como-novo-coordenador-de-esportes-do-clube","status":"publish","type":"post","link":"https:\/\/sergiobertoldi.com\/index.php\/2022\/11\/14\/santos-anuncia-paulo-roberto-falcao-como-novo-coordenador-de-esportes-do-clube\/","title":{"rendered":"Santos anuncia Paulo Roberto Falc\u00e3o como novo Coordenador de Esportes do Clube"},"content":{"rendered":"<p><span style=\"font-family: helvetica, arial, sans-serif; font-size: 14pt;\"><strong><u>Al\u00f4 Na\u00e7\u00e3o Santista! Sauda\u00e7\u00f5es Alvinegras!<\/u><\/strong><strong>\u00a0<\/strong><\/span><\/p>\n<p style=\"text-align: justify;\"><span style=\"font-family: arial, helvetica, sans-serif; font-size: 14pt;\"><strong>Paulo Roberto Falc\u00e3o, <\/strong>foi anunciado nesta segunda-feira (14), como o novo coordenador t\u00e9cnico do\u00a0Santos, e j\u00e1 na quarta-feira (16), estar\u00e1 no centro de treinamento \u201c<strong>Rei Pel\u00e9\u201d<\/strong> para assinar o contrato com o clube e ser apresentado internamente.<\/span><\/p>\n<p style=\"text-align: justify;\"><span style=\"font-family: arial, helvetica, sans-serif; font-size: 14pt;\">Considerado como um dos maiores volantes da hist\u00f3ria da \u201cSele\u00e7\u00e3o Brasileira\u201d e do futebol mundial; como jogador Falc\u00e3o agregava t\u00e9cnica no drible, controle de bola e qualidade na finaliza\u00e7\u00e3o.<\/span><br \/>\n<span style=\"font-family: arial, helvetica, sans-serif; font-size: 14pt;\">Como jogador profissional no Internacional de Porto Alegre, falc\u00e3o notabilizou-se por sua impressionante trajet\u00f3ria no Colorado Ga\u00facho, quando mostrou-se um grande l\u00edder na vitoriosa campanha do Inter na d\u00e9cada de 1970, com tr\u00eas conquistas do Campeonato Brasileiro, sendo uma delas de forma invicta.<\/span><\/p>\n<p style=\"text-align: justify;\"><span style=\"font-family: arial, helvetica, sans-serif; font-size: 14pt;\">Adquirido no in\u00edcio da d\u00e9cada de <strong>1980,<\/strong> transferiu-se para a <strong>Roma<\/strong>, da It\u00e1lia pela soma de um milh\u00e3o e meio de d\u00f3lares, Falc\u00e3o ajudou o time a conquistar o Scudetto, fato que n\u00e3o ocorria desde <strong>1942<\/strong>, ocasi\u00e3o em que ganhou a alcunha de &#8220;<strong>Rei de Roma<\/strong>&#8221; (e, na pr\u00f3pria It\u00e1lia, de <strong>Divino<\/strong> ou &#8220;o <strong>oitavo rei de Roma<\/strong>&#8220;).<\/span><br \/>\n<span style=\"font-family: arial, helvetica, sans-serif; font-size: 14pt;\">Como treinador Falc\u00e3o ainda trabalhou nas equipes do <strong>Am\u00e9rica do M\u00e9xico<\/strong>, <strong>Internacional,<\/strong> <strong>Sele\u00e7\u00e3o do Jap\u00e3o<\/strong>, <strong>Bahia<\/strong> e <strong>Sport<\/strong>.<\/span><\/p>\n<p style=\"text-align: justify;\"><span style=\"font-family: arial, helvetica, sans-serif; font-size: 14pt;\">Quando foi procurado pelos dirigentes do Santos, inicialmente a vontade de Falc\u00e3o era seguir com a carreira de Treinador, mas foi convencido pelo presidente Andres Rueda para assumir uma nova fun\u00e7\u00e3o, um novo cargo como \u201cCoordenador T\u00e9cnico\u201d, desafio aceito diante do planejamento apresentado e proposto para 2023.<\/span><\/p>\n<p style=\"text-align: justify;\"><span style=\"font-family: arial, helvetica, sans-serif; font-size: 14pt;\"><img data-recalc-dims=\"1\" loading=\"lazy\" decoding=\"async\" class=\"aligncenter wp-image-4495\" src=\"https:\/\/i0.wp.com\/sergiobertoldi.com\/wp-content\/uploads\/2022\/11\/Falcao-e-Rueda.jpg?resize=600%2C333&#038;ssl=1\" alt=\"\" width=\"600\" height=\"333\" srcset=\"https:\/\/i0.wp.com\/sergiobertoldi.com\/wp-content\/uploads\/2022\/11\/Falcao-e-Rueda.jpg?w=846&amp;ssl=1 846w, https:\/\/i0.wp.com\/sergiobertoldi.com\/wp-content\/uploads\/2022\/11\/Falcao-e-Rueda.jpg?resize=300%2C167&amp;ssl=1 300w, https:\/\/i0.wp.com\/sergiobertoldi.com\/wp-content\/uploads\/2022\/11\/Falcao-e-Rueda.jpg?resize=768%2C427&amp;ssl=1 768w, https:\/\/i0.wp.com\/sergiobertoldi.com\/wp-content\/uploads\/2022\/11\/Falcao-e-Rueda.jpg?resize=800%2C445&amp;ssl=1 800w\" sizes=\"auto, (max-width: 600px) 100vw, 600px\" \/><\/span><br \/>\n<span style=\"font-family: arial, helvetica, sans-serif; font-size: 14pt;\">Antes mesmo de assumir seu cargo no Santos, a prioridade do novo coordenador \u00e9 a chegada de um t\u00e9cnico, j\u00e1 que a equipe est\u00e1 terminando a temporada 2022, sob o comando t\u00e9cnico do treinador <strong>Orlando Ribeiro<\/strong>, t\u00e9cnico da equipe <strong>Sub-20<\/strong> que interinamente,\u00a0assumiu o cargo de treinador da equipe principal do peixe,<strong>\u00a0<\/strong>desde a sa\u00edda de\u00a0<strong>Lisca<\/strong>.<\/span><\/p>\n<p style=\"text-align: justify;\" data-mrf-recirculation=\"Links-Parrafos\"><span style=\"font-family: arial, helvetica, sans-serif; font-size: 14pt;\">Rec\u00e9m-chegado ao Alvinegro de Vila Belmiro, Falc\u00e3o teve sinal verde do Presidente Rueda e seus pares do Comit\u00ea Gestor, e j\u00e1 definiu o nome que considera ideal para ser o t\u00e9cnico da equipe Santista, e est\u00e1 pr\u00f3ximo de anunci\u00e1-lo para a pr\u00f3xima temporada. Trata-se de <strong>Odair Hellmann,<\/strong>\u00a0que vinha atuando fora do pa\u00eds ap\u00f3s deixar o\u00a0<strong>Fluminense<\/strong><strong>\u00a0<\/strong>para atuar no\u00a0futebol internacional pela equipe do <strong>Al Wasl.<br \/>\nOdair Hellmann <\/strong>e<strong> Paulo Roberto Falc\u00e3o <\/strong>s\u00e3o amigos e j\u00e1 trabalharam juntos!<\/span><\/p>\n<p style=\"text-align: justify;\" data-mrf-recirculation=\"Links-Parrafos\"><span style=\"font-family: arial, helvetica, sans-serif; font-size: 14pt;\"><img data-recalc-dims=\"1\" loading=\"lazy\" decoding=\"async\" class=\"aligncenter wp-image-4496 size-full\" src=\"https:\/\/i0.wp.com\/sergiobertoldi.com\/wp-content\/uploads\/2022\/11\/Falcao-e-Odair.jpg?resize=558%2C374&#038;ssl=1\" alt=\"\" width=\"558\" height=\"374\" srcset=\"https:\/\/i0.wp.com\/sergiobertoldi.com\/wp-content\/uploads\/2022\/11\/Falcao-e-Odair.jpg?w=558&amp;ssl=1 558w, https:\/\/i0.wp.com\/sergiobertoldi.com\/wp-content\/uploads\/2022\/11\/Falcao-e-Odair.jpg?resize=300%2C201&amp;ssl=1 300w\" sizes=\"auto, (max-width: 558px) 100vw, 558px\" \/><\/span><\/p>\n<p style=\"text-align: justify;\" data-mrf-recirculation=\"Links-Parrafos\"><span style=\"font-family: arial, helvetica, sans-serif; font-size: 14pt;\"><strong><br \/>\n<\/strong>A prioridade agora passa a ser realizar uma reformula\u00e7\u00e3o\u00a0no elenco para a pr\u00f3xima temporada, manter uma equipe capaz de\u00a0brigar por<strong> t\u00edtulos<\/strong>\u00a0importantes para n\u00e3o repetir em 2023, as fracas atua\u00e7\u00f5es que fizeram nos \u00faltimos dois anos, o clube brigar apenas pela perman\u00eancia na elite do <strong>Futebol Paulista <\/strong>e na <strong>S\u00e9rie-A <\/strong>do Campeonato Brasileiro.<\/span><\/p>\n<p data-mrf-recirculation=\"Links-Parrafos\"><span style=\"text-decoration: underline;\"><span style=\"font-family: georgia, palatino, serif; font-size: 14pt;\"><strong>Acompanhe como foi a chegada de Falc\u00e3o ao Santos<\/strong><\/span><\/span><\/p>\n<div class=\"jetpack-video-wrapper\"><iframe loading=\"lazy\" title=\"FALC\u00c3O \u00c9 O NOVO COORDENADOR ESPORTIVO DO SANTOS FC\" width=\"800\" height=\"450\" src=\"https:\/\/www.youtube.com\/embed\/a0_3_vwmr-I?feature=oembed\" frameborder=\"0\" allow=\"accelerometer; autoplay; clipboard-write; encrypted-media; gyroscope; picture-in-picture\" allowfullscreen><\/iframe><\/div>\n<p style=\"text-align: justify;\"><span style=\"font-family: arial, helvetica, sans-serif; font-size: 14pt;\">(Cr\u00e9dito: Imagem: Ivan Storti\/Divulga\u00e7\u00e3o\/Santos FC)<br \/>\n<\/span><span style=\"font-family: arial, helvetica, sans-serif; font-size: 14pt;\">(Cr\u00e9dito: Imagem: SantosTV\/Divulga\u00e7\u00e3o\/Santos FC)<\/span><\/p>\n","protected":false},"excerpt":{"rendered":"<p>Al\u00f4 Na\u00e7\u00e3o Santista! Sauda\u00e7\u00f5es Alvinegras!\u00a0 Paulo Roberto Falc\u00e3o, foi anunciado nesta segunda-feira (14), como o novo coordenador t\u00e9cnico do\u00a0Santos, e<\/p>\n","protected":false},"author":2,"featured_media":4497,"comment_status":"open","ping_status":"open","sticky":false,"template":"","format":"standard","meta":{"colormag_page_container_layout":"default_layout","colormag_page_sidebar_layout":"default_layout","_jetpack_memberships_contains_paid_content":false,"footnotes":""},"categories":[4,30,10],"tags":[6],"class_list":["post-4493","post","type-post","status-publish","format-standard","has-post-thumbnail","hentry","category-bastidores-do-santos-fc","category-contratacoes","category-elenco-profissional","tag-santos-fc"],"jetpack_featured_media_url":"https:\/\/i0.wp.com\/sergiobertoldi.com\/wp-content\/uploads\/2022\/11\/LAEQIZPZQBGLRBCXA7X3I4SKBQ-scaled.jpg?fit=2560%2C1441&ssl=1","jetpack_likes_enabled":true,"jetpack_sharing_enabled":true,"_links":{"self":[{"href":"https:\/\/sergiobertoldi.com\/index.php\/wp-json\/wp\/v2\/posts\/4493","targetHints":{"allow":["GET"]}}],"collection":[{"href":"https:\/\/sergiobertoldi.com\/index.php\/wp-json\/wp\/v2\/posts"}],"about":[{"href":"https:\/\/sergiobertoldi.com\/index.php\/wp-json\/wp\/v2\/types\/post"}],"author":[{"embeddable":true,"href":"https:\/\/sergiobertoldi.com\/index.php\/wp-json\/wp\/v2\/users\/2"}],"replies":[{"embeddable":true,"href":"https:\/\/sergiobertoldi.com\/index.php\/wp-json\/wp\/v2\/comments?post=4493"}],"version-history":[{"count":4,"href":"https:\/\/sergiobertoldi.com\/index.php\/wp-json\/wp\/v2\/posts\/4493\/revisions"}],"predecessor-version":[{"id":4506,"href":"https:\/\/sergiobertoldi.com\/index.php\/wp-json\/wp\/v2\/posts\/4493\/revisions\/4506"}],"wp:featuredmedia":[{"embeddable":true,"href":"https:\/\/sergiobertoldi.com\/index.php\/wp-json\/wp\/v2\/media\/4497"}],"wp:attachment":[{"href":"https:\/\/sergiobertoldi.com\/index.php\/wp-json\/wp\/v2\/media?parent=4493"}],"wp:term":[{"taxonomy":"category","embeddable":true,"href":"https:\/\/sergiobertoldi.com\/index.php\/wp-json\/wp\/v2\/categories?post=4493"},{"taxonomy":"post_tag","embeddable":true,"href":"https:\/\/sergiobertoldi.com\/index.php\/wp-json\/wp\/v2\/tags?post=4493"}],"curies":[{"name":"wp","href":"https:\/\/api.w.org\/{rel}","templated":true}]}}