{"id":4443,"date":"2022-10-06T06:00:01","date_gmt":"2022-10-06T09:00:01","guid":{"rendered":"https:\/\/sergiobertoldi.com\/?p=4443"},"modified":"2022-10-19T10:03:30","modified_gmt":"2022-10-19T13:03:30","slug":"apos-13-anos-de-jejun-atletico-mg-volta-a-vencer-o-santos-na-vila-belmiro","status":"publish","type":"post","link":"https:\/\/sergiobertoldi.com\/index.php\/2022\/10\/06\/apos-13-anos-de-jejun-atletico-mg-volta-a-vencer-o-santos-na-vila-belmiro\/","title":{"rendered":"Ap\u00f3s 13 anos de Jejun Atl\u00e9tico-MG volta a vencer o Santos na Vila Belmiro"},"content":{"rendered":"<p><span style=\"font-family: 'times new roman', times, serif; font-size: 14pt;\"><strong><u>Al\u00f4 Na\u00e7\u00e3o Santista! Sauda\u00e7\u00f5es Alvinegras!<\/u><\/strong><strong><u>\u00a0<\/u><\/strong><\/span><\/p>\n<p><span style=\"font-family: helvetica, arial, sans-serif; font-size: 14pt;\">Necessitando de um bom resultado para continuar sonhando com uma classifica\u00e7\u00e3o para a Libertadores do ano que vem, al\u00e9m de paralelamente se livrar de vez de sofre qualquer risco de rebaixamento para a S\u00e9rie B, Jogando pela 30\u00aa rodada do Campeonato Brasileiro, Santos e Atl\u00e9tico Mineiro se enfrentaram na noite desta quarta-feira (5), \u00e0s 21h30 (de Bras\u00edlia), quando no Est\u00e1dio Urbano Caldeira, conhecido como Vila Belmiro a \u201cVila mais famosa do Mundo\u201d, os Santistas foram derrotas pelo placar de 2 a 1 com gols de Hulk, 26&#8217;\/2\u00baT (0-1), Marcos Leonardo, 42&#8217;\/2\u00baT (1-1), Nacho, 47&#8217;\/2\u00baT <\/span><br \/>\n<span style=\"font-family: helvetica, arial, sans-serif; font-size: 14pt;\">Com o resultado a equipe comandada pelo t\u00e9cnico Orlando Ribeiro caiu para a 13\u00aa coloca\u00e7\u00e3o na classifica\u00e7\u00e3o, com 37 pontos.<\/span><\/p>\n<p><span style=\"font-family: helvetica, arial, sans-serif; font-size: 14pt;\">Al\u00e9m da derrota, o Alvinegro Praiano viu os mineiros quebrarem um jejum que j\u00e1 durava 13 temporadas em que n\u00e3o sabiam o que era bater o Santos em plena Vila Belmiro!<\/span><br \/>\n<span style=\"font-family: helvetica, arial, sans-serif; font-size: 14pt;\">A \u00faltima vit\u00f3ria do Galo em territ\u00f3rio Peixeiro havia sido conquistada no Campeonato Brasileiro de 2009. <\/span><br \/>\n<span style=\"font-family: helvetica, arial, sans-serif; font-size: 14pt;\">At\u00e9 o jogo desta quarta-feira noite, tinham sido realizados 12 confrontos entre as equipes na Vila, com 11 vit\u00f3rias Santistas e apenas um empate.<\/span><\/p>\n<p><span style=\"font-family: helvetica, arial, sans-serif; font-size: 14pt;\">O Santos bem que tentou usar da for\u00e7a da Vila Belmiro, para garantir mais tr\u00eas pontos que seriam preciosos para as suas pretens\u00f5es na competi\u00e7\u00e3o e logo de cara partiu para o ataque buscando uma atitude ofensiva, na tentativa de encurralar o Galo Mineiro em seu pr\u00f3prio campo defensivo!<\/span><\/p>\n<p><span style=\"font-family: helvetica, arial, sans-serif; font-size: 14pt;\">Por\u00e9m o ataque do Peixe esbarrava n\u00e3o apenas em uma defesa bem postada e contando com uma noite inspirada do Goleiro Everson, mas principalmente em uma noite infeliz de seus atacantes que desperdi\u00e7avam oportunidades claras de gols, principalmente com o atacante Marcos Leonardo perdendo gols que normalmente n\u00e3o perderia, apesar do gol santista ter sido assinalado por ele em cobran\u00e7a de penalidade!<\/span><br \/>\n<span style=\"font-family: helvetica, arial, sans-serif; font-size: 14pt;\">A nota preocupante da noite al\u00e9m da derrota \u00e9 claro, ficou por conta do jogador Soteldo que deixou o gramado aos 31 minutos da primeira etapa, e no dia de hoje, quinta-feira (6), exames de imagem diagnosticaram uma les\u00e3o no b\u00edceps femural da coxa direita, uma ruptura do m\u00faculo. O jogador que come\u00e7ou a fazer o tratamento ainda no banco de reservas, j\u00e1 iniciou trabalho de Fisioterapia para a recupera\u00e7\u00e3o da les\u00e3o, que deve decretar o final do ano para o jogador que s\u00f3 deve retornar em 2023.<\/span><\/p>\n<p><span style=\"font-family: helvetica, arial, sans-serif; font-size: 14pt;\">O Santos volta a campo na pr\u00f3xima segunda-feira, quando \u00e0s 20 horas (de Bras\u00edlia), recebe na Vila Belmiro o Juventude, pela 31\u00aa rodada do Brasileir\u00e3o.<\/span><\/p>\n<p><span style=\"font-family: helvetica, arial, sans-serif; font-size: 14pt;\"><strong>FICHA T\u00c9CNICA<\/strong><\/span><br \/>\n<span style=\"font-family: helvetica, arial, sans-serif; font-size: 14pt;\"><strong>SANTOS X ATL\u00c9TICO-MG<\/strong><\/span><\/p>\n<p><span style=\"font-family: helvetica, arial, sans-serif; font-size: 14pt;\"><strong>Local:<\/strong>\u00a0Vila Belmiro, em Santos (SP)<\/span><br \/>\n<span style=\"font-family: helvetica, arial, sans-serif; font-size: 14pt;\"><strong>Data:<\/strong>\u00a05 de outubro de 2022, quarta-feira<\/span><br \/>\n<span style=\"font-family: helvetica, arial, sans-serif; font-size: 14pt;\"><strong>Hor\u00e1rio:<\/strong>\u00a021h30 (de Bras\u00edlia)<\/span><br \/>\n<span style=\"font-family: helvetica, arial, sans-serif; font-size: 14pt;\"><strong>\u00c1rbitro:<\/strong>\u00a0Bruno Arleu de Ara\u00fajo (Fifa\/RJ)<\/span><br \/>\n<span style=\"font-family: helvetica, arial, sans-serif; font-size: 14pt;\"><strong>Assistentes:<\/strong>\u00a0Carlos Henrique Alves de Lima Filho (RJ) e Michael Correia (RJ)<\/span><br \/>\n<span style=\"font-family: helvetica, arial, sans-serif; font-size: 14pt;\"><strong>VAR:<\/strong>\u00a0Wagner Reway (PB)<\/span><br \/>\n<span style=\"font-family: helvetica, arial, sans-serif; font-size: 14pt;\"><strong>Cart\u00f5es amarelos:<\/strong>\u00a0Lucas Braga (Santos); Jemerson, Ademir e Everson (Atl\u00e9tico-MG)<\/span><br \/>\n<span style=\"font-family: helvetica, arial, sans-serif; font-size: 14pt;\"><strong>Cart\u00e3o vermelho:<\/strong>\u00a0Nathan (Santos)<\/span><br \/>\n<span style=\"font-family: helvetica, arial, sans-serif; font-size: 14pt;\"><strong>GOLS:<\/strong>\u00a0Marcos Leonardo, aos 40 do 2\u00baT (Santos); Hulk, aos 26 do 2\u00baT, e Nacho, aos 45 do 2\u00baT (Atl\u00e9tico-MG)<\/span><\/p>\n<p><span style=\"font-family: helvetica, arial, sans-serif; font-size: 14pt;\"><strong>SANTOS:<\/strong>\u00a0Jo\u00e3o Paulo; Nathan, Luiz Felipe, Bauermann e Felipe Jonatan; Rodrigo Fern\u00e1ndez, S\u00e1nchez (Sandy) e Luan (Lucas Barbosa); \u00c2ngelo, Marcos Leonardo e Soteldo (Lucas Braga)<\/span><br \/>\n<span style=\"font-family: helvetica, arial, sans-serif; font-size: 14pt;\"><strong>T\u00e9cnico:<\/strong>\u00a0Orlando Ribeiro<\/span><\/p>\n<p><span style=\"font-family: helvetica, arial, sans-serif; font-size: 14pt;\"><strong>ATL\u00c9TICO-MG:<\/strong>\u00a0Everson; Guga, Jemerson, Junior Alonso e Dod\u00f4; Allan, Ot\u00e1vio (R\u00e9ver) e Zaracho (Alan Kardec); Pav\u00f3n (Calebe), Ademir (Nacho) e Hulk (Sasha).<\/span><br \/>\n<span style=\"font-family: helvetica, arial, sans-serif; font-size: 14pt;\"><strong>T\u00e9cnico:<\/strong>\u00a0Cuca<\/span><\/p>\n<p><span style=\"font-family: helvetica, arial, sans-serif; font-size: 14pt;\">\u00a0<\/span><span style=\"font-family: helvetica, arial, sans-serif; font-size: 14pt;\"><u>\u00a0<\/u><\/span><span style=\"font-family: helvetica, arial, sans-serif; font-size: 14pt;\"><u>Coletiva de imprensa p\u00f3s jogo<\/u><\/span><\/p>\n<div class=\"jetpack-video-wrapper\"><iframe loading=\"lazy\" title=\"ORLANDO RIBEIRO | COLETIVA (05\/10\/22)\" width=\"800\" height=\"450\" src=\"https:\/\/www.youtube.com\/embed\/IpUDS3s1_Mo?list=UU0uRT_armQXqds_rjTjqJ0g\" frameborder=\"0\" allow=\"accelerometer; autoplay; clipboard-write; encrypted-media; gyroscope; picture-in-picture\" allowfullscreen><\/iframe><\/div>\n<p><span style=\"font-family: helvetica, arial, sans-serif; font-size: 14pt;\">(Credito de imagem foto: Miguel Schincariol\/Lancepress)<br \/>\n<\/span><span style=\"font-family: helvetica, arial, sans-serif; font-size: 14pt;\">\u00a0(Cr\u00e9dito: Imagem: SantosTV\/Divulga\u00e7\u00e3o\/Santos FC)<\/span><\/p>\n","protected":false},"excerpt":{"rendered":"<p>Al\u00f4 Na\u00e7\u00e3o Santista! Sauda\u00e7\u00f5es Alvinegras!\u00a0 Necessitando de um bom resultado para continuar sonhando com uma classifica\u00e7\u00e3o para a Libertadores do<\/p>\n","protected":false},"author":2,"featured_media":4444,"comment_status":"open","ping_status":"open","sticky":false,"template":"","format":"standard","meta":{"colormag_page_container_layout":"default_layout","colormag_page_sidebar_layout":"default_layout","_jetpack_memberships_contains_paid_content":false,"footnotes":""},"categories":[12,11,16],"tags":[6],"class_list":["post-4443","post","type-post","status-publish","format-standard","has-post-thumbnail","hentry","category-analise-e-comentario","category-campeonato-brasileiro","category-resenha-do-jogo","tag-santos-fc"],"jetpack_featured_media_url":"https:\/\/i0.wp.com\/sergiobertoldi.com\/wp-content\/uploads\/2022\/10\/ultima-vitoria-do-atletico-sobre-o-santos-o1.jpg?fit=650%2C400&ssl=1","jetpack_likes_enabled":true,"jetpack_sharing_enabled":true,"_links":{"self":[{"href":"https:\/\/sergiobertoldi.com\/index.php\/wp-json\/wp\/v2\/posts\/4443","targetHints":{"allow":["GET"]}}],"collection":[{"href":"https:\/\/sergiobertoldi.com\/index.php\/wp-json\/wp\/v2\/posts"}],"about":[{"href":"https:\/\/sergiobertoldi.com\/index.php\/wp-json\/wp\/v2\/types\/post"}],"author":[{"embeddable":true,"href":"https:\/\/sergiobertoldi.com\/index.php\/wp-json\/wp\/v2\/users\/2"}],"replies":[{"embeddable":true,"href":"https:\/\/sergiobertoldi.com\/index.php\/wp-json\/wp\/v2\/comments?post=4443"}],"version-history":[{"count":1,"href":"https:\/\/sergiobertoldi.com\/index.php\/wp-json\/wp\/v2\/posts\/4443\/revisions"}],"predecessor-version":[{"id":4445,"href":"https:\/\/sergiobertoldi.com\/index.php\/wp-json\/wp\/v2\/posts\/4443\/revisions\/4445"}],"wp:featuredmedia":[{"embeddable":true,"href":"https:\/\/sergiobertoldi.com\/index.php\/wp-json\/wp\/v2\/media\/4444"}],"wp:attachment":[{"href":"https:\/\/sergiobertoldi.com\/index.php\/wp-json\/wp\/v2\/media?parent=4443"}],"wp:term":[{"taxonomy":"category","embeddable":true,"href":"https:\/\/sergiobertoldi.com\/index.php\/wp-json\/wp\/v2\/categories?post=4443"},{"taxonomy":"post_tag","embeddable":true,"href":"https:\/\/sergiobertoldi.com\/index.php\/wp-json\/wp\/v2\/tags?post=4443"}],"curies":[{"name":"wp","href":"https:\/\/api.w.org\/{rel}","templated":true}]}}