{"id":4406,"date":"2022-09-18T06:00:29","date_gmt":"2022-09-18T09:00:29","guid":{"rendered":"https:\/\/sergiobertoldi.com\/?p=4406"},"modified":"2022-09-20T00:21:22","modified_gmt":"2022-09-20T03:21:22","slug":"com-tecnico-interino-santos-enfrenta-classico-dificil-contra-o-lider-do-campeonato","status":"publish","type":"post","link":"https:\/\/sergiobertoldi.com\/index.php\/2022\/09\/18\/com-tecnico-interino-santos-enfrenta-classico-dificil-contra-o-lider-do-campeonato\/","title":{"rendered":"Com t\u00e9cnico interino Santos enfrenta Cl\u00e1ssico dif\u00edcil contra o l\u00edder do campeonato"},"content":{"rendered":"<p><span style=\"font-family: 'times new roman', times, serif; font-size: 14pt;\"><strong><u>Al\u00f4 Na\u00e7\u00e3o Santista! Sauda\u00e7\u00f5es Alvinegras!<\/u><\/strong><strong><u>\u00a0<\/u><\/strong><\/span><\/p>\n<p><span style=\"font-family: helvetica, arial, sans-serif; font-size: 14pt;\">O Santos volta a campo neste domingo (18), as 18h30 (de Bras\u00edlia) quando pela 27\u00aa rodada do Campeonato Brasileiro, disputa fora de casa no Allianz Parque, em S\u00e3o Paulo, o cl\u00e1ssico com o Palmeiras, l\u00edder do campeonato!<\/span><br \/>\n<span style=\"font-family: helvetica, arial, sans-serif; font-size: 14pt;\">Ocupando a 10\u00aa coloca\u00e7\u00e3o na tabela de classifica\u00e7\u00e3o com 34 pontos conquistados em 26 partidas, o Alvinegro de Vila Belmiro chega para o confronto com os Palmeirenses, vindo de uma semana conturbada que se iniciou com a surpreendente demiss\u00e3o do treinador Lisca, ap\u00f3s uma derrota fora de casa para o Cear\u00e1 na \u00faltima rodada.<\/span><\/p>\n<p><span style=\"font-family: helvetica, arial, sans-serif; font-size: 14pt;\">\u00a0O Santos chega para esse compromisso contra o Palmeiras tendo como \u00fanica baixa, o volante Rodrigo Fern\u00e1ndez, que sofreu uma les\u00e3o parcial do m\u00fasculo reto femoral da coxa direita, contus\u00e3o ocorrida na derrota de 2 a 1 para o Goi\u00e1s na pen\u00faltima rodada.<\/span><\/p>\n<p><span style=\"font-family: helvetica, arial, sans-serif; font-size: 14pt;\">Se o volante Rodrigo Fern\u00e1ndez \u00e9 baixa certa para esse compromisso, em compensa\u00e7\u00e3o, o t\u00e9cnico interino Orlando Ribeiro ter\u00e1 o retorno do experiente veterano Carlos S\u00e1nchez, que volta a ficar a disposi\u00e7\u00e3o ap\u00f3s se recuperar de les\u00e3o muscular na coxa esquerda, al\u00e9m de contar tamb\u00e9m com o retorno do atacante \u00c2ngelo que volta ao time depois ficar de fora dos dois \u00faltimos jogos, para servir a Sele\u00e7\u00e3o Brasileira sub-20 em um torneio no Uruguai.<\/span><\/p>\n<p><span style=\"font-family: helvetica, arial, sans-serif; font-size: 14pt;\">Desta maneira o Alvinegro Praiano deve vir escalado com a prov\u00e1vel forma\u00e7\u00e3o: <strong>Jo\u00e3o Paulo; Madson, Maicon, Bauermann e Felipe Jonatan; Camacho, Zanocelo e Lucas Barbosa; Lucas Braga, Marcos Leonardo e Soteldo<\/strong>.<br \/>\nT\u00e9cnico <strong>Orlando Ribeiro<\/strong><br \/>\n<\/span><\/p>\n<p><span style=\"font-family: helvetica, arial, sans-serif; font-size: 14pt;\">L\u00edder do Brasileir\u00e3o com 54 pontos, o Palmeiras chega para o cl\u00e1ssico, embalado pela real expectativa de chegar ao seu 11\u00ba t\u00edtulo Brasileiro, querendo se isolar mais ainda na ponta da tabela.<\/span><br \/>\n<span style=\"font-family: helvetica, arial, sans-serif; font-size: 14pt;\">Para essa partida o t\u00e9cnico Abel Ferreira n\u00e3o tem problemas em rela\u00e7\u00e3o a jogadores suspensos, por\u00e9m ter\u00e1 dois desfalques certos de jogadores que ficar\u00e3o fora do time pelo menos at\u00e9 o fim do Campeonato Brasileiro.<\/span><br \/>\n<span style=\"font-family: helvetica, arial, sans-serif; font-size: 14pt;\">O volante Jailson, que se recupera de les\u00e3o no joelho, e o meia Raphael Veiga, que passou por cirurgia no tornozelo direito.<\/span><\/p>\n<p><span style=\"font-family: helvetica, arial, sans-serif; font-size: 14pt;\">Desta forma o prov\u00e1vel time do Palmeiras deve vir a campo para encarar o Santos escalado com: <strong>Weverton; Marcos Rocha, Gustavo G\u00f3mez, Murilo e Piquerez; Danilo, Z\u00e9 Rafael e Bruno Tabata; Scarpa, Dudu e Rony<br \/>\n<\/strong>T\u00e9cnico <strong>Abel Ferreira<\/strong><\/span><\/p>\n<p><span style=\"font-family: helvetica, arial, sans-serif; font-size: 14pt;\"><strong><u>Conhe\u00e7a um pouco da hist\u00f3ria do advers\u00e1rio do Santos.<\/u><\/strong><strong><u>\u00a0<\/u><\/strong><\/span><\/p>\n<p><span style=\"font-family: helvetica, arial, sans-serif; font-size: 14pt;\">A\u00a0<strong>Sociedade Esportiva Palmeiras<\/strong>\u00a0(Conhecida popularmente como\u00a0<strong>Palmeiras<\/strong>) \u00e9 um\u00a0clube\u00a0poliesportivo\u00a0brasileiro\u00a0da cidade de S\u00e3o Paulo, capital do\u00a0estado hom\u00f4nimo. A Hist\u00f3ria da Sociedade Esportiva Palmeiras come\u00e7a no dia\u00a026 de agosto\u00a0de\u00a01914, quando o clube foi fundado por imigrantes italianos na cidade de S\u00e3o Paulo com o nome de\u00a0<em>Palestra It\u00e1lia<\/em>. A sua funda\u00e7\u00e3o se deu pela presen\u00e7a de dois times italianos no\u00a0Brasil, no caso o\u00a0Pro Vercelli\u00a0e o\u00a0Torino, impulsionando assim quatro jovens italianos a criar um time para a col\u00f4nia italiana, eram eles; Luigi Cervo, Luigi Marzo, Vincenzo Ragognetti e Ezequiel Simone, funcion\u00e1rios das Ind\u00fastrias Matarazzo (que contaram com o apoio da f\u00e1brica para fundar o clube). Suas\u00a0cores, presentes no escudo e bandeira oficial, s\u00e3o o\u00a0verde\u00a0e\u00a0branco. O\u00a0vermelho, presente desde sua funda\u00e7\u00e3o em\u00a01914, e alusivo a Bandeira da It\u00e1lia, \u00a0foi exclu\u00eddo durante a\u00a0Segunda Guerra Mundial,\u00a0 por press\u00e3o do governo nacional, na mesma reuni\u00e3o que formalizou a mudan\u00e7a de nome de\u00a0<strong><span style=\"color: #000080;\"><a style=\"color: #000080;\" href=\"https:\/\/pt.wikipedia.org\/wiki\/Sociedade_Esportiva_Palestra_It%C3%A1lia\" target=\"_blank\" rel=\"noopener\">Palestra It\u00e1lia<\/a><\/span><\/strong>\u00a0para Sociedade Esportiva Palmeiras.<\/span><br \/>\n<span style=\"font-family: helvetica, arial, sans-serif; font-size: 14pt;\">A primeira partida da equipe foi disputada em 24 de janeiro de 1915 contra o Sav\u00f3ia, do atual munic\u00edpio de Votorantim, \u00e0 \u00e9poca distrito de Sorocaba, no interior paulista, e contou com a vit\u00f3ria palestrina por 2 a 0, com gols de Bianco e Alegretti.<\/span><br \/>\n<span style=\"font-family: helvetica, arial, sans-serif; font-size: 14pt;\">Ap\u00f3s 30 anos de adora\u00e7\u00e3o pela torcida nas arquibancadas, o Porco Gobbato foi oficializado como mascote do clube em 2016, ganhando uma forma robusta e imponente e passando a animar os jogos do Verd\u00e3o ao lado do Periquito.<\/span><\/p>\n<p><span style=\"font-family: helvetica, arial, sans-serif; font-size: 14pt;\"><strong><u>Em sua galeria de trof\u00e9us, o Palmeiras ostenta os seguintes T\u00edtulos<\/u><\/strong><\/span><\/p>\n<ul>\n<li><span style=\"font-family: helvetica, arial, sans-serif; font-size: 14pt;\">Campeonato Paulista<strong>: (24)<\/strong><\/span><\/li>\n<li><span style=\"font-family: helvetica, arial, sans-serif; font-size: 14pt;\">Torneio Rio-S\u00e3o Paulo<strong>: 5 (1933, 1951, 1965, 1993 e 2000) <\/strong><\/span><\/li>\n<li><span style=\"font-family: helvetica, arial, sans-serif; font-size: 14pt;\">Campeonato Brasileiro S\u00e9rie A<strong>: (10)<\/strong><\/span><\/li>\n<li><span style=\"font-family: helvetica, arial, sans-serif; font-size: 14pt;\">Campeonato Brasileiro S\u00e9rie B<strong>: 2 (2003, 2013)<\/strong><\/span><\/li>\n<li><span style=\"font-family: helvetica, arial, sans-serif; font-size: 14pt;\">Copa do Brasil<strong>: 4 (1998, 2012, 2015 e 2020)<\/strong><\/span><\/li>\n<li><span style=\"font-family: helvetica, arial, sans-serif; font-size: 14pt;\">Copa dos Campe\u00f5es<strong>: (2000)<\/strong><\/span><\/li>\n<li><span style=\"font-family: helvetica, arial, sans-serif; font-size: 14pt;\">Copa Mercosul<strong>: 1 (1998)<\/strong><\/span><\/li>\n<li><span style=\"font-family: helvetica, arial, sans-serif; font-size: 14pt;\">Copa Libertadores da Am\u00e9rica<strong>: 3 (1999, 2020, 2021)<\/strong><\/span><\/li>\n<li><span style=\"font-family: helvetica, arial, sans-serif; font-size: 14pt;\">Recopa Sul-americana: <strong>1 (2022)<\/strong><strong><u>\u00a0<\/u><\/strong><\/span><\/li>\n<\/ul>\n<p><span style=\"font-family: helvetica, arial, sans-serif; font-size: 14pt;\"><strong><u>Uniformes <\/u><\/strong><strong><u>\u00a0<\/u><\/strong><\/span><\/p>\n<p><span style=\"font-family: helvetica, arial, sans-serif; font-size: 14pt;\"><img data-recalc-dims=\"1\" loading=\"lazy\" decoding=\"async\" class=\"alignnone size-medium wp-image-4407\" src=\"https:\/\/i0.wp.com\/sergiobertoldi.com\/wp-content\/uploads\/2022\/09\/Uniforme-do-Palmeiras.png?resize=300%2C151&#038;ssl=1\" alt=\"\" width=\"300\" height=\"151\" srcset=\"https:\/\/i0.wp.com\/sergiobertoldi.com\/wp-content\/uploads\/2022\/09\/Uniforme-do-Palmeiras.png?resize=300%2C151&amp;ssl=1 300w, https:\/\/i0.wp.com\/sergiobertoldi.com\/wp-content\/uploads\/2022\/09\/Uniforme-do-Palmeiras.png?w=345&amp;ssl=1 345w\" sizes=\"auto, (max-width: 300px) 100vw, 300px\" \/><\/span><\/p>\n<p><span style=\"font-family: helvetica, arial, sans-serif; font-size: 14pt;\"><strong><u>\u00a0<\/u><\/strong><strong><u>Confrontos ao longo da hist\u00f3ria<\/u><\/strong><\/span><\/p>\n<p><span style=\"font-family: helvetica, arial, sans-serif; font-size: 14pt;\"><strong><u>Retrospecto<\/u><\/strong><\/span><\/p>\n<p><span style=\"font-family: helvetica, arial, sans-serif; font-size: 14pt;\"><strong>Santos<\/strong> e <strong>S.E.Palmeiras <\/strong>\u00a0j\u00e1 se enfrentaram <strong>336 <\/strong><strong>vezes<\/strong> ao longo da hist\u00f3ria.<br \/>\n<\/span><span style=\"font-family: helvetica, arial, sans-serif; font-size: 14pt;\">Foram <strong>105<\/strong> <strong>vit\u00f3rias <\/strong>do Santos, contra <strong>144<\/strong> <strong>vit\u00f3rias<\/strong> do Palmeiras e <strong>87<\/strong> <strong>empates<\/strong>.<br \/>\n<\/span><span style=\"font-family: helvetica, arial, sans-serif; font-size: 14pt;\">O Peixe marcou <strong>478<\/strong> <strong>gols <\/strong>e sofreu <strong>572<\/strong> <strong>Saldo<\/strong> de <strong><u>-94<\/u><\/strong><\/span><\/p>\n<p><span style=\"font-family: helvetica, arial, sans-serif; font-size: 14pt;\">Em <strong><u>Campeonatos Brasileiros <\/u><\/strong>\u00a0Desde o primeiro confronto, foram <strong>78<\/strong> <strong>jogos<\/strong>, com <strong>28<\/strong> <strong>vit\u00f3rias<\/strong> do Santos, contra <strong>24 <\/strong><strong>vit\u00f3rias <\/strong>do Palmeiras e <strong>26<\/strong> <strong>empates<\/strong>. O time da Baixada Santista marcou <strong>87 <\/strong><strong>gols<\/strong> e sofreu <strong>90<\/strong>.<\/span><\/p>\n<p><span style=\"font-family: helvetica, arial, sans-serif; font-size: 14pt;\"><strong><u>O \u00faltimo Confronto<br \/>\n<\/u><\/strong><\/span><span style=\"font-family: helvetica, arial, sans-serif; font-size: 14pt;\">No \u00faltimo confronto, v\u00e1lido pelo <strong><u>Campeonato Brasileiro<\/u><\/strong>\u00a0 de <strong>2022<\/strong>, a partida terminou com derrota do Santos pelo placar de 1X0.<br \/>\nO jogo foi realizado na Vila Belmiro<\/span><\/p>\n<p><span style=\"font-family: helvetica, arial, sans-serif; font-size: 14pt;\">Cr\u00e9dito de Imagem (Foto: Ivan Storti\/Divulga\u00e7\u00e3o\/Santos FC)<\/span><\/p>\n","protected":false},"excerpt":{"rendered":"<p>Al\u00f4 Na\u00e7\u00e3o Santista! Sauda\u00e7\u00f5es Alvinegras!\u00a0 O Santos volta a campo neste domingo (18), as 18h30 (de Bras\u00edlia) quando pela 27\u00aa<\/p>\n","protected":false},"author":2,"featured_media":4408,"comment_status":"open","ping_status":"open","sticky":false,"template":"","format":"standard","meta":{"colormag_page_container_layout":"default_layout","colormag_page_sidebar_layout":"default_layout","_jetpack_memberships_contains_paid_content":false,"footnotes":""},"categories":[11,10,17,32],"tags":[6],"class_list":["post-4406","post","type-post","status-publish","format-standard","has-post-thumbnail","hentry","category-campeonato-brasileiro","category-elenco-profissional","category-pre-jogo","category-treinador-santista","tag-santos-fc"],"jetpack_featured_media_url":"https:\/\/i0.wp.com\/sergiobertoldi.com\/wp-content\/uploads\/2022\/09\/Orlando-Ribeiro-e-Claudiomiro.jpg?fit=799%2C533&ssl=1","jetpack_likes_enabled":true,"jetpack_sharing_enabled":true,"_links":{"self":[{"href":"https:\/\/sergiobertoldi.com\/index.php\/wp-json\/wp\/v2\/posts\/4406","targetHints":{"allow":["GET"]}}],"collection":[{"href":"https:\/\/sergiobertoldi.com\/index.php\/wp-json\/wp\/v2\/posts"}],"about":[{"href":"https:\/\/sergiobertoldi.com\/index.php\/wp-json\/wp\/v2\/types\/post"}],"author":[{"embeddable":true,"href":"https:\/\/sergiobertoldi.com\/index.php\/wp-json\/wp\/v2\/users\/2"}],"replies":[{"embeddable":true,"href":"https:\/\/sergiobertoldi.com\/index.php\/wp-json\/wp\/v2\/comments?post=4406"}],"version-history":[{"count":2,"href":"https:\/\/sergiobertoldi.com\/index.php\/wp-json\/wp\/v2\/posts\/4406\/revisions"}],"predecessor-version":[{"id":4410,"href":"https:\/\/sergiobertoldi.com\/index.php\/wp-json\/wp\/v2\/posts\/4406\/revisions\/4410"}],"wp:featuredmedia":[{"embeddable":true,"href":"https:\/\/sergiobertoldi.com\/index.php\/wp-json\/wp\/v2\/media\/4408"}],"wp:attachment":[{"href":"https:\/\/sergiobertoldi.com\/index.php\/wp-json\/wp\/v2\/media?parent=4406"}],"wp:term":[{"taxonomy":"category","embeddable":true,"href":"https:\/\/sergiobertoldi.com\/index.php\/wp-json\/wp\/v2\/categories?post=4406"},{"taxonomy":"post_tag","embeddable":true,"href":"https:\/\/sergiobertoldi.com\/index.php\/wp-json\/wp\/v2\/tags?post=4406"}],"curies":[{"name":"wp","href":"https:\/\/api.w.org\/{rel}","templated":true}]}}