{"id":4375,"date":"2022-09-13T10:00:05","date_gmt":"2022-09-13T13:00:05","guid":{"rendered":"https:\/\/sergiobertoldi.com\/?p=4375"},"modified":"2022-09-14T00:10:47","modified_gmt":"2022-09-14T03:10:47","slug":"desgaste-de-relacionamento-perda-de-comando-e-resultados-ruins-decretaram-a-queda-do-treinador-lisca-doido-do-comando-tecnico-do-santos","status":"publish","type":"post","link":"https:\/\/sergiobertoldi.com\/index.php\/2022\/09\/13\/desgaste-de-relacionamento-perda-de-comando-e-resultados-ruins-decretaram-a-queda-do-treinador-lisca-doido-do-comando-tecnico-do-santos\/","title":{"rendered":"Desgaste de relacionamento perda de comando e resultados ruins decretaram a queda do treinador Lisca Doido do comando t\u00e9cnico do Santos"},"content":{"rendered":"<p><span style=\"font-family: 'times new roman', times, serif; font-size: 14pt;\"><strong><u>Al\u00f4 Na\u00e7\u00e3o Santista! Sauda\u00e7\u00f5es Alvinegras!<\/u><\/strong><\/span><\/p>\n<p style=\"text-align: justify;\"><span style=\"font-family: helvetica, arial, sans-serif; font-size: 14pt;\">Luiz Carlos Cirne Lima de Lorenzi, ou simplesmente Lisca Doido como \u00e9 comumente conhecido, j\u00e1 faz faz parte do passado, mas com certeza n\u00e3o ser\u00e1 lembrado como parte da \u201cHist\u00f3ria\u201d do Santos Futebol Clube!<br \/>\n<\/span><span style=\"font-family: helvetica, arial, sans-serif; font-size: 14pt;\">Lisca chegou ao Santos fazendo sua estreia como treinador do time principal, no Santos, no dia 24 de Julho de 2022, na 19\u00aa Rodada do Campeonato Brasileir\u00e3o, contra a Fortaleza na Arena Castel\u00e3o, permanecendo \u00e0 frente do comando T\u00e9cnico da equipe, pelo curto per\u00edodo de exatos <strong>50<\/strong> dias!<br \/>\n<\/span><span style=\"font-family: helvetica, arial, sans-serif; font-size: 14pt;\">Neste tempo, dirigiu o time em apenas oito jogos, tendo um aproveitamento de apenas <strong>37,5%<\/strong> dos pontos disputados!<\/span><\/p>\n<p style=\"text-align: justify;\"><img data-recalc-dims=\"1\" loading=\"lazy\" decoding=\"async\" class=\"wp-image-4376 alignleft\" src=\"https:\/\/i0.wp.com\/sergiobertoldi.com\/wp-content\/uploads\/2022\/09\/Estatisticas.png?resize=350%2C298&#038;ssl=1\" alt=\"\" width=\"350\" height=\"298\" srcset=\"https:\/\/i0.wp.com\/sergiobertoldi.com\/wp-content\/uploads\/2022\/09\/Estatisticas.png?w=521&amp;ssl=1 521w, https:\/\/i0.wp.com\/sergiobertoldi.com\/wp-content\/uploads\/2022\/09\/Estatisticas.png?resize=300%2C255&amp;ssl=1 300w\" sizes=\"auto, (max-width: 350px) 100vw, 350px\" \/><\/p>\n<p>&nbsp;<\/p>\n<p>&nbsp;<\/p>\n<p>&nbsp;<\/p>\n<p>&nbsp;<\/p>\n<p>&nbsp;<\/p>\n<p>&nbsp;<\/p>\n<p>&nbsp;<\/p>\n<p>&nbsp;<\/p>\n<p>&nbsp;<\/p>\n<p style=\"text-align: justify;\"><span style=\"font-family: helvetica, arial, sans-serif; font-size: 14pt;\"><strong><u>Confira os resultados do Santos sob o comando de Lisca:<\/u><\/strong><\/span><span style=\"font-family: helvetica, arial, sans-serif; font-size: 14pt;\"><u>\u00a0<\/u><\/span><\/p>\n<p style=\"text-align: justify;\"><span style=\"font-family: helvetica, arial, sans-serif; font-size: 14pt;\">Fortaleza <strong>0<\/strong> x <strong>0<\/strong> Santos &#8211; Campeonato Brasileiro<br \/>\n<\/span><span style=\"font-family: helvetica, arial, sans-serif; font-size: 14pt;\">Santos <strong>2<\/strong> x <strong>2<\/strong> Fluminense &#8211; Campeonato Brasileiro<br \/>\n<\/span><span style=\"font-family: helvetica, arial, sans-serif; font-size: 14pt;\">Coritiba <strong>1<\/strong> x <strong>2<\/strong> Santos &#8211; Campeonato Brasileiro<br \/>\n<\/span><span style=\"font-family: helvetica, arial, sans-serif; font-size: 14pt;\">Am\u00e9rica-MG <strong>1<\/strong> x <strong>0<\/strong> Santos &#8211; Campeonato Brasileiro<br \/>\n<\/span><span style=\"font-family: helvetica, arial, sans-serif; font-size: 14pt;\">Santos <strong>1<\/strong> x <strong>0<\/strong> S\u00e3o Paulo &#8211; Campeonato Brasileiro<br \/>\n<\/span><span style=\"font-family: helvetica, arial, sans-serif; font-size: 14pt;\">Cuiab\u00e1 <strong>0<\/strong> x <strong>0<\/strong> Santos &#8211; Campeonato Brasileiro<br \/>\n<\/span><span style=\"font-family: helvetica, arial, sans-serif; font-size: 14pt;\">Santos <strong>1<\/strong> x <strong>2<\/strong> Goi\u00e1s &#8211; Campeonato Brasileiro<br \/>\n<\/span><span style=\"font-family: helvetica, arial, sans-serif; font-size: 14pt;\">Cear\u00e1 <strong>2<\/strong> x <strong>1<\/strong> Santos &#8211; Campeonato Brasileiro<\/span><\/p>\n<p style=\"text-align: justify;\"><span style=\"font-family: helvetica, arial, sans-serif; font-size: 14pt;\">Lisca foi dos \u00faltimos treinadores que passaram pelo Santos, aquele que mais refor\u00e7os para a equipe recebeu, e aquele que teve \u00e0 seu dispor, mais tempo livre para treinamentos para preparar a equipe tanto f\u00edsica como tecnicamente!<br \/>\n<\/span><span style=\"font-family: helvetica, arial, sans-serif; font-size: 14pt;\">Ainda assim n\u00e3o conseguiu mostrar com seu trabalho, nenhuma evolu\u00e7\u00e3o e seus n\u00fameros \u00e0 frente do Santos provam isso!<br \/>\n<\/span><span style=\"font-family: helvetica, arial, sans-serif; font-size: 14pt;\">E n\u00e3o pensem os amigos, que digo isso baseado apenas no seu p\u00edfio rendimento a beira do gramado n\u00e3o!<\/span><\/p>\n<p style=\"text-align: justify;\"><span style=\"font-family: helvetica, arial, sans-serif; font-size: 14pt;\">Muito dos motivos que levaram a Diretoria do Santos a anunciar nas primeiras horas da segunda-feira, a sa\u00edda do treinador, passam al\u00e9m dos resultados ruins, tamb\u00e9m por atitudes e declara\u00e7\u00f5es pol\u00eamicas do Lisca, fora dos gramados!<\/span><\/p>\n<p style=\"text-align: justify;\"><span style=\"font-family: helvetica, arial, sans-serif; font-size: 14pt;\">Lisca come\u00e7ou a cavar sua pr\u00f3pria sepultura quando com menos de uma semana de clube, se meteu em uma coletiva de imprensa, a falar bobagens e insinua\u00e7\u00f5es sobre o Auxiliar T\u00e9cnico Marcelo Fernandes, um cara muito querido por todos do elenco!<br \/>\n<\/span><span style=\"font-family: helvetica, arial, sans-serif; font-size: 14pt;\">Segundo erro do Treinador Santista foi inventar de fazer &#8220;Rod\u00edzio&#8221; com a bra\u00e7adeira de Capit\u00e3o, tirando a mesma do Goleiro Jo\u00e3o Paulo.<br \/>\n<\/span><span style=\"font-family: helvetica, arial, sans-serif; font-size: 14pt;\">Terceiro pecado capital do treinador, esse o mais grave e de uma burrice inexplic\u00e1vel para quem \u00e9 do futebol: jogar seus jogadores aos le\u00f5es!<\/span><\/p>\n<p style=\"text-align: justify;\"><span style=\"font-family: helvetica, arial, sans-serif; font-size: 14pt;\">Pequem as coletivas p\u00f3s jogo, principalmente as das derrotas do time, e todos ver\u00e3o o treinador via de regra expondo falhas individuais ou coletivas da equipe, praticamente se eximindo de culpa ou responsabilidade das derrotas!<br \/>\n<\/span><span style=\"font-family: helvetica, arial, sans-serif; font-size: 14pt;\">Lisca at\u00e9 tentava passar o pano, dizendo ser ele o treinador, mas n\u00e3o antes de expor seus jogadores!<br \/>\n<\/span><span style=\"font-family: helvetica, arial, sans-serif; font-size: 14pt;\">Quem conhece futebol sabe que isso nunca acaba bem.<\/span><\/p>\n<p style=\"text-align: justify;\"><span style=\"font-family: helvetica, arial, sans-serif; font-size: 14pt;\">N\u00e3o bastasse tudo isso, alguns epis\u00f3dios com alguns jogadores do elenco, contribu\u00edram decisivamente para uma r\u00e1pida deteriora\u00e7\u00e3o do ambiente, da rela\u00e7\u00e3o com os jogadores!<br \/>\n<\/span><span style=\"font-family: helvetica, arial, sans-serif; font-size: 14pt;\">Por todos esses motivos, tenho certeza que o Lisca perdeu o &#8220;Vesti\u00e1rio&#8221; e quando isso acontece: j\u00e1 era!<\/span><\/p>\n<p style=\"text-align: justify;\"><span style=\"font-family: helvetica, arial, sans-serif; font-size: 14pt;\">(Cr\u00e9dito: Imagem: Ivan Storti\/Divulga\u00e7\u00e3o\/Santos FC)<\/span><\/p>\n","protected":false},"excerpt":{"rendered":"<p>Al\u00f4 Na\u00e7\u00e3o Santista! Sauda\u00e7\u00f5es Alvinegras! Luiz Carlos Cirne Lima de Lorenzi, ou simplesmente Lisca Doido como \u00e9 comumente conhecido, j\u00e1<\/p>\n","protected":false},"author":2,"featured_media":4377,"comment_status":"open","ping_status":"open","sticky":false,"template":"","format":"standard","meta":{"colormag_page_container_layout":"default_layout","colormag_page_sidebar_layout":"default_layout","_jetpack_memberships_contains_paid_content":false,"footnotes":""},"categories":[12,4],"tags":[6],"class_list":["post-4375","post","type-post","status-publish","format-standard","has-post-thumbnail","hentry","category-analise-e-comentario","category-bastidores-do-santos-fc","tag-santos-fc"],"jetpack_featured_media_url":"https:\/\/i0.wp.com\/sergiobertoldi.com\/wp-content\/uploads\/2022\/09\/lisca-2.jpg?fit=450%2C253&ssl=1","jetpack_likes_enabled":true,"jetpack_sharing_enabled":true,"_links":{"self":[{"href":"https:\/\/sergiobertoldi.com\/index.php\/wp-json\/wp\/v2\/posts\/4375","targetHints":{"allow":["GET"]}}],"collection":[{"href":"https:\/\/sergiobertoldi.com\/index.php\/wp-json\/wp\/v2\/posts"}],"about":[{"href":"https:\/\/sergiobertoldi.com\/index.php\/wp-json\/wp\/v2\/types\/post"}],"author":[{"embeddable":true,"href":"https:\/\/sergiobertoldi.com\/index.php\/wp-json\/wp\/v2\/users\/2"}],"replies":[{"embeddable":true,"href":"https:\/\/sergiobertoldi.com\/index.php\/wp-json\/wp\/v2\/comments?post=4375"}],"version-history":[{"count":1,"href":"https:\/\/sergiobertoldi.com\/index.php\/wp-json\/wp\/v2\/posts\/4375\/revisions"}],"predecessor-version":[{"id":4378,"href":"https:\/\/sergiobertoldi.com\/index.php\/wp-json\/wp\/v2\/posts\/4375\/revisions\/4378"}],"wp:featuredmedia":[{"embeddable":true,"href":"https:\/\/sergiobertoldi.com\/index.php\/wp-json\/wp\/v2\/media\/4377"}],"wp:attachment":[{"href":"https:\/\/sergiobertoldi.com\/index.php\/wp-json\/wp\/v2\/media?parent=4375"}],"wp:term":[{"taxonomy":"category","embeddable":true,"href":"https:\/\/sergiobertoldi.com\/index.php\/wp-json\/wp\/v2\/categories?post=4375"},{"taxonomy":"post_tag","embeddable":true,"href":"https:\/\/sergiobertoldi.com\/index.php\/wp-json\/wp\/v2\/tags?post=4375"}],"curies":[{"name":"wp","href":"https:\/\/api.w.org\/{rel}","templated":true}]}}