{"id":4354,"date":"2022-09-10T08:00:24","date_gmt":"2022-09-10T11:00:24","guid":{"rendered":"https:\/\/sergiobertoldi.com\/?p=4354"},"modified":"2022-09-10T12:03:28","modified_gmt":"2022-09-10T15:03:28","slug":"fora-de-casa-na-arena-castelao-santos-vai-atras-de-recuperar-pontos-perdidos-na-vila","status":"publish","type":"post","link":"https:\/\/sergiobertoldi.com\/index.php\/2022\/09\/10\/fora-de-casa-na-arena-castelao-santos-vai-atras-de-recuperar-pontos-perdidos-na-vila\/","title":{"rendered":"Fora de casa na Arena Castel\u00e3o Santos vai atr\u00e1s de recuperar pontos perdidos na Vila"},"content":{"rendered":"<p><span style=\"font-family: 'times new roman', times, serif; font-size: 14pt;\"><strong><u>Al\u00f4 Na\u00e7\u00e3o Santista! Sauda\u00e7\u00f5es Alvinegras!<\/u><\/strong><\/span><\/p>\n<p><span style=\"font-family: helvetica, arial, sans-serif; font-size: 14pt;\">Em jogo \u00e9 v\u00e1lido pela 26\u00aa rodada do Brasileir\u00e3o, o Santos volta a jogar na tarde deste s\u00e1bado (10), \u00e0s 16h30 (de Bras\u00edlia), quando enfrenta fora de casa como visitante, a equipe do Cear\u00e1, na Arena Castel\u00e3o em Fortaleza-CE.<\/span><\/p>\n<p><span style=\"font-family: helvetica, arial, sans-serif; font-size: 14pt;\">Vencer o Cear\u00e1 logo mais na casa do advers\u00e1rio, significa mais do que uma mera reabilita\u00e7\u00e3o, ou a possibilidade de conseguir uma vaga na Libertadores do pr\u00f3ximo ano! Na verdade o confronto ganhou contornos de dramaticidade, primeiro porque o Cear\u00e1 tem sido um advers\u00e1rio indigesto, e o Peixe quer acabar com esse recente hist\u00f3rico negativo frente ao \u201cVoz\u00e3o\u201d, segundo porque o confronto \u00e9 considerado importante porque o Alvinegro de Vila Belmiro precisa voltar a pontuar ap\u00f3s derrota em casa para o Goi\u00e1s na \u00faltima rodada, quando o t\u00e9cnico Lisca sentiu que sua popularidade junto a torcida do Santos j\u00e1 n\u00e3o \u00e9 mais a mesma!<\/span><br \/>\n<span style=\"font-family: helvetica, arial, sans-serif; font-size: 14pt;\">E por \u00faltimo, uma vit\u00f3ria Santista fora de casa, al\u00e9m de acalmar os \u00e2nimos, daria ao Peixe importantes pontos para que os times abaixo na tabela n\u00e3o se aproximem ultrapassando o Santos!<\/span><\/p>\n<p><span style=\"font-family: helvetica, arial, sans-serif; font-size: 14pt;\">Para o confronto de logo mais, o t\u00e9cnico Lisca ter\u00e1 alguns desfalques para montar a equipe.<\/span><br \/>\n<span style=\"font-family: helvetica, arial, sans-serif; font-size: 14pt;\"><strong>Rodrigo Fern\u00e1ndez<\/strong>, com uma les\u00e3o muscular na coxa direita, e <strong>Carlos S\u00e1nchez<\/strong>, que se recupera de problema na coxa esquerda<\/span><br \/>\n<span style=\"font-family: helvetica, arial, sans-serif; font-size: 14pt;\">Desta forma, o prov\u00e1vel time do Santos deve vir a campo para encarar o Cear\u00e1 escalado com: <strong>Jo\u00e3o Paulo<\/strong>,\u00a0<strong>Madson<\/strong>,\u00a0<strong>Maicon<\/strong>,\u00a0<strong>Eduardo Bauermann<\/strong>,\u00a0<strong>Felipe Jonathan, Camacho, Zanocelo, Carbajal; Lucas Braga, Marcos Leonardo e Soteldo.<\/strong> T\u00e9c: <strong>Lisca Doido<\/strong><\/span><\/p>\n<p><span style=\"font-family: helvetica, arial, sans-serif; font-size: 14pt;\">Pelos lados do Voz\u00e3o que busca a primeira vit\u00f3ria no returno, nesse que ser\u00e1 o primeiro duelo do T\u00e9cnico Lucho Gonz\u00e1lez, que assumiu o comando t\u00e9cnico da equipe do Cear\u00e1 recentemente, e pela primeira vez comandar\u00e1 o time diante de sua torcida, n\u00e3o poder\u00e1 contar com os jogadores <strong>J\u00f4<\/strong> e <strong>Vina<\/strong>, suspensos, al\u00e9m de <strong>Cl\u00e9ber<\/strong>, <strong>Kelvyn<\/strong>, <strong>Rigonato<\/strong> e <strong>Lindoso<\/strong>, que seguem entregues ao departamento m\u00e9dico.<\/span><br \/>\n<span style=\"font-family: helvetica, arial, sans-serif; font-size: 14pt;\">Desta forma, o prov\u00e1vel time do Cear\u00e1 deve vir a campo para encarar o Santos escalado com: <strong>Jo\u00e3o Ricardo; Nino Para\u00edba, Messias, Luiz Ot\u00e1vio (Gabriel Lacerda) e Bruno Pacheco; Richard Coelho, Richardson e Lima (Guilherme Castilho); Jhon V\u00e1squez, Mendoza e Z\u00e9 Roberto.<\/strong> T\u00e9c: <strong>Lucho Gonz\u00e1lez<\/strong><strong>\u00a0<\/strong><\/span><\/p>\n<p><span style=\"font-family: helvetica, arial, sans-serif; font-size: 14pt;\"><strong><u>Conhe\u00e7a um pouco da hist\u00f3ria do advers\u00e1rio do Santos<\/u><\/strong><\/span><\/p>\n<p><span style=\"font-family: helvetica, arial, sans-serif; font-size: 14pt;\"><strong>O Cear\u00e1 Sporting Club<\/strong>\u00a0, ou\u00a0<strong>Cear\u00e1<\/strong>\u00a0, como costuma ser chamado, \u00e9 um clube de futebol da cidade de\u00a0<strong><span style=\"color: #000080;\"><a style=\"color: #000080;\" href=\"https:\/\/en.wikipedia.org\/wiki\/Fortaleza\" target=\"_blank\" rel=\"noopener\">Fortaleza<\/a><\/span><\/strong>\u00a0,\u00a0capital\u00a0do\u00a0estado\u00a0do\u00a0<strong><span style=\"color: #000080;\"><a style=\"color: #000080;\" href=\"https:\/\/en.wikipedia.org\/wiki\/Cear%C3%A1\" target=\"_blank\" rel=\"noopener\">Cear\u00e1<\/a><\/span><\/strong>, fundado em 2 de junho de 1914 como Rio Branco Futebol Clube, pelos amigos Lu\u00eds Esteves e Pedro Freire.<\/span><br \/>\n<span style=\"font-family: helvetica, arial, sans-serif; font-size: 14pt;\">Em 1915, no seu primeiro anivers\u00e1rio, o clube mudou seu nome para <strong>Cear\u00e1 Sporting Club<\/strong>.<\/span><br \/>\n<span style=\"font-family: helvetica, arial, sans-serif; font-size: 14pt;\">O Cear\u00e1 \u00e9 um dos clubes de\u00a0Fortaleza, mais tradicionalmente bem-sucedidos da regi\u00e3o Nordeste do\u00a0<a href=\"https:\/\/en.wikipedia.org\/wiki\/Brazil\">Brasil<\/a>.<\/span><\/p>\n<p><span style=\"font-family: helvetica, arial, sans-serif; font-size: 14pt;\">A sede do Cear\u00e1 \u00e9 o\u00a0<strong><span style=\"color: #000080;\"><a style=\"color: #000080;\" href=\"https:\/\/en.wikipedia.org\/wiki\/Est%C3%A1dio_Carlos_de_Alencar_Pinto\" target=\"_blank\" rel=\"noopener\">Est\u00e1dio Carlos de Alencar Pinto<\/a><\/span><\/strong>, com capacidade para 3.000 torcedores, mas a equipa manda seus jogos tradicionalmente no <strong><span style=\"color: #000080;\"><a style=\"color: #000080;\" href=\"https:\/\/en.wikipedia.org\/wiki\/Castel%C3%A3o_(Cear%C3%A1)\" target=\"_blank\" rel=\"noopener\">Est\u00e1dio do Castel\u00e3o,<\/a><\/span><\/strong>\u00a0com 60.326,\u00a0e no\u00a0<strong><span style=\"color: #000080;\"><a style=\"color: #000080;\" href=\"https:\/\/en.wikipedia.org\/wiki\/Est%C3%A1dio_Presidente_Vargas_(Cear%C3%A1)\" target=\"_blank\" rel=\"noopener\">Est\u00e1dio Presidente Vargas<\/a><\/span><\/strong>, com capacidade para 22.228.<\/span><br \/>\n<span style=\"font-family: helvetica, arial, sans-serif; font-size: 14pt;\">O mascote do time, um velho conhecido como &#8220;Vov\u00f4&#8221; (&#8220;Vov\u00f4&#8221;) vestindo uniforme cearense foi idealizado pelo\u00a0cartunista\u00a0cearense\u00a0Mino para o Projeto &#8220;Cear\u00e1: Paix\u00e3o Total&#8221; (Projeto &#8220;Cear\u00e1: Paix\u00e3o Plena&#8221;).<\/span><\/p>\n<p><span style=\"font-family: helvetica, arial, sans-serif; font-size: 14pt;\">O mascote do time, surgiu no final de 1919, quando Meton de Alencar Pinto, ex-presidente do Cear\u00e1 SC, treinava jovens jogadores do Am\u00e9rica Futebol Clube, pequeno clube da cidade, no centro de treinamento de Porangabussu.\u00a0Meton, que costumava chamar as crian\u00e7as de &#8220;meus netos&#8221;, pediu-lhes que &#8220;pegassem leve com o vov\u00f4&#8221;.\u00a0Depois, o apelido passou a valer tamb\u00e9m para o time do Cear\u00e1, ajudado pela antiguidade do clube.<\/span><\/p>\n<p><span style=\"font-family: helvetica, arial, sans-serif; font-size: 14pt;\"><strong><u>Em sua galeria de trof\u00e9us o Cear\u00e1 ostenta os seguintes T\u00edtulos<\/u><\/strong><\/span><\/p>\n<ul>\n<li><span style=\"font-family: helvetica, arial, sans-serif; font-size: 14pt;\"><a href=\"https:\/\/en.wikipedia.org\/wiki\/Campeonato_Brasileiro_S%C3%A9rie_A\" target=\"_blank\" rel=\"noopener\"><strong>Campeonato Cearense<\/strong><\/a><strong>: 45<\/strong><\/span><\/li>\n<li><span style=\"font-family: helvetica, arial, sans-serif; font-size: 14pt;\"><a href=\"https:\/\/en.wikipedia.org\/wiki\/Copa_do_Brasil\" target=\"_blank\" rel=\"noopener\"><strong>Copa do Nordeste<\/strong><\/a><strong>:\u00a02 (<\/strong><strong>2015<\/strong><a href=\"https:\/\/en.wikipedia.org\/wiki\/2007_Copa_do_Brasil\"><strong>,<\/strong><\/a><strong><u> 2020)<\/u><\/strong><\/span><\/li>\n<li><span style=\"font-family: helvetica, arial, sans-serif; font-size: 14pt;\"><a href=\"https:\/\/en.wikipedia.org\/wiki\/Campeonato_Brasileiro_S%C3%A9rie_C\" target=\"_blank\" rel=\"noopener\"><strong>Campeonato Brasileiro S\u00e9rie C<\/strong><\/a><strong>:\u00a0<\/strong><strong>1999<\/strong><\/span><\/li>\n<li><span style=\"font-family: helvetica, arial, sans-serif; font-size: 14pt;\"><a href=\"https:\/\/en.wikipedia.org\/wiki\/Primeira_Liga_(Brazil)\" target=\"_blank\" rel=\"noopener\"><strong>Torneio Norte-Nordeste<\/strong><\/a><strong>:\u00a0<\/strong><strong>1969<\/strong><\/span><\/li>\n<li><span style=\"font-family: helvetica, arial, sans-serif; font-size: 14pt;\"><a href=\"https:\/\/en.wikipedia.org\/wiki\/Torneio_Rio-S%C3%A3o_Paulo\" target=\"_blank\" rel=\"noopener\"><strong>Torneio In\u00edcio<\/strong><\/a><strong>:<\/strong><strong>12 (1922, 1923, 1926, 1932, 1936, 1937, 1943, 1947, 1952, 1953, 1967 e 1978)<\/strong><\/span><\/li>\n<\/ul>\n<p><span style=\"font-family: helvetica, arial, sans-serif; font-size: 14pt;\"><strong><u>Uniformes<\/u><\/strong><\/span><\/p>\n<p><span style=\"font-family: helvetica, arial, sans-serif; font-size: 14pt;\"><img data-recalc-dims=\"1\" loading=\"lazy\" decoding=\"async\" class=\"alignnone size-medium wp-image-4355\" src=\"https:\/\/i0.wp.com\/sergiobertoldi.com\/wp-content\/uploads\/2022\/09\/Uniforme-do-Ceara.png?resize=300%2C138&#038;ssl=1\" alt=\"\" width=\"300\" height=\"138\" srcset=\"https:\/\/i0.wp.com\/sergiobertoldi.com\/wp-content\/uploads\/2022\/09\/Uniforme-do-Ceara.png?resize=300%2C138&amp;ssl=1 300w, https:\/\/i0.wp.com\/sergiobertoldi.com\/wp-content\/uploads\/2022\/09\/Uniforme-do-Ceara.png?w=335&amp;ssl=1 335w\" sizes=\"auto, (max-width: 300px) 100vw, 300px\" \/><\/span><\/p>\n<p><span style=\"font-family: helvetica, arial, sans-serif; font-size: 14pt;\"><strong><u>Confrontos ao longo da hist\u00f3ria<\/u><\/strong><\/span><\/p>\n<p><span style=\"font-family: helvetica, arial, sans-serif; font-size: 14pt;\"><strong><u>\u00a0R<\/u><\/strong><strong><u>etrospecto <\/u><\/strong><\/span><\/p>\n<p><span style=\"font-family: helvetica, arial, sans-serif; font-size: 14pt;\"><strong>Santos<\/strong> e <strong>Cear\u00e1 Sporting Club<\/strong> j\u00e1 se enfrentaram <strong>22 <\/strong><strong>vezes<\/strong> ao longo da hist\u00f3ria.<\/span><br \/>\n<span style=\"font-family: helvetica, arial, sans-serif; font-size: 14pt;\">Foram <strong>10<\/strong> <strong>vit\u00f3rias <\/strong>do Santos, contra <strong>04<\/strong> <strong>vit\u00f3rias<\/strong> do Cear\u00e1 e <strong>08<\/strong> <strong>empates<\/strong>.<\/span><br \/>\n<span style=\"font-family: helvetica, arial, sans-serif; font-size: 14pt;\">O Peixe marcou <strong>28<\/strong> <strong>gols <\/strong>e sofreu <strong>18<\/strong> <strong>Saldo<\/strong> de <strong><u>+10<\/u><\/strong><\/span><\/p>\n<p><span style=\"font-family: helvetica, arial, sans-serif; font-size: 14pt;\">Em <strong><u>Campeonatos Brasileiros <\/u><\/strong>\u00a0Desde o primeiro confronto, foram <strong>18<\/strong> <strong>jogos<\/strong>, com <strong>08<\/strong> <strong>vit\u00f3rias<\/strong> do Santos, contra <strong>03 <\/strong><strong>vit\u00f3rias <\/strong>do Cear\u00e1 e <strong>07<\/strong> <strong>empates<\/strong>. O time da Baixada Santista marcou <strong>21 <\/strong><strong>gols<\/strong> e sofreu <strong>15<\/strong>.<\/span><\/p>\n<p><span style=\"font-family: helvetica, arial, sans-serif; font-size: 14pt;\"><strong><u>O \u00faltimo Confronto<br \/>\n<\/u><\/strong>No \u00faltimo confronto, v\u00e1lido pelo <strong><u>Campeonato Brasileiro<\/u><\/strong>\u00a0 de <strong>2022<\/strong>, a partida terminou com empate pelo placar de 0X0<\/span><br \/>\n<span style=\"font-family: helvetica, arial, sans-serif; font-size: 14pt;\">O jogo foi realizado na Arena Castel\u00e3o<\/span><\/p>\n<p><strong><u>\u00a0\u00a0\u00a0 <\/u><\/strong><\/p>\n","protected":false},"excerpt":{"rendered":"<p>Al\u00f4 Na\u00e7\u00e3o Santista! Sauda\u00e7\u00f5es Alvinegras! Em jogo \u00e9 v\u00e1lido pela 26\u00aa rodada do Brasileir\u00e3o, o Santos volta a jogar na<\/p>\n","protected":false},"author":2,"featured_media":4357,"comment_status":"open","ping_status":"open","sticky":false,"template":"","format":"standard","meta":{"colormag_page_container_layout":"default_layout","colormag_page_sidebar_layout":"default_layout","_jetpack_memberships_contains_paid_content":false,"footnotes":""},"categories":[11,56,17],"tags":[6],"class_list":["post-4354","post","type-post","status-publish","format-standard","has-post-thumbnail","hentry","category-campeonato-brasileiro","category-conheca-o-adversario","category-pre-jogo","tag-santos-fc"],"jetpack_featured_media_url":"https:\/\/i0.wp.com\/sergiobertoldi.com\/wp-content\/uploads\/2022\/09\/Arena-Castel-o-jpeg.jpg?fit=1280%2C720&ssl=1","jetpack_likes_enabled":true,"jetpack_sharing_enabled":true,"_links":{"self":[{"href":"https:\/\/sergiobertoldi.com\/index.php\/wp-json\/wp\/v2\/posts\/4354","targetHints":{"allow":["GET"]}}],"collection":[{"href":"https:\/\/sergiobertoldi.com\/index.php\/wp-json\/wp\/v2\/posts"}],"about":[{"href":"https:\/\/sergiobertoldi.com\/index.php\/wp-json\/wp\/v2\/types\/post"}],"author":[{"embeddable":true,"href":"https:\/\/sergiobertoldi.com\/index.php\/wp-json\/wp\/v2\/users\/2"}],"replies":[{"embeddable":true,"href":"https:\/\/sergiobertoldi.com\/index.php\/wp-json\/wp\/v2\/comments?post=4354"}],"version-history":[{"count":2,"href":"https:\/\/sergiobertoldi.com\/index.php\/wp-json\/wp\/v2\/posts\/4354\/revisions"}],"predecessor-version":[{"id":4358,"href":"https:\/\/sergiobertoldi.com\/index.php\/wp-json\/wp\/v2\/posts\/4354\/revisions\/4358"}],"wp:featuredmedia":[{"embeddable":true,"href":"https:\/\/sergiobertoldi.com\/index.php\/wp-json\/wp\/v2\/media\/4357"}],"wp:attachment":[{"href":"https:\/\/sergiobertoldi.com\/index.php\/wp-json\/wp\/v2\/media?parent=4354"}],"wp:term":[{"taxonomy":"category","embeddable":true,"href":"https:\/\/sergiobertoldi.com\/index.php\/wp-json\/wp\/v2\/categories?post=4354"},{"taxonomy":"post_tag","embeddable":true,"href":"https:\/\/sergiobertoldi.com\/index.php\/wp-json\/wp\/v2\/tags?post=4354"}],"curies":[{"name":"wp","href":"https:\/\/api.w.org\/{rel}","templated":true}]}}