{"id":4312,"date":"2022-08-17T12:40:55","date_gmt":"2022-08-17T15:40:55","guid":{"rendered":"https:\/\/sergiobertoldi.com\/?p=4312"},"modified":"2022-08-17T23:52:38","modified_gmt":"2022-08-18T02:52:38","slug":"santos-apresenta-soteldo-e-carabajal","status":"publish","type":"post","link":"https:\/\/sergiobertoldi.com\/index.php\/2022\/08\/17\/santos-apresenta-soteldo-e-carabajal\/","title":{"rendered":"Santos apresenta Soteldo e Carabajal"},"content":{"rendered":"<p><span style=\"font-family: 'times new roman', times, serif; font-size: 14pt;\"><strong><u>Al\u00f4 Na\u00e7\u00e3o Santista! Sauda\u00e7\u00f5es Alvinegras!<\/u><\/strong><\/span><\/p>\n<p style=\"text-align: justify;\"><span style=\"font-family: helvetica, arial, sans-serif; font-size: 14pt;\">O Santos apresentou nesta quarta-feira (17), na Vila Belmiro, seus dois \u00faltimos refor\u00e7os, considerados como as principais aquisi\u00e7\u00f5es para elevar a qualidade do meio campo e ataque do time!<\/span><br \/>\n<span style=\"font-family: helvetica, arial, sans-serif; font-size: 14pt;\"><strong>Yeferson Soteldo<\/strong> e <strong>Gabriel Carabajal<\/strong>, chegam para ajudar o Santos em seus objetivos para o restante da temporada, o principal deles tra\u00e7ado pelo treinador Lisca, uma vaga na Libertadores de 2023.<\/span><\/p>\n<p><img data-recalc-dims=\"1\" loading=\"lazy\" decoding=\"async\" class=\"alignnone wp-image-4313\" src=\"https:\/\/i0.wp.com\/sergiobertoldi.com\/wp-content\/uploads\/2022\/08\/52293346880_7d961a5c29_c.jpg?resize=375%2C251&#038;ssl=1\" alt=\"\" width=\"375\" height=\"251\" srcset=\"https:\/\/i0.wp.com\/sergiobertoldi.com\/wp-content\/uploads\/2022\/08\/52293346880_7d961a5c29_c.jpg?w=799&amp;ssl=1 799w, https:\/\/i0.wp.com\/sergiobertoldi.com\/wp-content\/uploads\/2022\/08\/52293346880_7d961a5c29_c.jpg?resize=300%2C201&amp;ssl=1 300w, https:\/\/i0.wp.com\/sergiobertoldi.com\/wp-content\/uploads\/2022\/08\/52293346880_7d961a5c29_c.jpg?resize=768%2C513&amp;ssl=1 768w\" sizes=\"auto, (max-width: 375px) 100vw, 375px\" \/> <img data-recalc-dims=\"1\" loading=\"lazy\" decoding=\"async\" class=\"alignnone wp-image-4314\" src=\"https:\/\/i0.wp.com\/sergiobertoldi.com\/wp-content\/uploads\/2022\/08\/52292862328_1e013f96b3_c.jpg?resize=375%2C250&#038;ssl=1\" alt=\"\" width=\"375\" height=\"250\" srcset=\"https:\/\/i0.wp.com\/sergiobertoldi.com\/wp-content\/uploads\/2022\/08\/52292862328_1e013f96b3_c.jpg?w=799&amp;ssl=1 799w, https:\/\/i0.wp.com\/sergiobertoldi.com\/wp-content\/uploads\/2022\/08\/52292862328_1e013f96b3_c.jpg?resize=300%2C200&amp;ssl=1 300w, https:\/\/i0.wp.com\/sergiobertoldi.com\/wp-content\/uploads\/2022\/08\/52292862328_1e013f96b3_c.jpg?resize=768%2C512&amp;ssl=1 768w\" sizes=\"auto, (max-width: 375px) 100vw, 375px\" \/><\/p>\n<p style=\"text-align: justify;\"><span style=\"font-family: helvetica, arial, sans-serif; font-size: 14pt;\">O meia-atacante Soteldo, j\u00e1 foi registrado no Boletim Informativo Di\u00e1rio <strong>BID<\/strong> da <strong>CBF<\/strong> nesta \u00faltima segunda-feira (15), ficando \u00e0 disposi\u00e7\u00e3o do t\u00e9cnico Lisca para fazer sua estreia com a camisa do Peixe.<br \/>\n<\/span><span style=\"font-family: helvetica, arial, sans-serif; font-size: 14pt;\">O mesmo acontece com o Argentino Gabriel Carabajal, que um dia depois na ter\u00e7a-feira (16), tamb\u00e9m j\u00e1 teve seu nome aparecendo no Boletim Informativo Di\u00e1rio (<strong>BID<\/strong>) da <strong>CBF<\/strong>.<\/span><\/p>\n<p><img data-recalc-dims=\"1\" loading=\"lazy\" decoding=\"async\" class=\"alignnone wp-image-4317\" src=\"https:\/\/i0.wp.com\/sergiobertoldi.com\/wp-content\/uploads\/2022\/08\/tempsnip-SOTELDO.png?resize=375%2C267&#038;ssl=1\" alt=\"\" width=\"375\" height=\"267\" srcset=\"https:\/\/i0.wp.com\/sergiobertoldi.com\/wp-content\/uploads\/2022\/08\/tempsnip-SOTELDO.png?w=497&amp;ssl=1 497w, https:\/\/i0.wp.com\/sergiobertoldi.com\/wp-content\/uploads\/2022\/08\/tempsnip-SOTELDO.png?resize=300%2C214&amp;ssl=1 300w\" sizes=\"auto, (max-width: 375px) 100vw, 375px\" \/> <img data-recalc-dims=\"1\" loading=\"lazy\" decoding=\"async\" class=\"alignnone wp-image-4318\" src=\"https:\/\/i0.wp.com\/sergiobertoldi.com\/wp-content\/uploads\/2022\/08\/tempsnip.png?resize=390%2C220&#038;ssl=1\" alt=\"\" width=\"390\" height=\"220\" srcset=\"https:\/\/i0.wp.com\/sergiobertoldi.com\/wp-content\/uploads\/2022\/08\/tempsnip.png?w=555&amp;ssl=1 555w, https:\/\/i0.wp.com\/sergiobertoldi.com\/wp-content\/uploads\/2022\/08\/tempsnip.png?resize=300%2C169&amp;ssl=1 300w\" sizes=\"auto, (max-width: 390px) 100vw, 390px\" \/><br \/>\n<span style=\"font-family: helvetica, arial, sans-serif; font-size: 14pt;\">Desta maneira, o meio-campista pode estrear contra o S\u00e3o Paulo, j\u00e1 no pr\u00f3ximo domingo, pela 23\u00aa rodada do Campeonato Brasileiro.<br \/>\n<\/span><span style=\"font-family: helvetica, arial, sans-serif; font-size: 14pt;\">Soteldo e Carabajal encontram-se treinando com o elenco desde segunda-feira, inclusive ambos participaram ontem ter\u00e7a-feira, de jogo-treino contra o elenco sub-20, na vit\u00f3ria de 3 a 0.<\/span><br \/>\n<span style=\"font-family: helvetica, arial, sans-serif; font-size: 14pt;\">Vivendo a expectativa de vestir novamente a camisa do Santos, nessa que ser\u00e1 sua segunda e quem sabe definitiva passagem pelo clube, Soteldo aproveitou o fato de estar em casa, como ele mesmo define a \u201c<strong>Vila Belmiro<\/strong>\u201d, e como bom anfitri\u00e3o tratou de fazer as honras da casa, e apresentar ao meia-atacante argentino Gabriel Carabajal, o \u201c<strong>Templo Sagrado do Futebol Mundial<\/strong>\u201d<\/span><\/p>\n<p><img data-recalc-dims=\"1\" loading=\"lazy\" decoding=\"async\" class=\"alignnone wp-image-4326\" src=\"https:\/\/i0.wp.com\/sergiobertoldi.com\/wp-content\/uploads\/2022\/08\/52292861648_d1ab4ac9be_c.jpg?resize=375%2C251&#038;ssl=1\" alt=\"\" width=\"375\" height=\"251\" srcset=\"https:\/\/i0.wp.com\/sergiobertoldi.com\/wp-content\/uploads\/2022\/08\/52292861648_d1ab4ac9be_c.jpg?w=799&amp;ssl=1 799w, https:\/\/i0.wp.com\/sergiobertoldi.com\/wp-content\/uploads\/2022\/08\/52292861648_d1ab4ac9be_c.jpg?resize=300%2C201&amp;ssl=1 300w, https:\/\/i0.wp.com\/sergiobertoldi.com\/wp-content\/uploads\/2022\/08\/52292861648_d1ab4ac9be_c.jpg?resize=768%2C513&amp;ssl=1 768w\" sizes=\"auto, (max-width: 375px) 100vw, 375px\" \/> <img data-recalc-dims=\"1\" loading=\"lazy\" decoding=\"async\" class=\"alignnone wp-image-4325\" src=\"https:\/\/i0.wp.com\/sergiobertoldi.com\/wp-content\/uploads\/2022\/08\/52292861181_4873a7f134_c.jpg?resize=375%2C250&#038;ssl=1\" alt=\"\" width=\"375\" height=\"250\" srcset=\"https:\/\/i0.wp.com\/sergiobertoldi.com\/wp-content\/uploads\/2022\/08\/52292861181_4873a7f134_c.jpg?w=800&amp;ssl=1 800w, https:\/\/i0.wp.com\/sergiobertoldi.com\/wp-content\/uploads\/2022\/08\/52292861181_4873a7f134_c.jpg?resize=300%2C200&amp;ssl=1 300w, https:\/\/i0.wp.com\/sergiobertoldi.com\/wp-content\/uploads\/2022\/08\/52292861181_4873a7f134_c.jpg?resize=768%2C513&amp;ssl=1 768w\" sizes=\"auto, (max-width: 375px) 100vw, 375px\" \/><\/p>\n<p style=\"text-align: justify;\"><span style=\"font-family: helvetica, arial, sans-serif; font-size: 14pt;\">Existe a expectativa que ambos possam estrear na equipe j\u00e1 neste domingo, quando \u00e0s 18 horas (de Bras\u00edlia),o Santos recebe na Vila Belmiro, pela 23\u00aa rodada do Campeonato brasileiro, o cl\u00e1ssico contra o S\u00e3o Paulo<\/span><\/p>\n<p style=\"text-align: justify;\"><span style=\"font-size: 14pt;\"><strong><span style=\"text-decoration: underline;\"><span style=\"font-family: helvetica, arial, sans-serif;\">Acompanhe a entrevista coletiva de apresenta\u00e7\u00e3o dos novos refor\u00e7os do Santos<\/span><\/span><\/strong><\/span><\/p>\n<div class=\"jetpack-video-wrapper\"><iframe loading=\"lazy\" title=\"SOTELDO E CARABAJAL | APRESENTA\u00c7\u00c3O (17\/08\/22)\" width=\"800\" height=\"450\" src=\"https:\/\/www.youtube.com\/embed\/OzRrb3dALFI?feature=oembed\" frameborder=\"0\" allow=\"accelerometer; autoplay; clipboard-write; encrypted-media; gyroscope; picture-in-picture\" allowfullscreen><\/iframe><\/div>\n<p style=\"text-align: justify;\"><span style=\"font-family: helvetica, arial, sans-serif; font-size: 14pt;\">(Cr\u00e9dito: Imagem: Ivan Storti\/Divulga\u00e7\u00e3o\/Santos FC)<\/span><br \/>\n<span style=\"font-family: helvetica, arial, sans-serif; font-size: 14pt;\">(Cr\u00e9dito: Imagem: SantosTV\/Divulga\u00e7\u00e3o\/Santos FC)<\/span><\/p>\n<p>&nbsp;<\/p>\n","protected":false},"excerpt":{"rendered":"<p>Al\u00f4 Na\u00e7\u00e3o Santista! Sauda\u00e7\u00f5es Alvinegras! O Santos apresentou nesta quarta-feira (17), na Vila Belmiro, seus dois \u00faltimos refor\u00e7os, considerados como<\/p>\n","protected":false},"author":2,"featured_media":4328,"comment_status":"open","ping_status":"open","sticky":false,"template":"","format":"standard","meta":{"colormag_page_container_layout":"default_layout","colormag_page_sidebar_layout":"default_layout","_jetpack_memberships_contains_paid_content":false,"footnotes":""},"categories":[4,30,22],"tags":[6],"class_list":["post-4312","post","type-post","status-publish","format-standard","has-post-thumbnail","hentry","category-bastidores-do-santos-fc","category-contratacoes","category-entrevista-coletiva","tag-santos-fc"],"jetpack_featured_media_url":"https:\/\/i0.wp.com\/sergiobertoldi.com\/wp-content\/uploads\/2022\/08\/52292862928_94cb5c5e76_z.jpg?fit=639%2C427&ssl=1","jetpack_likes_enabled":true,"jetpack_sharing_enabled":true,"_links":{"self":[{"href":"https:\/\/sergiobertoldi.com\/index.php\/wp-json\/wp\/v2\/posts\/4312","targetHints":{"allow":["GET"]}}],"collection":[{"href":"https:\/\/sergiobertoldi.com\/index.php\/wp-json\/wp\/v2\/posts"}],"about":[{"href":"https:\/\/sergiobertoldi.com\/index.php\/wp-json\/wp\/v2\/types\/post"}],"author":[{"embeddable":true,"href":"https:\/\/sergiobertoldi.com\/index.php\/wp-json\/wp\/v2\/users\/2"}],"replies":[{"embeddable":true,"href":"https:\/\/sergiobertoldi.com\/index.php\/wp-json\/wp\/v2\/comments?post=4312"}],"version-history":[{"count":10,"href":"https:\/\/sergiobertoldi.com\/index.php\/wp-json\/wp\/v2\/posts\/4312\/revisions"}],"predecessor-version":[{"id":4330,"href":"https:\/\/sergiobertoldi.com\/index.php\/wp-json\/wp\/v2\/posts\/4312\/revisions\/4330"}],"wp:featuredmedia":[{"embeddable":true,"href":"https:\/\/sergiobertoldi.com\/index.php\/wp-json\/wp\/v2\/media\/4328"}],"wp:attachment":[{"href":"https:\/\/sergiobertoldi.com\/index.php\/wp-json\/wp\/v2\/media?parent=4312"}],"wp:term":[{"taxonomy":"category","embeddable":true,"href":"https:\/\/sergiobertoldi.com\/index.php\/wp-json\/wp\/v2\/categories?post=4312"},{"taxonomy":"post_tag","embeddable":true,"href":"https:\/\/sergiobertoldi.com\/index.php\/wp-json\/wp\/v2\/tags?post=4312"}],"curies":[{"name":"wp","href":"https:\/\/api.w.org\/{rel}","templated":true}]}}