{"id":4275,"date":"2022-08-12T13:00:33","date_gmt":"2022-08-12T16:00:33","guid":{"rendered":"https:\/\/sergiobertoldi.com\/?p=4275"},"modified":"2022-08-12T22:44:19","modified_gmt":"2022-08-13T01:44:19","slug":"santos-anuncia-o-meia-argentino-gabriel-carabajal","status":"publish","type":"post","link":"https:\/\/sergiobertoldi.com\/index.php\/2022\/08\/12\/santos-anuncia-o-meia-argentino-gabriel-carabajal\/","title":{"rendered":"Santos anuncia o meia argentino Gabriel Carabajal"},"content":{"rendered":"<p><span style=\"font-family: 'times new roman', times, serif; font-size: 14pt;\"><strong><u>Al\u00f4 Na\u00e7\u00e3o Santista! Sauda\u00e7\u00f5es Alvinegras!<\/u><\/strong><\/span><\/p>\n<p><span style=\"font-family: helvetica, arial, sans-serif; font-size: 14pt;\">A Diretoria do Santos anunciou oficialmente nesta sexta-feira, (<strong>12<\/strong>), a contrata\u00e7\u00e3o de mais um refor\u00e7o para entregar mais qualidade ao meio campo do Peixe.<\/span><br \/>\n<span style=\"font-family: helvetica, arial, sans-serif; font-size: 14pt;\">O meio-campista Argentino, <strong>Gabriel Carabajal,<\/strong> \u00e9 o quarto refor\u00e7o do Alvinegro Praiano, mais uma contrata\u00e7\u00e3o para a sequ\u00eancia da temporada, jogador que chega para juntar-se aos rec\u00e9m contratados lateral-direito <strong>Nathan<\/strong>, meia <strong>Luan<\/strong> e o atacante <strong>Soteldo<\/strong>!<\/span><\/p>\n<p><span style=\"font-family: helvetica, arial, sans-serif; font-size: 14pt;\"><img data-recalc-dims=\"1\" loading=\"lazy\" decoding=\"async\" class=\"aligncenter wp-image-4277 size-full\" src=\"https:\/\/i0.wp.com\/sergiobertoldi.com\/wp-content\/uploads\/2022\/08\/Carbahal-01.png?resize=472%2C472&#038;ssl=1\" alt=\"\" width=\"472\" height=\"472\" srcset=\"https:\/\/i0.wp.com\/sergiobertoldi.com\/wp-content\/uploads\/2022\/08\/Carbahal-01.png?w=472&amp;ssl=1 472w, https:\/\/i0.wp.com\/sergiobertoldi.com\/wp-content\/uploads\/2022\/08\/Carbahal-01.png?resize=300%2C300&amp;ssl=1 300w, https:\/\/i0.wp.com\/sergiobertoldi.com\/wp-content\/uploads\/2022\/08\/Carbahal-01.png?resize=150%2C150&amp;ssl=1 150w\" sizes=\"auto, (max-width: 472px) 100vw, 472px\" \/><\/span><\/p>\n<p><span style=\"font-family: helvetica, arial, sans-serif; font-size: 14pt;\">Ap\u00f3s ver frustradas duas negocia\u00e7\u00f5es com dois clubes argentinos, quando n\u00e3o obteve sucesso na tentativa de contratar o lateral-direito <strong>Lucas Blondel <\/strong>da equipe do Tigre, e o meio-campista <strong>Franco Cristaldo<\/strong>, da equipe do Hurac\u00e1n, o Santos finalmente conseguiu a aquisi\u00e7\u00e3o de um meia armador, posi\u00e7\u00e3o considerada carente no elenco, e tida como um ganho de qualidade, para o objetivo do Santos n\u00e3o s\u00f3 de conquistar com tranquilidade sua perman\u00eancia na S\u00e9rie A do Brasileir\u00e3o 2022, como o objetivo tra\u00e7ado pelo t\u00e9cnico Lisca, de conquistar uma vaga na Libertadores de 2023.<\/span><\/p>\n<p><span style=\"font-family: helvetica, arial, sans-serif; font-size: 14pt;\">Nascido em C\u00f3rdoba, na Argentina, Carabajal iniciou sua carreira jogando pelo <strong>Talleres <\/strong>no ano de\u00a0<strong>2009<\/strong>.<\/span><br \/>\n<span style=\"font-family: helvetica, arial, sans-serif; font-size: 14pt;\">Ap\u00f3s disputar algumas temporadas pelo clube, em <strong>2015<\/strong> foi jogar no futebol Peruano, emprestado ao <strong>Universidad de San Mart\u00edn<\/strong>, retornando ao futebol argentino no ano seguinte, quando em <strong>2016<\/strong> foi jogar pelo <strong>Godoy Cruz<\/strong> onde permaneceu de <strong>2016<\/strong> a <strong>2018<\/strong>, sendo durante esse per\u00edodo, emprestado em <strong>2017<\/strong> ao <strong>Club Atl\u00e9tico San Mart\u00edn<\/strong><\/span><br \/>\n<span style=\"font-family: helvetica, arial, sans-serif; font-size: 14pt;\">O Jogador ainda soma passagens pelo <strong>Club Atl\u00e9tico Patronato<\/strong> (<strong>2018\u20132019<\/strong>), <strong>Uni\u00f3n de Santa Fe<\/strong> (<strong>2019\u20132021<\/strong>), e <strong>Argentinos Juniors<\/strong> (<strong>2021-2022<\/strong>)<\/span><\/p>\n<p><span style=\"font-family: helvetica, arial, sans-serif; font-size: 14pt;\">Aos 30 anos de idade, o jogador foi adquirido junto ao\u00a0<strong>Argentinos Juniors<\/strong>\u00a0 pelo valor de <strong>R$ 8 milh\u00f5es<\/strong>, com contrato assinado por quatro anos, at\u00e9 o fim do ano de <strong>2026<\/strong>, com o Santos tendo adquirido <strong>100%<\/strong> dos direitos econ\u00f4micos do atleta.<\/span><br \/>\n<span style=\"font-family: helvetica, arial, sans-serif; font-size: 14pt;\">Em <strong>2022<\/strong> o jogador atuou em <strong>29 jogos<\/strong>, assinalando tr\u00eas gols e duas assist\u00eancias. Em <strong>2021<\/strong>, foram quatro gols e seis assist\u00eancias.<\/span><\/p>\n<p><span style=\"font-family: helvetica, arial, sans-serif; font-size: 14pt;\">Gabriel Carabajal declarou estar muito feliz por estar chegando ao Santos.<\/span><\/p>\n<blockquote><p><span style=\"font-family: georgia, palatino, serif; font-size: 14pt;\"> \u201cQueria muito jogar no Santos Futebol Clube, e fiz todos os esfor\u00e7os necess\u00e1rios para vir. \u00c9 um clube gigante. Creio que dentro do gramado posso corresponder e agora vou desfrutar desse momento, afirmou o novo refor\u00e7o santista.<\/span><\/p><\/blockquote>\n<p>(Cr\u00e9dito: Imagem: Ivan Storti\/Divulga\u00e7\u00e3o\/Santos FC)<\/p>\n","protected":false},"excerpt":{"rendered":"<p>Al\u00f4 Na\u00e7\u00e3o Santista! Sauda\u00e7\u00f5es Alvinegras! A Diretoria do Santos anunciou oficialmente nesta sexta-feira, (12), a contrata\u00e7\u00e3o de mais um refor\u00e7o<\/p>\n","protected":false},"author":2,"featured_media":4276,"comment_status":"open","ping_status":"open","sticky":false,"template":"","format":"standard","meta":{"colormag_page_container_layout":"default_layout","colormag_page_sidebar_layout":"default_layout","_jetpack_memberships_contains_paid_content":false,"footnotes":""},"categories":[4,30],"tags":[6],"class_list":["post-4275","post","type-post","status-publish","format-standard","has-post-thumbnail","hentry","category-bastidores-do-santos-fc","category-contratacoes","tag-santos-fc"],"jetpack_featured_media_url":"https:\/\/i0.wp.com\/sergiobertoldi.com\/wp-content\/uploads\/2022\/08\/gabriel-carabajal-e-andres-rueda-12082022143843387.jpeg?fit=771%2C420&ssl=1","jetpack_likes_enabled":true,"jetpack_sharing_enabled":true,"_links":{"self":[{"href":"https:\/\/sergiobertoldi.com\/index.php\/wp-json\/wp\/v2\/posts\/4275","targetHints":{"allow":["GET"]}}],"collection":[{"href":"https:\/\/sergiobertoldi.com\/index.php\/wp-json\/wp\/v2\/posts"}],"about":[{"href":"https:\/\/sergiobertoldi.com\/index.php\/wp-json\/wp\/v2\/types\/post"}],"author":[{"embeddable":true,"href":"https:\/\/sergiobertoldi.com\/index.php\/wp-json\/wp\/v2\/users\/2"}],"replies":[{"embeddable":true,"href":"https:\/\/sergiobertoldi.com\/index.php\/wp-json\/wp\/v2\/comments?post=4275"}],"version-history":[{"count":5,"href":"https:\/\/sergiobertoldi.com\/index.php\/wp-json\/wp\/v2\/posts\/4275\/revisions"}],"predecessor-version":[{"id":4282,"href":"https:\/\/sergiobertoldi.com\/index.php\/wp-json\/wp\/v2\/posts\/4275\/revisions\/4282"}],"wp:featuredmedia":[{"embeddable":true,"href":"https:\/\/sergiobertoldi.com\/index.php\/wp-json\/wp\/v2\/media\/4276"}],"wp:attachment":[{"href":"https:\/\/sergiobertoldi.com\/index.php\/wp-json\/wp\/v2\/media?parent=4275"}],"wp:term":[{"taxonomy":"category","embeddable":true,"href":"https:\/\/sergiobertoldi.com\/index.php\/wp-json\/wp\/v2\/categories?post=4275"},{"taxonomy":"post_tag","embeddable":true,"href":"https:\/\/sergiobertoldi.com\/index.php\/wp-json\/wp\/v2\/tags?post=4275"}],"curies":[{"name":"wp","href":"https:\/\/api.w.org\/{rel}","templated":true}]}}